{"id":25391,"date":"2015-02-11T15:12:54","date_gmt":"2015-02-11T17:12:54","guid":{"rendered":"http:\/\/alianzanacional.com.uy\/web\/?p=25391"},"modified":"2015-02-11T15:34:00","modified_gmt":"2015-02-11T17:34:00","slug":"jovenes-de-alianza-realizan-campamento-y-homenaje-a-wilson","status":"publish","type":"post","link":"https:\/\/alianzanacional.com.uy\/web\/jovenes-de-alianza-realizan-campamento-y-homenaje-a-wilson\/","title":{"rendered":"J\u00f3venes de Alianza realizan campamento y homenaje a Wilson"},"content":{"rendered":"<p><a href=\"https:\/\/alianzanacional.com.uy\/web\/wp-content\/uploads\/2015\/02\/campamento-volante.jpg\"><img fetchpriority=\"high\" decoding=\"async\" src=\"https:\/\/alianzanacional.com.uy\/web\/wp-content\/uploads\/2015\/02\/campamento-volante-700x393.jpg\" alt=\"campamento-volante\" width=\"700\" height=\"393\" class=\"alignnone size-large wp-image-25392\" srcset=\"https:\/\/alianzanacional.com.uy\/web\/wp-content\/uploads\/2015\/02\/campamento-volante-700x393.jpg 700w, https:\/\/alianzanacional.com.uy\/web\/wp-content\/uploads\/2015\/02\/campamento-volante-400x225.jpg 400w, https:\/\/alianzanacional.com.uy\/web\/wp-content\/uploads\/2015\/02\/campamento-volante-212x120.jpg 212w, https:\/\/alianzanacional.com.uy\/web\/wp-content\/uploads\/2015\/02\/campamento-volante.jpg 1892w\" sizes=\"(max-width: 700px) 100vw, 700px\" \/><\/a><\/p>\n<p>El fin de semana del 14 y 15 de marzo se realizar\u00e1 en Kiy\u00fa, departamento de San Jos\u00e9, el campamento de los j\u00f3venes de Alianza Nacional. El d\u00eda 15 se realizar\u00e1 un homenaje a la figura de Wilson Ferreira Aldunate al cumplirse un nuevo aniversario de su desaparici\u00f3n f\u00edsica. En Kiy\u00fa se realiz\u00f3 en 1987 un m\u00edtico campamento de la Juventud de Por La Patria, el sector liderado por el caudillo blanco.<\/p>\n<p>\u201cEs importante la participaci\u00f3n de los j\u00f3venes, no solamente en lo que significa la campa\u00f1a pol\u00edtica sino al nivel de las ideas y formaci\u00f3n\u201d dijo Cecilia Sena, Secretaria General de la Juventud de Alianza Nacional.<br \/>\nDestac\u00f3 asimismo la importancia de la militancia para abordar las necesidades de la juventud al decir: \u201cNosotros tenemos la obligaci\u00f3n de representar a los j\u00f3venes sin importar a qu\u00e9 partido votan. Asumimos el compromiso de trabajar con todas las realidades que hoy enfrentan los j\u00f3venes. Queremos dar respuesta a todas las necesidades, que sabemos que son muchas. El acceso a la vivienda, el empleo juvenil, la educaci\u00f3n que muchas veces se vuelve un obst\u00e1culo en el interior. Vamos a exigir soluciones, sabemos que la mayor\u00eda de ellas dependen del gobierno, pero entendemos necesario poner en agenda esos problemas\u201d.<br \/>\nSomos \u201cuna juventud orgullosamente blanca y vamos a destacar nuestras ideas y valores como blancos, wilsonistas y larra\u00f1aguistas\u201d.<\/p>\n<p>El campamento ser\u00e1 una instancia no s\u00f3lo de confraternizaci\u00f3n sino de formaci\u00f3n pol\u00edtica, con talleres y charlas con referentes de todo el pa\u00eds.<\/p>\n<p>\u201cSabemos que, como dice Jorge, el poder genera obligaciones, queremos ser protagonistas porque sentimos que podemos aportar y estamos convencidos, que lo mejor est\u00e1 por venir\u201d, concluy\u00f3. <\/p>\n","protected":false},"excerpt":{"rendered":"<p>El fin de semana del 14 y 15 de marzo se realizar\u00e1 en Kiy\u00fa, departamento de San Jos\u00e9, el campamento de los j\u00f3venes de Alianza Nacional. El d\u00eda 15 se realizar\u00e1 un homenaje a la figura de Wilson Ferreira Aldunate al cumplirse un nuevo aniversario de su desaparici\u00f3n f\u00edsica. En Kiy\u00fa se realiz\u00f3 en 1987 [&hellip;]<\/p>\n","protected":false},"author":1,"featured_media":25392,"comment_status":"open","ping_status":"open","sticky":false,"template":"","format":"standard","meta":{"footnotes":""},"categories":[4,16],"tags":[],"class_list":["post-25391","post","type-post","status-publish","format-standard","has-post-thumbnail","hentry","category-agenda","category-noticias"],"_links":{"self":[{"href":"https:\/\/alianzanacional.com.uy\/web\/wp-json\/wp\/v2\/posts\/25391","targetHints":{"allow":["GET"]}}],"collection":[{"href":"https:\/\/alianzanacional.com.uy\/web\/wp-json\/wp\/v2\/posts"}],"about":[{"href":"https:\/\/alianzanacional.com.uy\/web\/wp-json\/wp\/v2\/types\/post"}],"author":[{"embeddable":true,"href":"https:\/\/alianzanacional.com.uy\/web\/wp-json\/wp\/v2\/users\/1"}],"replies":[{"embeddable":true,"href":"https:\/\/alianzanacional.com.uy\/web\/wp-json\/wp\/v2\/comments?post=25391"}],"version-history":[{"count":1,"href":"https:\/\/alianzanacional.com.uy\/web\/wp-json\/wp\/v2\/posts\/25391\/revisions"}],"predecessor-version":[{"id":25393,"href":"https:\/\/alianzanacional.com.uy\/web\/wp-json\/wp\/v2\/posts\/25391\/revisions\/25393"}],"wp:featuredmedia":[{"embeddable":true,"href":"https:\/\/alianzanacional.com.uy\/web\/wp-json\/wp\/v2\/media\/25392"}],"wp:attachment":[{"href":"https:\/\/alianzanacional.com.uy\/web\/wp-json\/wp\/v2\/media?parent=25391"}],"wp:term":[{"taxonomy":"category","embeddable":true,"href":"https:\/\/alianzanacional.com.uy\/web\/wp-json\/wp\/v2\/categories?post=25391"},{"taxonomy":"post_tag","embeddable":true,"href":"https:\/\/alianzanacional.com.uy\/web\/wp-json\/wp\/v2\/tags?post=25391"}],"curies":[{"name":"wp","href":"https:\/\/api.w.org\/{rel}","templated":true}]}}