{"id":25555,"date":"2015-04-17T12:37:57","date_gmt":"2015-04-17T14:37:57","guid":{"rendered":"http:\/\/alianzanacional.com.uy\/web\/?p=25555"},"modified":"2015-04-17T12:54:40","modified_gmt":"2015-04-17T14:54:40","slug":"larranaga-en-artigas-junto-a-pablo-caram-y-mario-ayala","status":"publish","type":"post","link":"https:\/\/alianzanacional.com.uy\/web\/larranaga-en-artigas-junto-a-pablo-caram-y-mario-ayala\/","title":{"rendered":"Larra\u00f1aga en Artigas junto a Pablo Caram y Mario Ayala"},"content":{"rendered":"<p>El senador y l\u00edder de Alianza Nacional, Jorge Larra\u00f1aga estar\u00e1 hoy, viernes 17 de abril, en el departamento de Artigas, junto al candidato a la Intendencia\u00a0por el Partido de Nacional, Pablo Caram y al diputado electo del departamento Mario Ayala.<\/p>\n<p>La actividad, organizada por la lista 22014, ser\u00e1 a partir de las 19:00 hrs. en el local partidario de la lista 2014, sito en Bernab\u00e9 Rivera esquina\u00a0Aparicio Saravia y adhieren a la convocatoria las 12 listas que apoyan a Pablo Caram en la instancia departamental.<\/p>\n<p><a href=\"https:\/\/alianzanacional.com.uy\/web\/wp-content\/uploads\/2015\/04\/VOLANTE-LARRA-Large.jpg\"><img fetchpriority=\"high\" decoding=\"async\" class=\"alignnone size-large wp-image-25556\" src=\"https:\/\/alianzanacional.com.uy\/web\/wp-content\/uploads\/2015\/04\/VOLANTE-LARRA-Large-700x394.jpg\" alt=\"VOLANTE-LARRA (Large)\" width=\"700\" height=\"394\" srcset=\"https:\/\/alianzanacional.com.uy\/web\/wp-content\/uploads\/2015\/04\/VOLANTE-LARRA-Large-700x394.jpg 700w, https:\/\/alianzanacional.com.uy\/web\/wp-content\/uploads\/2015\/04\/VOLANTE-LARRA-Large-400x225.jpg 400w, https:\/\/alianzanacional.com.uy\/web\/wp-content\/uploads\/2015\/04\/VOLANTE-LARRA-Large-212x120.jpg 212w, https:\/\/alianzanacional.com.uy\/web\/wp-content\/uploads\/2015\/04\/VOLANTE-LARRA-Large.jpg 1920w\" sizes=\"(max-width: 700px) 100vw, 700px\" \/><\/a><\/p>\n","protected":false},"excerpt":{"rendered":"<p>El senador y l\u00edder de Alianza Nacional, Jorge Larra\u00f1aga estar\u00e1 hoy, viernes 17 de abril, en el departamento de Artigas, junto al candidato a la Intendencia\u00a0por el Partido de Nacional, Pablo Caram y al diputado electo del departamento Mario Ayala. La actividad, organizada por la lista 22014, ser\u00e1 a partir de las 19:00 hrs. en [&hellip;]<\/p>\n","protected":false},"author":1,"featured_media":0,"comment_status":"open","ping_status":"open","sticky":false,"template":"","format":"standard","meta":{"footnotes":""},"categories":[4],"tags":[],"class_list":["post-25555","post","type-post","status-publish","format-standard","hentry","category-agenda"],"_links":{"self":[{"href":"https:\/\/alianzanacional.com.uy\/web\/wp-json\/wp\/v2\/posts\/25555","targetHints":{"allow":["GET"]}}],"collection":[{"href":"https:\/\/alianzanacional.com.uy\/web\/wp-json\/wp\/v2\/posts"}],"about":[{"href":"https:\/\/alianzanacional.com.uy\/web\/wp-json\/wp\/v2\/types\/post"}],"author":[{"embeddable":true,"href":"https:\/\/alianzanacional.com.uy\/web\/wp-json\/wp\/v2\/users\/1"}],"replies":[{"embeddable":true,"href":"https:\/\/alianzanacional.com.uy\/web\/wp-json\/wp\/v2\/comments?post=25555"}],"version-history":[{"count":3,"href":"https:\/\/alianzanacional.com.uy\/web\/wp-json\/wp\/v2\/posts\/25555\/revisions"}],"predecessor-version":[{"id":25574,"href":"https:\/\/alianzanacional.com.uy\/web\/wp-json\/wp\/v2\/posts\/25555\/revisions\/25574"}],"wp:attachment":[{"href":"https:\/\/alianzanacional.com.uy\/web\/wp-json\/wp\/v2\/media?parent=25555"}],"wp:term":[{"taxonomy":"category","embeddable":true,"href":"https:\/\/alianzanacional.com.uy\/web\/wp-json\/wp\/v2\/categories?post=25555"},{"taxonomy":"post_tag","embeddable":true,"href":"https:\/\/alianzanacional.com.uy\/web\/wp-json\/wp\/v2\/tags?post=25555"}],"curies":[{"name":"wp","href":"https:\/\/api.w.org\/{rel}","templated":true}]}}