{"id":25605,"date":"2015-04-26T08:27:10","date_gmt":"2015-04-26T10:27:10","guid":{"rendered":"http:\/\/alianzanacional.com.uy\/web\/?p=25605"},"modified":"2015-04-26T11:40:28","modified_gmt":"2015-04-26T13:40:28","slug":"galeria-jorge-larranaga-en-paysandu-junto-a-los-candidatos-del-partido-nacional","status":"publish","type":"post","link":"https:\/\/alianzanacional.com.uy\/web\/galeria-jorge-larranaga-en-paysandu-junto-a-los-candidatos-del-partido-nacional\/","title":{"rendered":"GALER\u00cdA | Jorge Larra\u00f1aga en Paysand\u00fa junto a los candidatos del Partido Nacional"},"content":{"rendered":"<div id='gallery-1' class='gallery galleryid-25605 gallery-columns-3 gallery-size-thumbnail'><figure class='gallery-item'>\n\t\t\t<div class='gallery-icon landscape'>\n\t\t\t\t<a href='https:\/\/alianzanacional.com.uy\/web\/galeria-jorge-larranaga-en-paysandu-junto-a-los-candidatos-del-partido-nacional\/dsc_0607w-large\/'><img decoding=\"async\" width=\"150\" height=\"150\" src=\"https:\/\/alianzanacional.com.uy\/web\/wp-content\/uploads\/2015\/04\/DSC_0607w-Large-150x150.jpg\" class=\"attachment-thumbnail size-thumbnail\" alt=\"\" srcset=\"https:\/\/alianzanacional.com.uy\/web\/wp-content\/uploads\/2015\/04\/DSC_0607w-Large-150x150.jpg 150w, https:\/\/alianzanacional.com.uy\/web\/wp-content\/uploads\/2015\/04\/DSC_0607w-Large-90x90.jpg 90w, https:\/\/alianzanacional.com.uy\/web\/wp-content\/uploads\/2015\/04\/DSC_0607w-Large-60x60.jpg 60w, https:\/\/alianzanacional.com.uy\/web\/wp-content\/uploads\/2015\/04\/DSC_0607w-Large-100x100.jpg 100w\" sizes=\"(max-width: 150px) 100vw, 150px\" \/><\/a>\n\t\t\t<\/div><\/figure><figure class='gallery-item'>\n\t\t\t<div class='gallery-icon landscape'>\n\t\t\t\t<a href='https:\/\/alianzanacional.com.uy\/web\/galeria-jorge-larranaga-en-paysandu-junto-a-los-candidatos-del-partido-nacional\/dsc_0607-large\/'><img decoding=\"async\" width=\"150\" height=\"150\" src=\"https:\/\/alianzanacional.com.uy\/web\/wp-content\/uploads\/2015\/04\/DSC_0607-Large-150x150.jpg\" class=\"attachment-thumbnail size-thumbnail\" alt=\"\" srcset=\"https:\/\/alianzanacional.com.uy\/web\/wp-content\/uploads\/2015\/04\/DSC_0607-Large-150x150.jpg 150w, https:\/\/alianzanacional.com.uy\/web\/wp-content\/uploads\/2015\/04\/DSC_0607-Large-90x90.jpg 90w, https:\/\/alianzanacional.com.uy\/web\/wp-content\/uploads\/2015\/04\/DSC_0607-Large-60x60.jpg 60w, https:\/\/alianzanacional.com.uy\/web\/wp-content\/uploads\/2015\/04\/DSC_0607-Large-100x100.jpg 100w\" sizes=\"(max-width: 150px) 100vw, 150px\" \/><\/a>\n\t\t\t<\/div><\/figure><figure class='gallery-item'>\n\t\t\t<div class='gallery-icon landscape'>\n\t\t\t\t<a href='https:\/\/alianzanacional.com.uy\/web\/galeria-jorge-larranaga-en-paysandu-junto-a-los-candidatos-del-partido-nacional\/dsc_0296-large\/'><img decoding=\"async\" width=\"150\" height=\"150\" src=\"https:\/\/alianzanacional.com.uy\/web\/wp-content\/uploads\/2015\/04\/DSC_0296-Large-150x150.jpg\" class=\"attachment-thumbnail size-thumbnail\" alt=\"\" srcset=\"https:\/\/alianzanacional.com.uy\/web\/wp-content\/uploads\/2015\/04\/DSC_0296-Large-150x150.jpg 150w, https:\/\/alianzanacional.com.uy\/web\/wp-content\/uploads\/2015\/04\/DSC_0296-Large-90x90.jpg 90w, https:\/\/alianzanacional.com.uy\/web\/wp-content\/uploads\/2015\/04\/DSC_0296-Large-60x60.jpg 60w, https:\/\/alianzanacional.com.uy\/web\/wp-content\/uploads\/2015\/04\/DSC_0296-Large-100x100.jpg 100w\" sizes=\"(max-width: 150px) 100vw, 150px\" \/><\/a>\n\t\t\t<\/div><\/figure><figure class='gallery-item'>\n\t\t\t<div class='gallery-icon landscape'>\n\t\t\t\t<a href='https:\/\/alianzanacional.com.uy\/web\/galeria-jorge-larranaga-en-paysandu-junto-a-los-candidatos-del-partido-nacional\/dsc_0423-large\/'><img loading=\"lazy\" decoding=\"async\" width=\"150\" height=\"150\" src=\"https:\/\/alianzanacional.com.uy\/web\/wp-content\/uploads\/2015\/04\/DSC_0423-Large-150x150.jpg\" class=\"attachment-thumbnail size-thumbnail\" alt=\"\" srcset=\"https:\/\/alianzanacional.com.uy\/web\/wp-content\/uploads\/2015\/04\/DSC_0423-Large-150x150.jpg 150w, https:\/\/alianzanacional.com.uy\/web\/wp-content\/uploads\/2015\/04\/DSC_0423-Large-90x90.jpg 90w, https:\/\/alianzanacional.com.uy\/web\/wp-content\/uploads\/2015\/04\/DSC_0423-Large-60x60.jpg 60w, https:\/\/alianzanacional.com.uy\/web\/wp-content\/uploads\/2015\/04\/DSC_0423-Large-100x100.jpg 100w\" sizes=\"(max-width: 150px) 100vw, 150px\" \/><\/a>\n\t\t\t<\/div><\/figure><figure class='gallery-item'>\n\t\t\t<div class='gallery-icon landscape'>\n\t\t\t\t<a href='https:\/\/alianzanacional.com.uy\/web\/galeria-jorge-larranaga-en-paysandu-junto-a-los-candidatos-del-partido-nacional\/dsc_0139-large\/'><img loading=\"lazy\" decoding=\"async\" width=\"150\" height=\"150\" src=\"https:\/\/alianzanacional.com.uy\/web\/wp-content\/uploads\/2015\/04\/DSC_0139-Large-150x150.jpg\" class=\"attachment-thumbnail size-thumbnail\" alt=\"\" srcset=\"https:\/\/alianzanacional.com.uy\/web\/wp-content\/uploads\/2015\/04\/DSC_0139-Large-150x150.jpg 150w, https:\/\/alianzanacional.com.uy\/web\/wp-content\/uploads\/2015\/04\/DSC_0139-Large-90x90.jpg 90w, https:\/\/alianzanacional.com.uy\/web\/wp-content\/uploads\/2015\/04\/DSC_0139-Large-60x60.jpg 60w, https:\/\/alianzanacional.com.uy\/web\/wp-content\/uploads\/2015\/04\/DSC_0139-Large-100x100.jpg 100w\" sizes=\"(max-width: 150px) 100vw, 150px\" \/><\/a>\n\t\t\t<\/div><\/figure><figure class='gallery-item'>\n\t\t\t<div class='gallery-icon landscape'>\n\t\t\t\t<a href='https:\/\/alianzanacional.com.uy\/web\/galeria-jorge-larranaga-en-paysandu-junto-a-los-candidatos-del-partido-nacional\/dsc_0254-large\/'><img loading=\"lazy\" decoding=\"async\" width=\"150\" height=\"150\" src=\"https:\/\/alianzanacional.com.uy\/web\/wp-content\/uploads\/2015\/04\/DSC_0254-Large-150x150.jpg\" class=\"attachment-thumbnail size-thumbnail\" alt=\"\" srcset=\"https:\/\/alianzanacional.com.uy\/web\/wp-content\/uploads\/2015\/04\/DSC_0254-Large-150x150.jpg 150w, https:\/\/alianzanacional.com.uy\/web\/wp-content\/uploads\/2015\/04\/DSC_0254-Large-90x90.jpg 90w, https:\/\/alianzanacional.com.uy\/web\/wp-content\/uploads\/2015\/04\/DSC_0254-Large-60x60.jpg 60w, https:\/\/alianzanacional.com.uy\/web\/wp-content\/uploads\/2015\/04\/DSC_0254-Large-100x100.jpg 100w\" sizes=\"(max-width: 150px) 100vw, 150px\" \/><\/a>\n\t\t\t<\/div><\/figure><figure class='gallery-item'>\n\t\t\t<div class='gallery-icon landscape'>\n\t\t\t\t<a href='https:\/\/alianzanacional.com.uy\/web\/galeria-jorge-larranaga-en-paysandu-junto-a-los-candidatos-del-partido-nacional\/dsc_0327-2-large\/'><img loading=\"lazy\" decoding=\"async\" width=\"150\" height=\"150\" src=\"https:\/\/alianzanacional.com.uy\/web\/wp-content\/uploads\/2015\/04\/DSC_0327-2-Large-150x150.jpg\" class=\"attachment-thumbnail size-thumbnail\" alt=\"\" srcset=\"https:\/\/alianzanacional.com.uy\/web\/wp-content\/uploads\/2015\/04\/DSC_0327-2-Large-150x150.jpg 150w, https:\/\/alianzanacional.com.uy\/web\/wp-content\/uploads\/2015\/04\/DSC_0327-2-Large-90x90.jpg 90w, https:\/\/alianzanacional.com.uy\/web\/wp-content\/uploads\/2015\/04\/DSC_0327-2-Large-60x60.jpg 60w, https:\/\/alianzanacional.com.uy\/web\/wp-content\/uploads\/2015\/04\/DSC_0327-2-Large-100x100.jpg 100w\" sizes=\"(max-width: 150px) 100vw, 150px\" \/><\/a>\n\t\t\t<\/div><\/figure><figure class='gallery-item'>\n\t\t\t<div class='gallery-icon landscape'>\n\t\t\t\t<a href='https:\/\/alianzanacional.com.uy\/web\/galeria-jorge-larranaga-en-paysandu-junto-a-los-candidatos-del-partido-nacional\/dsc_0198-2-large\/'><img loading=\"lazy\" decoding=\"async\" width=\"150\" height=\"150\" src=\"https:\/\/alianzanacional.com.uy\/web\/wp-content\/uploads\/2015\/04\/DSC_0198-2-Large-150x150.jpg\" class=\"attachment-thumbnail size-thumbnail\" alt=\"\" srcset=\"https:\/\/alianzanacional.com.uy\/web\/wp-content\/uploads\/2015\/04\/DSC_0198-2-Large-150x150.jpg 150w, https:\/\/alianzanacional.com.uy\/web\/wp-content\/uploads\/2015\/04\/DSC_0198-2-Large-90x90.jpg 90w, https:\/\/alianzanacional.com.uy\/web\/wp-content\/uploads\/2015\/04\/DSC_0198-2-Large-60x60.jpg 60w, https:\/\/alianzanacional.com.uy\/web\/wp-content\/uploads\/2015\/04\/DSC_0198-2-Large-100x100.jpg 100w\" sizes=\"(max-width: 150px) 100vw, 150px\" \/><\/a>\n\t\t\t<\/div><\/figure><figure class='gallery-item'>\n\t\t\t<div class='gallery-icon landscape'>\n\t\t\t\t<a href='https:\/\/alianzanacional.com.uy\/web\/galeria-jorge-larranaga-en-paysandu-junto-a-los-candidatos-del-partido-nacional\/dsc_0626-large\/'><img loading=\"lazy\" decoding=\"async\" width=\"150\" height=\"150\" src=\"https:\/\/alianzanacional.com.uy\/web\/wp-content\/uploads\/2015\/04\/DSC_0626-Large-150x150.jpg\" class=\"attachment-thumbnail size-thumbnail\" alt=\"\" srcset=\"https:\/\/alianzanacional.com.uy\/web\/wp-content\/uploads\/2015\/04\/DSC_0626-Large-150x150.jpg 150w, https:\/\/alianzanacional.com.uy\/web\/wp-content\/uploads\/2015\/04\/DSC_0626-Large-90x90.jpg 90w, https:\/\/alianzanacional.com.uy\/web\/wp-content\/uploads\/2015\/04\/DSC_0626-Large-60x60.jpg 60w, https:\/\/alianzanacional.com.uy\/web\/wp-content\/uploads\/2015\/04\/DSC_0626-Large-100x100.jpg 100w\" sizes=\"(max-width: 150px) 100vw, 150px\" \/><\/a>\n\t\t\t<\/div><\/figure><figure class='gallery-item'>\n\t\t\t<div class='gallery-icon landscape'>\n\t\t\t\t<a href='https:\/\/alianzanacional.com.uy\/web\/galeria-jorge-larranaga-en-paysandu-junto-a-los-candidatos-del-partido-nacional\/dsc_0091-large\/'><img loading=\"lazy\" decoding=\"async\" width=\"150\" height=\"150\" src=\"https:\/\/alianzanacional.com.uy\/web\/wp-content\/uploads\/2015\/04\/DSC_0091-Large-150x150.jpg\" class=\"attachment-thumbnail size-thumbnail\" alt=\"\" srcset=\"https:\/\/alianzanacional.com.uy\/web\/wp-content\/uploads\/2015\/04\/DSC_0091-Large-150x150.jpg 150w, https:\/\/alianzanacional.com.uy\/web\/wp-content\/uploads\/2015\/04\/DSC_0091-Large-90x90.jpg 90w, https:\/\/alianzanacional.com.uy\/web\/wp-content\/uploads\/2015\/04\/DSC_0091-Large-60x60.jpg 60w, https:\/\/alianzanacional.com.uy\/web\/wp-content\/uploads\/2015\/04\/DSC_0091-Large-100x100.jpg 100w\" sizes=\"(max-width: 150px) 100vw, 150px\" \/><\/a>\n\t\t\t<\/div><\/figure><figure class='gallery-item'>\n\t\t\t<div class='gallery-icon landscape'>\n\t\t\t\t<a href='https:\/\/alianzanacional.com.uy\/web\/galeria-jorge-larranaga-en-paysandu-junto-a-los-candidatos-del-partido-nacional\/dsc_0403-large\/'><img loading=\"lazy\" decoding=\"async\" width=\"150\" height=\"150\" src=\"https:\/\/alianzanacional.com.uy\/web\/wp-content\/uploads\/2015\/04\/DSC_0403-Large-150x150.jpg\" class=\"attachment-thumbnail size-thumbnail\" alt=\"\" srcset=\"https:\/\/alianzanacional.com.uy\/web\/wp-content\/uploads\/2015\/04\/DSC_0403-Large-150x150.jpg 150w, https:\/\/alianzanacional.com.uy\/web\/wp-content\/uploads\/2015\/04\/DSC_0403-Large-90x90.jpg 90w, https:\/\/alianzanacional.com.uy\/web\/wp-content\/uploads\/2015\/04\/DSC_0403-Large-60x60.jpg 60w, https:\/\/alianzanacional.com.uy\/web\/wp-content\/uploads\/2015\/04\/DSC_0403-Large-100x100.jpg 100w\" sizes=\"(max-width: 150px) 100vw, 150px\" \/><\/a>\n\t\t\t<\/div><\/figure><figure class='gallery-item'>\n\t\t\t<div class='gallery-icon landscape'>\n\t\t\t\t<a href='https:\/\/alianzanacional.com.uy\/web\/galeria-jorge-larranaga-en-paysandu-junto-a-los-candidatos-del-partido-nacional\/dsc_0758-large\/'><img loading=\"lazy\" decoding=\"async\" width=\"150\" height=\"150\" src=\"https:\/\/alianzanacional.com.uy\/web\/wp-content\/uploads\/2015\/04\/DSC_0758-Large-150x150.jpg\" class=\"attachment-thumbnail size-thumbnail\" alt=\"\" srcset=\"https:\/\/alianzanacional.com.uy\/web\/wp-content\/uploads\/2015\/04\/DSC_0758-Large-150x150.jpg 150w, https:\/\/alianzanacional.com.uy\/web\/wp-content\/uploads\/2015\/04\/DSC_0758-Large-90x90.jpg 90w, https:\/\/alianzanacional.com.uy\/web\/wp-content\/uploads\/2015\/04\/DSC_0758-Large-60x60.jpg 60w, https:\/\/alianzanacional.com.uy\/web\/wp-content\/uploads\/2015\/04\/DSC_0758-Large-100x100.jpg 100w\" sizes=\"(max-width: 150px) 100vw, 150px\" \/><\/a>\n\t\t\t<\/div><\/figure><figure class='gallery-item'>\n\t\t\t<div class='gallery-icon landscape'>\n\t\t\t\t<a href='https:\/\/alianzanacional.com.uy\/web\/galeria-jorge-larranaga-en-paysandu-junto-a-los-candidatos-del-partido-nacional\/dsc_0417-large\/'><img loading=\"lazy\" decoding=\"async\" width=\"150\" height=\"150\" src=\"https:\/\/alianzanacional.com.uy\/web\/wp-content\/uploads\/2015\/04\/DSC_0417-Large-150x150.jpg\" class=\"attachment-thumbnail size-thumbnail\" alt=\"\" srcset=\"https:\/\/alianzanacional.com.uy\/web\/wp-content\/uploads\/2015\/04\/DSC_0417-Large-150x150.jpg 150w, https:\/\/alianzanacional.com.uy\/web\/wp-content\/uploads\/2015\/04\/DSC_0417-Large-90x90.jpg 90w, https:\/\/alianzanacional.com.uy\/web\/wp-content\/uploads\/2015\/04\/DSC_0417-Large-60x60.jpg 60w, https:\/\/alianzanacional.com.uy\/web\/wp-content\/uploads\/2015\/04\/DSC_0417-Large-100x100.jpg 100w\" sizes=\"(max-width: 150px) 100vw, 150px\" \/><\/a>\n\t\t\t<\/div><\/figure><figure class='gallery-item'>\n\t\t\t<div class='gallery-icon landscape'>\n\t\t\t\t<a href='https:\/\/alianzanacional.com.uy\/web\/galeria-jorge-larranaga-en-paysandu-junto-a-los-candidatos-del-partido-nacional\/dsc_0163-large\/'><img loading=\"lazy\" decoding=\"async\" width=\"150\" height=\"150\" src=\"https:\/\/alianzanacional.com.uy\/web\/wp-content\/uploads\/2015\/04\/DSC_0163-Large-150x150.jpg\" class=\"attachment-thumbnail size-thumbnail\" alt=\"\" srcset=\"https:\/\/alianzanacional.com.uy\/web\/wp-content\/uploads\/2015\/04\/DSC_0163-Large-150x150.jpg 150w, https:\/\/alianzanacional.com.uy\/web\/wp-content\/uploads\/2015\/04\/DSC_0163-Large-90x90.jpg 90w, https:\/\/alianzanacional.com.uy\/web\/wp-content\/uploads\/2015\/04\/DSC_0163-Large-60x60.jpg 60w, https:\/\/alianzanacional.com.uy\/web\/wp-content\/uploads\/2015\/04\/DSC_0163-Large-100x100.jpg 100w\" sizes=\"(max-width: 150px) 100vw, 150px\" \/><\/a>\n\t\t\t<\/div><\/figure><figure class='gallery-item'>\n\t\t\t<div class='gallery-icon landscape'>\n\t\t\t\t<a href='https:\/\/alianzanacional.com.uy\/web\/galeria-jorge-larranaga-en-paysandu-junto-a-los-candidatos-del-partido-nacional\/dsc_0231-large\/'><img loading=\"lazy\" decoding=\"async\" width=\"150\" height=\"150\" src=\"https:\/\/alianzanacional.com.uy\/web\/wp-content\/uploads\/2015\/04\/DSC_0231-Large-150x150.jpg\" class=\"attachment-thumbnail size-thumbnail\" alt=\"\" srcset=\"https:\/\/alianzanacional.com.uy\/web\/wp-content\/uploads\/2015\/04\/DSC_0231-Large-150x150.jpg 150w, https:\/\/alianzanacional.com.uy\/web\/wp-content\/uploads\/2015\/04\/DSC_0231-Large-90x90.jpg 90w, https:\/\/alianzanacional.com.uy\/web\/wp-content\/uploads\/2015\/04\/DSC_0231-Large-60x60.jpg 60w, https:\/\/alianzanacional.com.uy\/web\/wp-content\/uploads\/2015\/04\/DSC_0231-Large-100x100.jpg 100w\" sizes=\"(max-width: 150px) 100vw, 150px\" \/><\/a>\n\t\t\t<\/div><\/figure><figure class='gallery-item'>\n\t\t\t<div class='gallery-icon landscape'>\n\t\t\t\t<a href='https:\/\/alianzanacional.com.uy\/web\/galeria-jorge-larranaga-en-paysandu-junto-a-los-candidatos-del-partido-nacional\/dsc_0318-large\/'><img loading=\"lazy\" decoding=\"async\" width=\"150\" height=\"150\" src=\"https:\/\/alianzanacional.com.uy\/web\/wp-content\/uploads\/2015\/04\/DSC_0318-Large-150x150.jpg\" class=\"attachment-thumbnail size-thumbnail\" alt=\"\" srcset=\"https:\/\/alianzanacional.com.uy\/web\/wp-content\/uploads\/2015\/04\/DSC_0318-Large-150x150.jpg 150w, https:\/\/alianzanacional.com.uy\/web\/wp-content\/uploads\/2015\/04\/DSC_0318-Large-90x90.jpg 90w, https:\/\/alianzanacional.com.uy\/web\/wp-content\/uploads\/2015\/04\/DSC_0318-Large-60x60.jpg 60w, https:\/\/alianzanacional.com.uy\/web\/wp-content\/uploads\/2015\/04\/DSC_0318-Large-100x100.jpg 100w\" sizes=\"(max-width: 150px) 100vw, 150px\" \/><\/a>\n\t\t\t<\/div><\/figure><figure class='gallery-item'>\n\t\t\t<div class='gallery-icon landscape'>\n\t\t\t\t<a href='https:\/\/alianzanacional.com.uy\/web\/galeria-jorge-larranaga-en-paysandu-junto-a-los-candidatos-del-partido-nacional\/dsc_06261-large\/'><img loading=\"lazy\" decoding=\"async\" width=\"150\" height=\"150\" src=\"https:\/\/alianzanacional.com.uy\/web\/wp-content\/uploads\/2015\/04\/DSC_06261-Large-150x150.jpg\" class=\"attachment-thumbnail size-thumbnail\" alt=\"\" srcset=\"https:\/\/alianzanacional.com.uy\/web\/wp-content\/uploads\/2015\/04\/DSC_06261-Large-150x150.jpg 150w, https:\/\/alianzanacional.com.uy\/web\/wp-content\/uploads\/2015\/04\/DSC_06261-Large-90x90.jpg 90w, https:\/\/alianzanacional.com.uy\/web\/wp-content\/uploads\/2015\/04\/DSC_06261-Large-60x60.jpg 60w, https:\/\/alianzanacional.com.uy\/web\/wp-content\/uploads\/2015\/04\/DSC_06261-Large-100x100.jpg 100w\" sizes=\"(max-width: 150px) 100vw, 150px\" \/><\/a>\n\t\t\t<\/div><\/figure><figure class='gallery-item'>\n\t\t\t<div class='gallery-icon landscape'>\n\t\t\t\t<a href='https:\/\/alianzanacional.com.uy\/web\/galeria-jorge-larranaga-en-paysandu-junto-a-los-candidatos-del-partido-nacional\/dsc_0652-large\/'><img loading=\"lazy\" decoding=\"async\" width=\"150\" height=\"150\" src=\"https:\/\/alianzanacional.com.uy\/web\/wp-content\/uploads\/2015\/04\/DSC_0652-Large-150x150.jpg\" class=\"attachment-thumbnail size-thumbnail\" alt=\"\" srcset=\"https:\/\/alianzanacional.com.uy\/web\/wp-content\/uploads\/2015\/04\/DSC_0652-Large-150x150.jpg 150w, https:\/\/alianzanacional.com.uy\/web\/wp-content\/uploads\/2015\/04\/DSC_0652-Large-90x90.jpg 90w, https:\/\/alianzanacional.com.uy\/web\/wp-content\/uploads\/2015\/04\/DSC_0652-Large-60x60.jpg 60w, https:\/\/alianzanacional.com.uy\/web\/wp-content\/uploads\/2015\/04\/DSC_0652-Large-100x100.jpg 100w\" sizes=\"(max-width: 150px) 100vw, 150px\" \/><\/a>\n\t\t\t<\/div><\/figure><figure class='gallery-item'>\n\t\t\t<div class='gallery-icon landscape'>\n\t\t\t\t<a href='https:\/\/alianzanacional.com.uy\/web\/galeria-jorge-larranaga-en-paysandu-junto-a-los-candidatos-del-partido-nacional\/dsc_0054-large\/'><img loading=\"lazy\" decoding=\"async\" width=\"150\" height=\"150\" src=\"https:\/\/alianzanacional.com.uy\/web\/wp-content\/uploads\/2015\/04\/DSC_0054-Large-150x150.jpg\" class=\"attachment-thumbnail size-thumbnail\" alt=\"\" srcset=\"https:\/\/alianzanacional.com.uy\/web\/wp-content\/uploads\/2015\/04\/DSC_0054-Large-150x150.jpg 150w, https:\/\/alianzanacional.com.uy\/web\/wp-content\/uploads\/2015\/04\/DSC_0054-Large-90x90.jpg 90w, https:\/\/alianzanacional.com.uy\/web\/wp-content\/uploads\/2015\/04\/DSC_0054-Large-60x60.jpg 60w, https:\/\/alianzanacional.com.uy\/web\/wp-content\/uploads\/2015\/04\/DSC_0054-Large-100x100.jpg 100w\" sizes=\"(max-width: 150px) 100vw, 150px\" \/><\/a>\n\t\t\t<\/div><\/figure><figure class='gallery-item'>\n\t\t\t<div class='gallery-icon landscape'>\n\t\t\t\t<a href='https:\/\/alianzanacional.com.uy\/web\/galeria-jorge-larranaga-en-paysandu-junto-a-los-candidatos-del-partido-nacional\/dsc_0644-large\/'><img loading=\"lazy\" decoding=\"async\" width=\"150\" height=\"150\" src=\"https:\/\/alianzanacional.com.uy\/web\/wp-content\/uploads\/2015\/04\/DSC_0644-Large-150x150.jpg\" class=\"attachment-thumbnail size-thumbnail\" alt=\"\" srcset=\"https:\/\/alianzanacional.com.uy\/web\/wp-content\/uploads\/2015\/04\/DSC_0644-Large-150x150.jpg 150w, https:\/\/alianzanacional.com.uy\/web\/wp-content\/uploads\/2015\/04\/DSC_0644-Large-90x90.jpg 90w, https:\/\/alianzanacional.com.uy\/web\/wp-content\/uploads\/2015\/04\/DSC_0644-Large-60x60.jpg 60w, https:\/\/alianzanacional.com.uy\/web\/wp-content\/uploads\/2015\/04\/DSC_0644-Large-100x100.jpg 100w\" sizes=\"(max-width: 150px) 100vw, 150px\" \/><\/a>\n\t\t\t<\/div><\/figure><figure class='gallery-item'>\n\t\t\t<div class='gallery-icon landscape'>\n\t\t\t\t<a href='https:\/\/alianzanacional.com.uy\/web\/galeria-jorge-larranaga-en-paysandu-junto-a-los-candidatos-del-partido-nacional\/dsc_0754-large\/'><img loading=\"lazy\" decoding=\"async\" width=\"150\" height=\"150\" src=\"https:\/\/alianzanacional.com.uy\/web\/wp-content\/uploads\/2015\/04\/DSC_0754-Large-150x150.jpg\" class=\"attachment-thumbnail size-thumbnail\" alt=\"\" srcset=\"https:\/\/alianzanacional.com.uy\/web\/wp-content\/uploads\/2015\/04\/DSC_0754-Large-150x150.jpg 150w, https:\/\/alianzanacional.com.uy\/web\/wp-content\/uploads\/2015\/04\/DSC_0754-Large-90x90.jpg 90w, https:\/\/alianzanacional.com.uy\/web\/wp-content\/uploads\/2015\/04\/DSC_0754-Large-60x60.jpg 60w, https:\/\/alianzanacional.com.uy\/web\/wp-content\/uploads\/2015\/04\/DSC_0754-Large-100x100.jpg 100w\" sizes=\"(max-width: 150px) 100vw, 150px\" \/><\/a>\n\t\t\t<\/div><\/figure><figure class='gallery-item'>\n\t\t\t<div class='gallery-icon landscape'>\n\t\t\t\t<a href='https:\/\/alianzanacional.com.uy\/web\/galeria-jorge-larranaga-en-paysandu-junto-a-los-candidatos-del-partido-nacional\/dsc_0063-large\/'><img loading=\"lazy\" decoding=\"async\" width=\"150\" height=\"150\" src=\"https:\/\/alianzanacional.com.uy\/web\/wp-content\/uploads\/2015\/04\/DSC_0063-Large-150x150.jpg\" class=\"attachment-thumbnail size-thumbnail\" alt=\"\" srcset=\"https:\/\/alianzanacional.com.uy\/web\/wp-content\/uploads\/2015\/04\/DSC_0063-Large-150x150.jpg 150w, https:\/\/alianzanacional.com.uy\/web\/wp-content\/uploads\/2015\/04\/DSC_0063-Large-90x90.jpg 90w, https:\/\/alianzanacional.com.uy\/web\/wp-content\/uploads\/2015\/04\/DSC_0063-Large-60x60.jpg 60w, https:\/\/alianzanacional.com.uy\/web\/wp-content\/uploads\/2015\/04\/DSC_0063-Large-100x100.jpg 100w\" sizes=\"(max-width: 150px) 100vw, 150px\" \/><\/a>\n\t\t\t<\/div><\/figure><figure class='gallery-item'>\n\t\t\t<div class='gallery-icon landscape'>\n\t\t\t\t<a href='https:\/\/alianzanacional.com.uy\/web\/galeria-jorge-larranaga-en-paysandu-junto-a-los-candidatos-del-partido-nacional\/dsc_0259-large\/'><img loading=\"lazy\" decoding=\"async\" width=\"150\" height=\"150\" src=\"https:\/\/alianzanacional.com.uy\/web\/wp-content\/uploads\/2015\/04\/DSC_0259-Large-150x150.jpg\" class=\"attachment-thumbnail size-thumbnail\" alt=\"\" srcset=\"https:\/\/alianzanacional.com.uy\/web\/wp-content\/uploads\/2015\/04\/DSC_0259-Large-150x150.jpg 150w, https:\/\/alianzanacional.com.uy\/web\/wp-content\/uploads\/2015\/04\/DSC_0259-Large-90x90.jpg 90w, https:\/\/alianzanacional.com.uy\/web\/wp-content\/uploads\/2015\/04\/DSC_0259-Large-60x60.jpg 60w, https:\/\/alianzanacional.com.uy\/web\/wp-content\/uploads\/2015\/04\/DSC_0259-Large-100x100.jpg 100w\" sizes=\"(max-width: 150px) 100vw, 150px\" \/><\/a>\n\t\t\t<\/div><\/figure><figure class='gallery-item'>\n\t\t\t<div class='gallery-icon landscape'>\n\t\t\t\t<a href='https:\/\/alianzanacional.com.uy\/web\/galeria-jorge-larranaga-en-paysandu-junto-a-los-candidatos-del-partido-nacional\/dsc_0470-large\/'><img loading=\"lazy\" decoding=\"async\" width=\"150\" height=\"150\" src=\"https:\/\/alianzanacional.com.uy\/web\/wp-content\/uploads\/2015\/04\/DSC_0470-Large-150x150.jpg\" class=\"attachment-thumbnail size-thumbnail\" alt=\"\" srcset=\"https:\/\/alianzanacional.com.uy\/web\/wp-content\/uploads\/2015\/04\/DSC_0470-Large-150x150.jpg 150w, https:\/\/alianzanacional.com.uy\/web\/wp-content\/uploads\/2015\/04\/DSC_0470-Large-90x90.jpg 90w, https:\/\/alianzanacional.com.uy\/web\/wp-content\/uploads\/2015\/04\/DSC_0470-Large-60x60.jpg 60w, https:\/\/alianzanacional.com.uy\/web\/wp-content\/uploads\/2015\/04\/DSC_0470-Large-100x100.jpg 100w\" sizes=\"(max-width: 150px) 100vw, 150px\" \/><\/a>\n\t\t\t<\/div><\/figure><figure class='gallery-item'>\n\t\t\t<div class='gallery-icon landscape'>\n\t\t\t\t<a href='https:\/\/alianzanacional.com.uy\/web\/galeria-jorge-larranaga-en-paysandu-junto-a-los-candidatos-del-partido-nacional\/dsc_0391-large\/'><img loading=\"lazy\" decoding=\"async\" width=\"150\" height=\"150\" src=\"https:\/\/alianzanacional.com.uy\/web\/wp-content\/uploads\/2015\/04\/DSC_0391-Large-150x150.jpg\" class=\"attachment-thumbnail size-thumbnail\" alt=\"\" srcset=\"https:\/\/alianzanacional.com.uy\/web\/wp-content\/uploads\/2015\/04\/DSC_0391-Large-150x150.jpg 150w, https:\/\/alianzanacional.com.uy\/web\/wp-content\/uploads\/2015\/04\/DSC_0391-Large-90x90.jpg 90w, https:\/\/alianzanacional.com.uy\/web\/wp-content\/uploads\/2015\/04\/DSC_0391-Large-60x60.jpg 60w, https:\/\/alianzanacional.com.uy\/web\/wp-content\/uploads\/2015\/04\/DSC_0391-Large-100x100.jpg 100w\" sizes=\"(max-width: 150px) 100vw, 150px\" \/><\/a>\n\t\t\t<\/div><\/figure><figure class='gallery-item'>\n\t\t\t<div class='gallery-icon landscape'>\n\t\t\t\t<a href='https:\/\/alianzanacional.com.uy\/web\/galeria-jorge-larranaga-en-paysandu-junto-a-los-candidatos-del-partido-nacional\/dsc_0380-large\/'><img loading=\"lazy\" decoding=\"async\" width=\"150\" height=\"150\" src=\"https:\/\/alianzanacional.com.uy\/web\/wp-content\/uploads\/2015\/04\/DSC_0380-Large-150x150.jpg\" class=\"attachment-thumbnail size-thumbnail\" alt=\"\" srcset=\"https:\/\/alianzanacional.com.uy\/web\/wp-content\/uploads\/2015\/04\/DSC_0380-Large-150x150.jpg 150w, https:\/\/alianzanacional.com.uy\/web\/wp-content\/uploads\/2015\/04\/DSC_0380-Large-90x90.jpg 90w, https:\/\/alianzanacional.com.uy\/web\/wp-content\/uploads\/2015\/04\/DSC_0380-Large-60x60.jpg 60w, https:\/\/alianzanacional.com.uy\/web\/wp-content\/uploads\/2015\/04\/DSC_0380-Large-100x100.jpg 100w\" sizes=\"(max-width: 150px) 100vw, 150px\" \/><\/a>\n\t\t\t<\/div><\/figure><figure class='gallery-item'>\n\t\t\t<div class='gallery-icon landscape'>\n\t\t\t\t<a href='https:\/\/alianzanacional.com.uy\/web\/galeria-jorge-larranaga-en-paysandu-junto-a-los-candidatos-del-partido-nacional\/dsc_0366-2-large\/'><img loading=\"lazy\" decoding=\"async\" width=\"150\" height=\"150\" src=\"https:\/\/alianzanacional.com.uy\/web\/wp-content\/uploads\/2015\/04\/DSC_0366-2-Large-150x150.jpg\" class=\"attachment-thumbnail size-thumbnail\" alt=\"\" srcset=\"https:\/\/alianzanacional.com.uy\/web\/wp-content\/uploads\/2015\/04\/DSC_0366-2-Large-150x150.jpg 150w, https:\/\/alianzanacional.com.uy\/web\/wp-content\/uploads\/2015\/04\/DSC_0366-2-Large-90x90.jpg 90w, https:\/\/alianzanacional.com.uy\/web\/wp-content\/uploads\/2015\/04\/DSC_0366-2-Large-60x60.jpg 60w, https:\/\/alianzanacional.com.uy\/web\/wp-content\/uploads\/2015\/04\/DSC_0366-2-Large-100x100.jpg 100w\" sizes=\"(max-width: 150px) 100vw, 150px\" \/><\/a>\n\t\t\t<\/div><\/figure><figure class='gallery-item'>\n\t\t\t<div class='gallery-icon landscape'>\n\t\t\t\t<a href='https:\/\/alianzanacional.com.uy\/web\/galeria-jorge-larranaga-en-paysandu-junto-a-los-candidatos-del-partido-nacional\/dsc_0583-large\/'><img loading=\"lazy\" decoding=\"async\" width=\"150\" height=\"150\" src=\"https:\/\/alianzanacional.com.uy\/web\/wp-content\/uploads\/2015\/04\/DSC_0583-Large-150x150.jpg\" class=\"attachment-thumbnail size-thumbnail\" alt=\"\" srcset=\"https:\/\/alianzanacional.com.uy\/web\/wp-content\/uploads\/2015\/04\/DSC_0583-Large-150x150.jpg 150w, https:\/\/alianzanacional.com.uy\/web\/wp-content\/uploads\/2015\/04\/DSC_0583-Large-90x90.jpg 90w, https:\/\/alianzanacional.com.uy\/web\/wp-content\/uploads\/2015\/04\/DSC_0583-Large-60x60.jpg 60w, https:\/\/alianzanacional.com.uy\/web\/wp-content\/uploads\/2015\/04\/DSC_0583-Large-100x100.jpg 100w\" sizes=\"(max-width: 150px) 100vw, 150px\" \/><\/a>\n\t\t\t<\/div><\/figure><figure class='gallery-item'>\n\t\t\t<div class='gallery-icon landscape'>\n\t\t\t\t<a href='https:\/\/alianzanacional.com.uy\/web\/galeria-jorge-larranaga-en-paysandu-junto-a-los-candidatos-del-partido-nacional\/dsc_0457-large\/'><img loading=\"lazy\" decoding=\"async\" width=\"150\" height=\"150\" src=\"https:\/\/alianzanacional.com.uy\/web\/wp-content\/uploads\/2015\/04\/DSC_0457-Large-150x150.jpg\" class=\"attachment-thumbnail size-thumbnail\" alt=\"\" srcset=\"https:\/\/alianzanacional.com.uy\/web\/wp-content\/uploads\/2015\/04\/DSC_0457-Large-150x150.jpg 150w, https:\/\/alianzanacional.com.uy\/web\/wp-content\/uploads\/2015\/04\/DSC_0457-Large-90x90.jpg 90w, https:\/\/alianzanacional.com.uy\/web\/wp-content\/uploads\/2015\/04\/DSC_0457-Large-60x60.jpg 60w, https:\/\/alianzanacional.com.uy\/web\/wp-content\/uploads\/2015\/04\/DSC_0457-Large-100x100.jpg 100w\" sizes=\"(max-width: 150px) 100vw, 150px\" \/><\/a>\n\t\t\t<\/div><\/figure><figure class='gallery-item'>\n\t\t\t<div class='gallery-icon landscape'>\n\t\t\t\t<a href='https:\/\/alianzanacional.com.uy\/web\/galeria-jorge-larranaga-en-paysandu-junto-a-los-candidatos-del-partido-nacional\/dsc_0486-large\/'><img loading=\"lazy\" decoding=\"async\" width=\"150\" height=\"150\" src=\"https:\/\/alianzanacional.com.uy\/web\/wp-content\/uploads\/2015\/04\/DSC_0486-Large-150x150.jpg\" class=\"attachment-thumbnail size-thumbnail\" alt=\"\" srcset=\"https:\/\/alianzanacional.com.uy\/web\/wp-content\/uploads\/2015\/04\/DSC_0486-Large-150x150.jpg 150w, https:\/\/alianzanacional.com.uy\/web\/wp-content\/uploads\/2015\/04\/DSC_0486-Large-90x90.jpg 90w, https:\/\/alianzanacional.com.uy\/web\/wp-content\/uploads\/2015\/04\/DSC_0486-Large-60x60.jpg 60w, https:\/\/alianzanacional.com.uy\/web\/wp-content\/uploads\/2015\/04\/DSC_0486-Large-100x100.jpg 100w\" sizes=\"(max-width: 150px) 100vw, 150px\" \/><\/a>\n\t\t\t<\/div><\/figure><figure class='gallery-item'>\n\t\t\t<div class='gallery-icon landscape'>\n\t\t\t\t<a href='https:\/\/alianzanacional.com.uy\/web\/galeria-jorge-larranaga-en-paysandu-junto-a-los-candidatos-del-partido-nacional\/dsc_0520-large\/'><img loading=\"lazy\" decoding=\"async\" width=\"150\" height=\"150\" src=\"https:\/\/alianzanacional.com.uy\/web\/wp-content\/uploads\/2015\/04\/DSC_0520-Large-150x150.jpg\" class=\"attachment-thumbnail size-thumbnail\" alt=\"\" srcset=\"https:\/\/alianzanacional.com.uy\/web\/wp-content\/uploads\/2015\/04\/DSC_0520-Large-150x150.jpg 150w, https:\/\/alianzanacional.com.uy\/web\/wp-content\/uploads\/2015\/04\/DSC_0520-Large-90x90.jpg 90w, https:\/\/alianzanacional.com.uy\/web\/wp-content\/uploads\/2015\/04\/DSC_0520-Large-60x60.jpg 60w, https:\/\/alianzanacional.com.uy\/web\/wp-content\/uploads\/2015\/04\/DSC_0520-Large-100x100.jpg 100w\" sizes=\"(max-width: 150px) 100vw, 150px\" \/><\/a>\n\t\t\t<\/div><\/figure><figure class='gallery-item'>\n\t\t\t<div class='gallery-icon landscape'>\n\t\t\t\t<a href='https:\/\/alianzanacional.com.uy\/web\/galeria-jorge-larranaga-en-paysandu-junto-a-los-candidatos-del-partido-nacional\/dsc_0522-large\/'><img loading=\"lazy\" decoding=\"async\" width=\"150\" height=\"150\" src=\"https:\/\/alianzanacional.com.uy\/web\/wp-content\/uploads\/2015\/04\/DSC_0522-Large-150x150.jpg\" class=\"attachment-thumbnail size-thumbnail\" alt=\"\" srcset=\"https:\/\/alianzanacional.com.uy\/web\/wp-content\/uploads\/2015\/04\/DSC_0522-Large-150x150.jpg 150w, https:\/\/alianzanacional.com.uy\/web\/wp-content\/uploads\/2015\/04\/DSC_0522-Large-90x90.jpg 90w, https:\/\/alianzanacional.com.uy\/web\/wp-content\/uploads\/2015\/04\/DSC_0522-Large-60x60.jpg 60w, https:\/\/alianzanacional.com.uy\/web\/wp-content\/uploads\/2015\/04\/DSC_0522-Large-100x100.jpg 100w\" sizes=\"(max-width: 150px) 100vw, 150px\" \/><\/a>\n\t\t\t<\/div><\/figure><figure class='gallery-item'>\n\t\t\t<div class='gallery-icon landscape'>\n\t\t\t\t<a href='https:\/\/alianzanacional.com.uy\/web\/galeria-jorge-larranaga-en-paysandu-junto-a-los-candidatos-del-partido-nacional\/dsc_0526-large\/'><img loading=\"lazy\" decoding=\"async\" width=\"150\" height=\"150\" src=\"https:\/\/alianzanacional.com.uy\/web\/wp-content\/uploads\/2015\/04\/DSC_0526-Large-150x150.jpg\" class=\"attachment-thumbnail size-thumbnail\" alt=\"\" srcset=\"https:\/\/alianzanacional.com.uy\/web\/wp-content\/uploads\/2015\/04\/DSC_0526-Large-150x150.jpg 150w, https:\/\/alianzanacional.com.uy\/web\/wp-content\/uploads\/2015\/04\/DSC_0526-Large-90x90.jpg 90w, https:\/\/alianzanacional.com.uy\/web\/wp-content\/uploads\/2015\/04\/DSC_0526-Large-60x60.jpg 60w, https:\/\/alianzanacional.com.uy\/web\/wp-content\/uploads\/2015\/04\/DSC_0526-Large-100x100.jpg 100w\" sizes=\"(max-width: 150px) 100vw, 150px\" \/><\/a>\n\t\t\t<\/div><\/figure><figure class='gallery-item'>\n\t\t\t<div class='gallery-icon landscape'>\n\t\t\t\t<a href='https:\/\/alianzanacional.com.uy\/web\/galeria-jorge-larranaga-en-paysandu-junto-a-los-candidatos-del-partido-nacional\/dsc_0546-large\/'><img loading=\"lazy\" decoding=\"async\" width=\"150\" height=\"150\" src=\"https:\/\/alianzanacional.com.uy\/web\/wp-content\/uploads\/2015\/04\/DSC_0546-Large-150x150.jpg\" class=\"attachment-thumbnail size-thumbnail\" alt=\"\" srcset=\"https:\/\/alianzanacional.com.uy\/web\/wp-content\/uploads\/2015\/04\/DSC_0546-Large-150x150.jpg 150w, https:\/\/alianzanacional.com.uy\/web\/wp-content\/uploads\/2015\/04\/DSC_0546-Large-90x90.jpg 90w, https:\/\/alianzanacional.com.uy\/web\/wp-content\/uploads\/2015\/04\/DSC_0546-Large-60x60.jpg 60w, https:\/\/alianzanacional.com.uy\/web\/wp-content\/uploads\/2015\/04\/DSC_0546-Large-100x100.jpg 100w\" sizes=\"(max-width: 150px) 100vw, 150px\" \/><\/a>\n\t\t\t<\/div><\/figure><figure class='gallery-item'>\n\t\t\t<div class='gallery-icon landscape'>\n\t\t\t\t<a href='https:\/\/alianzanacional.com.uy\/web\/galeria-jorge-larranaga-en-paysandu-junto-a-los-candidatos-del-partido-nacional\/dsc_0553-large\/'><img loading=\"lazy\" decoding=\"async\" width=\"150\" height=\"150\" src=\"https:\/\/alianzanacional.com.uy\/web\/wp-content\/uploads\/2015\/04\/DSC_0553-Large-150x150.jpg\" class=\"attachment-thumbnail size-thumbnail\" alt=\"\" srcset=\"https:\/\/alianzanacional.com.uy\/web\/wp-content\/uploads\/2015\/04\/DSC_0553-Large-150x150.jpg 150w, https:\/\/alianzanacional.com.uy\/web\/wp-content\/uploads\/2015\/04\/DSC_0553-Large-90x90.jpg 90w, https:\/\/alianzanacional.com.uy\/web\/wp-content\/uploads\/2015\/04\/DSC_0553-Large-60x60.jpg 60w, https:\/\/alianzanacional.com.uy\/web\/wp-content\/uploads\/2015\/04\/DSC_0553-Large-100x100.jpg 100w\" sizes=\"(max-width: 150px) 100vw, 150px\" \/><\/a>\n\t\t\t<\/div><\/figure><figure class='gallery-item'>\n\t\t\t<div class='gallery-icon landscape'>\n\t\t\t\t<a href='https:\/\/alianzanacional.com.uy\/web\/galeria-jorge-larranaga-en-paysandu-junto-a-los-candidatos-del-partido-nacional\/dsc_0583-large-2\/'><img loading=\"lazy\" decoding=\"async\" width=\"150\" height=\"150\" src=\"https:\/\/alianzanacional.com.uy\/web\/wp-content\/uploads\/2015\/04\/DSC_0583-Large1-150x150.jpg\" class=\"attachment-thumbnail size-thumbnail\" alt=\"\" srcset=\"https:\/\/alianzanacional.com.uy\/web\/wp-content\/uploads\/2015\/04\/DSC_0583-Large1-150x150.jpg 150w, https:\/\/alianzanacional.com.uy\/web\/wp-content\/uploads\/2015\/04\/DSC_0583-Large1-90x90.jpg 90w, https:\/\/alianzanacional.com.uy\/web\/wp-content\/uploads\/2015\/04\/DSC_0583-Large1-60x60.jpg 60w, https:\/\/alianzanacional.com.uy\/web\/wp-content\/uploads\/2015\/04\/DSC_0583-Large1-100x100.jpg 100w\" sizes=\"(max-width: 150px) 100vw, 150px\" \/><\/a>\n\t\t\t<\/div><\/figure><figure class='gallery-item'>\n\t\t\t<div class='gallery-icon landscape'>\n\t\t\t\t<a href='https:\/\/alianzanacional.com.uy\/web\/galeria-jorge-larranaga-en-paysandu-junto-a-los-candidatos-del-partido-nacional\/dsc_0590-large\/'><img loading=\"lazy\" decoding=\"async\" width=\"150\" height=\"150\" src=\"https:\/\/alianzanacional.com.uy\/web\/wp-content\/uploads\/2015\/04\/DSC_0590-Large-150x150.jpg\" class=\"attachment-thumbnail size-thumbnail\" alt=\"\" srcset=\"https:\/\/alianzanacional.com.uy\/web\/wp-content\/uploads\/2015\/04\/DSC_0590-Large-150x150.jpg 150w, https:\/\/alianzanacional.com.uy\/web\/wp-content\/uploads\/2015\/04\/DSC_0590-Large-90x90.jpg 90w, https:\/\/alianzanacional.com.uy\/web\/wp-content\/uploads\/2015\/04\/DSC_0590-Large-60x60.jpg 60w, https:\/\/alianzanacional.com.uy\/web\/wp-content\/uploads\/2015\/04\/DSC_0590-Large-100x100.jpg 100w\" sizes=\"(max-width: 150px) 100vw, 150px\" \/><\/a>\n\t\t\t<\/div><\/figure><figure class='gallery-item'>\n\t\t\t<div class='gallery-icon landscape'>\n\t\t\t\t<a href='https:\/\/alianzanacional.com.uy\/web\/galeria-jorge-larranaga-en-paysandu-junto-a-los-candidatos-del-partido-nacional\/dsc_0609-large\/'><img loading=\"lazy\" decoding=\"async\" width=\"150\" height=\"150\" src=\"https:\/\/alianzanacional.com.uy\/web\/wp-content\/uploads\/2015\/04\/DSC_0609-Large-150x150.jpg\" class=\"attachment-thumbnail size-thumbnail\" alt=\"\" srcset=\"https:\/\/alianzanacional.com.uy\/web\/wp-content\/uploads\/2015\/04\/DSC_0609-Large-150x150.jpg 150w, https:\/\/alianzanacional.com.uy\/web\/wp-content\/uploads\/2015\/04\/DSC_0609-Large-90x90.jpg 90w, https:\/\/alianzanacional.com.uy\/web\/wp-content\/uploads\/2015\/04\/DSC_0609-Large-60x60.jpg 60w, https:\/\/alianzanacional.com.uy\/web\/wp-content\/uploads\/2015\/04\/DSC_0609-Large-100x100.jpg 100w\" sizes=\"(max-width: 150px) 100vw, 150px\" \/><\/a>\n\t\t\t<\/div><\/figure><figure class='gallery-item'>\n\t\t\t<div class='gallery-icon landscape'>\n\t\t\t\t<a href='https:\/\/alianzanacional.com.uy\/web\/galeria-jorge-larranaga-en-paysandu-junto-a-los-candidatos-del-partido-nacional\/dsc_0620-large-2\/'><img loading=\"lazy\" decoding=\"async\" width=\"150\" height=\"150\" src=\"https:\/\/alianzanacional.com.uy\/web\/wp-content\/uploads\/2015\/04\/DSC_0620-Large1-150x150.jpg\" class=\"attachment-thumbnail size-thumbnail\" alt=\"\" srcset=\"https:\/\/alianzanacional.com.uy\/web\/wp-content\/uploads\/2015\/04\/DSC_0620-Large1-150x150.jpg 150w, https:\/\/alianzanacional.com.uy\/web\/wp-content\/uploads\/2015\/04\/DSC_0620-Large1-90x90.jpg 90w, https:\/\/alianzanacional.com.uy\/web\/wp-content\/uploads\/2015\/04\/DSC_0620-Large1-60x60.jpg 60w, https:\/\/alianzanacional.com.uy\/web\/wp-content\/uploads\/2015\/04\/DSC_0620-Large1-100x100.jpg 100w\" sizes=\"(max-width: 150px) 100vw, 150px\" \/><\/a>\n\t\t\t<\/div><\/figure><figure class='gallery-item'>\n\t\t\t<div class='gallery-icon landscape'>\n\t\t\t\t<a href='https:\/\/alianzanacional.com.uy\/web\/galeria-jorge-larranaga-en-paysandu-junto-a-los-candidatos-del-partido-nacional\/dsc_0626-large-2\/'><img loading=\"lazy\" decoding=\"async\" width=\"150\" height=\"150\" src=\"https:\/\/alianzanacional.com.uy\/web\/wp-content\/uploads\/2015\/04\/DSC_0626-Large1-150x150.jpg\" class=\"attachment-thumbnail size-thumbnail\" alt=\"\" srcset=\"https:\/\/alianzanacional.com.uy\/web\/wp-content\/uploads\/2015\/04\/DSC_0626-Large1-150x150.jpg 150w, https:\/\/alianzanacional.com.uy\/web\/wp-content\/uploads\/2015\/04\/DSC_0626-Large1-90x90.jpg 90w, https:\/\/alianzanacional.com.uy\/web\/wp-content\/uploads\/2015\/04\/DSC_0626-Large1-60x60.jpg 60w, https:\/\/alianzanacional.com.uy\/web\/wp-content\/uploads\/2015\/04\/DSC_0626-Large1-100x100.jpg 100w\" sizes=\"(max-width: 150px) 100vw, 150px\" \/><\/a>\n\t\t\t<\/div><\/figure><figure class='gallery-item'>\n\t\t\t<div class='gallery-icon landscape'>\n\t\t\t\t<a href='https:\/\/alianzanacional.com.uy\/web\/galeria-jorge-larranaga-en-paysandu-junto-a-los-candidatos-del-partido-nacional\/dsc_0641-large\/'><img loading=\"lazy\" decoding=\"async\" width=\"150\" height=\"150\" src=\"https:\/\/alianzanacional.com.uy\/web\/wp-content\/uploads\/2015\/04\/DSC_0641-Large-150x150.jpg\" class=\"attachment-thumbnail size-thumbnail\" alt=\"\" srcset=\"https:\/\/alianzanacional.com.uy\/web\/wp-content\/uploads\/2015\/04\/DSC_0641-Large-150x150.jpg 150w, https:\/\/alianzanacional.com.uy\/web\/wp-content\/uploads\/2015\/04\/DSC_0641-Large-90x90.jpg 90w, https:\/\/alianzanacional.com.uy\/web\/wp-content\/uploads\/2015\/04\/DSC_0641-Large-60x60.jpg 60w, https:\/\/alianzanacional.com.uy\/web\/wp-content\/uploads\/2015\/04\/DSC_0641-Large-100x100.jpg 100w\" sizes=\"(max-width: 150px) 100vw, 150px\" \/><\/a>\n\t\t\t<\/div><\/figure><figure class='gallery-item'>\n\t\t\t<div class='gallery-icon landscape'>\n\t\t\t\t<a href='https:\/\/alianzanacional.com.uy\/web\/galeria-jorge-larranaga-en-paysandu-junto-a-los-candidatos-del-partido-nacional\/dsc_0644-large-2\/'><img loading=\"lazy\" decoding=\"async\" width=\"150\" height=\"150\" src=\"https:\/\/alianzanacional.com.uy\/web\/wp-content\/uploads\/2015\/04\/DSC_0644-Large1-150x150.jpg\" class=\"attachment-thumbnail size-thumbnail\" alt=\"\" srcset=\"https:\/\/alianzanacional.com.uy\/web\/wp-content\/uploads\/2015\/04\/DSC_0644-Large1-150x150.jpg 150w, https:\/\/alianzanacional.com.uy\/web\/wp-content\/uploads\/2015\/04\/DSC_0644-Large1-90x90.jpg 90w, https:\/\/alianzanacional.com.uy\/web\/wp-content\/uploads\/2015\/04\/DSC_0644-Large1-60x60.jpg 60w, https:\/\/alianzanacional.com.uy\/web\/wp-content\/uploads\/2015\/04\/DSC_0644-Large1-100x100.jpg 100w\" sizes=\"(max-width: 150px) 100vw, 150px\" \/><\/a>\n\t\t\t<\/div><\/figure><figure class='gallery-item'>\n\t\t\t<div class='gallery-icon landscape'>\n\t\t\t\t<a href='https:\/\/alianzanacional.com.uy\/web\/galeria-jorge-larranaga-en-paysandu-junto-a-los-candidatos-del-partido-nacional\/dsc_0674-large\/'><img loading=\"lazy\" decoding=\"async\" width=\"150\" height=\"150\" src=\"https:\/\/alianzanacional.com.uy\/web\/wp-content\/uploads\/2015\/04\/DSC_0674-Large-150x150.jpg\" class=\"attachment-thumbnail size-thumbnail\" alt=\"\" srcset=\"https:\/\/alianzanacional.com.uy\/web\/wp-content\/uploads\/2015\/04\/DSC_0674-Large-150x150.jpg 150w, https:\/\/alianzanacional.com.uy\/web\/wp-content\/uploads\/2015\/04\/DSC_0674-Large-90x90.jpg 90w, https:\/\/alianzanacional.com.uy\/web\/wp-content\/uploads\/2015\/04\/DSC_0674-Large-60x60.jpg 60w, https:\/\/alianzanacional.com.uy\/web\/wp-content\/uploads\/2015\/04\/DSC_0674-Large-100x100.jpg 100w\" sizes=\"(max-width: 150px) 100vw, 150px\" \/><\/a>\n\t\t\t<\/div><\/figure><figure class='gallery-item'>\n\t\t\t<div class='gallery-icon landscape'>\n\t\t\t\t<a href='https:\/\/alianzanacional.com.uy\/web\/galeria-jorge-larranaga-en-paysandu-junto-a-los-candidatos-del-partido-nacional\/dsc_0675-large\/'><img loading=\"lazy\" decoding=\"async\" width=\"150\" height=\"150\" src=\"https:\/\/alianzanacional.com.uy\/web\/wp-content\/uploads\/2015\/04\/DSC_0675-Large-150x150.jpg\" class=\"attachment-thumbnail size-thumbnail\" alt=\"\" srcset=\"https:\/\/alianzanacional.com.uy\/web\/wp-content\/uploads\/2015\/04\/DSC_0675-Large-150x150.jpg 150w, https:\/\/alianzanacional.com.uy\/web\/wp-content\/uploads\/2015\/04\/DSC_0675-Large-90x90.jpg 90w, https:\/\/alianzanacional.com.uy\/web\/wp-content\/uploads\/2015\/04\/DSC_0675-Large-60x60.jpg 60w, https:\/\/alianzanacional.com.uy\/web\/wp-content\/uploads\/2015\/04\/DSC_0675-Large-100x100.jpg 100w\" sizes=\"(max-width: 150px) 100vw, 150px\" \/><\/a>\n\t\t\t<\/div><\/figure><figure class='gallery-item'>\n\t\t\t<div class='gallery-icon landscape'>\n\t\t\t\t<a href='https:\/\/alianzanacional.com.uy\/web\/galeria-jorge-larranaga-en-paysandu-junto-a-los-candidatos-del-partido-nacional\/dsc_0679-large\/'><img loading=\"lazy\" decoding=\"async\" width=\"150\" height=\"150\" src=\"https:\/\/alianzanacional.com.uy\/web\/wp-content\/uploads\/2015\/04\/DSC_0679-Large-150x150.jpg\" class=\"attachment-thumbnail size-thumbnail\" alt=\"\" srcset=\"https:\/\/alianzanacional.com.uy\/web\/wp-content\/uploads\/2015\/04\/DSC_0679-Large-150x150.jpg 150w, https:\/\/alianzanacional.com.uy\/web\/wp-content\/uploads\/2015\/04\/DSC_0679-Large-90x90.jpg 90w, https:\/\/alianzanacional.com.uy\/web\/wp-content\/uploads\/2015\/04\/DSC_0679-Large-60x60.jpg 60w, https:\/\/alianzanacional.com.uy\/web\/wp-content\/uploads\/2015\/04\/DSC_0679-Large-100x100.jpg 100w\" sizes=\"(max-width: 150px) 100vw, 150px\" \/><\/a>\n\t\t\t<\/div><\/figure><figure class='gallery-item'>\n\t\t\t<div class='gallery-icon landscape'>\n\t\t\t\t<a href='https:\/\/alianzanacional.com.uy\/web\/galeria-jorge-larranaga-en-paysandu-junto-a-los-candidatos-del-partido-nacional\/dsc_0703-large\/'><img loading=\"lazy\" decoding=\"async\" width=\"150\" height=\"150\" src=\"https:\/\/alianzanacional.com.uy\/web\/wp-content\/uploads\/2015\/04\/DSC_0703-Large-150x150.jpg\" class=\"attachment-thumbnail size-thumbnail\" alt=\"\" srcset=\"https:\/\/alianzanacional.com.uy\/web\/wp-content\/uploads\/2015\/04\/DSC_0703-Large-150x150.jpg 150w, https:\/\/alianzanacional.com.uy\/web\/wp-content\/uploads\/2015\/04\/DSC_0703-Large-90x90.jpg 90w, https:\/\/alianzanacional.com.uy\/web\/wp-content\/uploads\/2015\/04\/DSC_0703-Large-60x60.jpg 60w, https:\/\/alianzanacional.com.uy\/web\/wp-content\/uploads\/2015\/04\/DSC_0703-Large-100x100.jpg 100w\" sizes=\"(max-width: 150px) 100vw, 150px\" \/><\/a>\n\t\t\t<\/div><\/figure><figure class='gallery-item'>\n\t\t\t<div class='gallery-icon landscape'>\n\t\t\t\t<a href='https:\/\/alianzanacional.com.uy\/web\/galeria-jorge-larranaga-en-paysandu-junto-a-los-candidatos-del-partido-nacional\/dsc_0753-large\/'><img loading=\"lazy\" decoding=\"async\" width=\"150\" height=\"150\" src=\"https:\/\/alianzanacional.com.uy\/web\/wp-content\/uploads\/2015\/04\/DSC_0753-Large-150x150.jpg\" class=\"attachment-thumbnail size-thumbnail\" alt=\"\" srcset=\"https:\/\/alianzanacional.com.uy\/web\/wp-content\/uploads\/2015\/04\/DSC_0753-Large-150x150.jpg 150w, https:\/\/alianzanacional.com.uy\/web\/wp-content\/uploads\/2015\/04\/DSC_0753-Large-90x90.jpg 90w, https:\/\/alianzanacional.com.uy\/web\/wp-content\/uploads\/2015\/04\/DSC_0753-Large-60x60.jpg 60w, https:\/\/alianzanacional.com.uy\/web\/wp-content\/uploads\/2015\/04\/DSC_0753-Large-100x100.jpg 100w\" sizes=\"(max-width: 150px) 100vw, 150px\" \/><\/a>\n\t\t\t<\/div><\/figure><figure class='gallery-item'>\n\t\t\t<div class='gallery-icon landscape'>\n\t\t\t\t<a href='https:\/\/alianzanacional.com.uy\/web\/galeria-jorge-larranaga-en-paysandu-junto-a-los-candidatos-del-partido-nacional\/dsc_0760-large\/'><img loading=\"lazy\" decoding=\"async\" width=\"150\" height=\"150\" src=\"https:\/\/alianzanacional.com.uy\/web\/wp-content\/uploads\/2015\/04\/DSC_0760-Large-150x150.jpg\" class=\"attachment-thumbnail size-thumbnail\" alt=\"\" srcset=\"https:\/\/alianzanacional.com.uy\/web\/wp-content\/uploads\/2015\/04\/DSC_0760-Large-150x150.jpg 150w, https:\/\/alianzanacional.com.uy\/web\/wp-content\/uploads\/2015\/04\/DSC_0760-Large-90x90.jpg 90w, https:\/\/alianzanacional.com.uy\/web\/wp-content\/uploads\/2015\/04\/DSC_0760-Large-60x60.jpg 60w, https:\/\/alianzanacional.com.uy\/web\/wp-content\/uploads\/2015\/04\/DSC_0760-Large-100x100.jpg 100w\" sizes=\"(max-width: 150px) 100vw, 150px\" \/><\/a>\n\t\t\t<\/div><\/figure><figure class='gallery-item'>\n\t\t\t<div class='gallery-icon landscape'>\n\t\t\t\t<a href='https:\/\/alianzanacional.com.uy\/web\/galeria-jorge-larranaga-en-paysandu-junto-a-los-candidatos-del-partido-nacional\/dsc_0765-large\/'><img loading=\"lazy\" decoding=\"async\" width=\"150\" height=\"150\" src=\"https:\/\/alianzanacional.com.uy\/web\/wp-content\/uploads\/2015\/04\/DSC_0765-Large-150x150.jpg\" class=\"attachment-thumbnail size-thumbnail\" alt=\"\" srcset=\"https:\/\/alianzanacional.com.uy\/web\/wp-content\/uploads\/2015\/04\/DSC_0765-Large-150x150.jpg 150w, https:\/\/alianzanacional.com.uy\/web\/wp-content\/uploads\/2015\/04\/DSC_0765-Large-90x90.jpg 90w, https:\/\/alianzanacional.com.uy\/web\/wp-content\/uploads\/2015\/04\/DSC_0765-Large-60x60.jpg 60w, https:\/\/alianzanacional.com.uy\/web\/wp-content\/uploads\/2015\/04\/DSC_0765-Large-100x100.jpg 100w\" sizes=\"(max-width: 150px) 100vw, 150px\" \/><\/a>\n\t\t\t<\/div><\/figure><figure class='gallery-item'>\n\t\t\t<div class='gallery-icon landscape'>\n\t\t\t\t<a href='https:\/\/alianzanacional.com.uy\/web\/galeria-jorge-larranaga-en-paysandu-junto-a-los-candidatos-del-partido-nacional\/dsc_0783-large\/'><img loading=\"lazy\" decoding=\"async\" width=\"150\" height=\"150\" src=\"https:\/\/alianzanacional.com.uy\/web\/wp-content\/uploads\/2015\/04\/DSC_0783-Large-150x150.jpg\" class=\"attachment-thumbnail size-thumbnail\" alt=\"\" srcset=\"https:\/\/alianzanacional.com.uy\/web\/wp-content\/uploads\/2015\/04\/DSC_0783-Large-150x150.jpg 150w, https:\/\/alianzanacional.com.uy\/web\/wp-content\/uploads\/2015\/04\/DSC_0783-Large-90x90.jpg 90w, https:\/\/alianzanacional.com.uy\/web\/wp-content\/uploads\/2015\/04\/DSC_0783-Large-60x60.jpg 60w, https:\/\/alianzanacional.com.uy\/web\/wp-content\/uploads\/2015\/04\/DSC_0783-Large-100x100.jpg 100w\" sizes=\"(max-width: 150px) 100vw, 150px\" \/><\/a>\n\t\t\t<\/div><\/figure><figure class='gallery-item'>\n\t\t\t<div class='gallery-icon landscape'>\n\t\t\t\t<a href='https:\/\/alianzanacional.com.uy\/web\/galeria-jorge-larranaga-en-paysandu-junto-a-los-candidatos-del-partido-nacional\/dsc_0791-large\/'><img loading=\"lazy\" decoding=\"async\" width=\"150\" height=\"150\" src=\"https:\/\/alianzanacional.com.uy\/web\/wp-content\/uploads\/2015\/04\/DSC_0791-Large-150x150.jpg\" class=\"attachment-thumbnail size-thumbnail\" alt=\"\" srcset=\"https:\/\/alianzanacional.com.uy\/web\/wp-content\/uploads\/2015\/04\/DSC_0791-Large-150x150.jpg 150w, https:\/\/alianzanacional.com.uy\/web\/wp-content\/uploads\/2015\/04\/DSC_0791-Large-90x90.jpg 90w, https:\/\/alianzanacional.com.uy\/web\/wp-content\/uploads\/2015\/04\/DSC_0791-Large-60x60.jpg 60w, https:\/\/alianzanacional.com.uy\/web\/wp-content\/uploads\/2015\/04\/DSC_0791-Large-100x100.jpg 100w\" sizes=\"(max-width: 150px) 100vw, 150px\" \/><\/a>\n\t\t\t<\/div><\/figure><figure class='gallery-item'>\n\t\t\t<div class='gallery-icon landscape'>\n\t\t\t\t<a href='https:\/\/alianzanacional.com.uy\/web\/galeria-jorge-larranaga-en-paysandu-junto-a-los-candidatos-del-partido-nacional\/dsc_0796-large\/'><img loading=\"lazy\" decoding=\"async\" width=\"150\" height=\"150\" src=\"https:\/\/alianzanacional.com.uy\/web\/wp-content\/uploads\/2015\/04\/DSC_0796-Large-150x150.jpg\" class=\"attachment-thumbnail size-thumbnail\" alt=\"\" srcset=\"https:\/\/alianzanacional.com.uy\/web\/wp-content\/uploads\/2015\/04\/DSC_0796-Large-150x150.jpg 150w, https:\/\/alianzanacional.com.uy\/web\/wp-content\/uploads\/2015\/04\/DSC_0796-Large-90x90.jpg 90w, https:\/\/alianzanacional.com.uy\/web\/wp-content\/uploads\/2015\/04\/DSC_0796-Large-60x60.jpg 60w, https:\/\/alianzanacional.com.uy\/web\/wp-content\/uploads\/2015\/04\/DSC_0796-Large-100x100.jpg 100w\" sizes=\"(max-width: 150px) 100vw, 150px\" \/><\/a>\n\t\t\t<\/div><\/figure><figure class='gallery-item'>\n\t\t\t<div class='gallery-icon landscape'>\n\t\t\t\t<a href='https:\/\/alianzanacional.com.uy\/web\/galeria-jorge-larranaga-en-paysandu-junto-a-los-candidatos-del-partido-nacional\/dsc_0810-large\/'><img loading=\"lazy\" decoding=\"async\" width=\"150\" height=\"150\" src=\"https:\/\/alianzanacional.com.uy\/web\/wp-content\/uploads\/2015\/04\/DSC_0810-Large-150x150.jpg\" class=\"attachment-thumbnail size-thumbnail\" alt=\"\" srcset=\"https:\/\/alianzanacional.com.uy\/web\/wp-content\/uploads\/2015\/04\/DSC_0810-Large-150x150.jpg 150w, https:\/\/alianzanacional.com.uy\/web\/wp-content\/uploads\/2015\/04\/DSC_0810-Large-90x90.jpg 90w, https:\/\/alianzanacional.com.uy\/web\/wp-content\/uploads\/2015\/04\/DSC_0810-Large-60x60.jpg 60w, https:\/\/alianzanacional.com.uy\/web\/wp-content\/uploads\/2015\/04\/DSC_0810-Large-100x100.jpg 100w\" sizes=\"(max-width: 150px) 100vw, 150px\" \/><\/a>\n\t\t\t<\/div><\/figure><figure class='gallery-item'>\n\t\t\t<div class='gallery-icon landscape'>\n\t\t\t\t<a href='https:\/\/alianzanacional.com.uy\/web\/galeria-jorge-larranaga-en-paysandu-junto-a-los-candidatos-del-partido-nacional\/dsc_0826-large\/'><img loading=\"lazy\" decoding=\"async\" width=\"150\" height=\"150\" src=\"https:\/\/alianzanacional.com.uy\/web\/wp-content\/uploads\/2015\/04\/DSC_0826-Large-150x150.jpg\" class=\"attachment-thumbnail size-thumbnail\" alt=\"\" srcset=\"https:\/\/alianzanacional.com.uy\/web\/wp-content\/uploads\/2015\/04\/DSC_0826-Large-150x150.jpg 150w, https:\/\/alianzanacional.com.uy\/web\/wp-content\/uploads\/2015\/04\/DSC_0826-Large-90x90.jpg 90w, https:\/\/alianzanacional.com.uy\/web\/wp-content\/uploads\/2015\/04\/DSC_0826-Large-60x60.jpg 60w, https:\/\/alianzanacional.com.uy\/web\/wp-content\/uploads\/2015\/04\/DSC_0826-Large-100x100.jpg 100w\" sizes=\"(max-width: 150px) 100vw, 150px\" \/><\/a>\n\t\t\t<\/div><\/figure><figure class='gallery-item'>\n\t\t\t<div class='gallery-icon landscape'>\n\t\t\t\t<a href='https:\/\/alianzanacional.com.uy\/web\/galeria-jorge-larranaga-en-paysandu-junto-a-los-candidatos-del-partido-nacional\/dsc_0830-large\/'><img loading=\"lazy\" decoding=\"async\" width=\"150\" height=\"150\" src=\"https:\/\/alianzanacional.com.uy\/web\/wp-content\/uploads\/2015\/04\/DSC_0830-Large-150x150.jpg\" class=\"attachment-thumbnail size-thumbnail\" alt=\"\" srcset=\"https:\/\/alianzanacional.com.uy\/web\/wp-content\/uploads\/2015\/04\/DSC_0830-Large-150x150.jpg 150w, https:\/\/alianzanacional.com.uy\/web\/wp-content\/uploads\/2015\/04\/DSC_0830-Large-90x90.jpg 90w, https:\/\/alianzanacional.com.uy\/web\/wp-content\/uploads\/2015\/04\/DSC_0830-Large-60x60.jpg 60w, https:\/\/alianzanacional.com.uy\/web\/wp-content\/uploads\/2015\/04\/DSC_0830-Large-100x100.jpg 100w\" sizes=\"(max-width: 150px) 100vw, 150px\" \/><\/a>\n\t\t\t<\/div><\/figure><figure class='gallery-item'>\n\t\t\t<div class='gallery-icon landscape'>\n\t\t\t\t<a href='https:\/\/alianzanacional.com.uy\/web\/galeria-jorge-larranaga-en-paysandu-junto-a-los-candidatos-del-partido-nacional\/dsc_0840-large\/'><img loading=\"lazy\" decoding=\"async\" width=\"150\" height=\"150\" src=\"https:\/\/alianzanacional.com.uy\/web\/wp-content\/uploads\/2015\/04\/DSC_0840-Large-150x150.jpg\" class=\"attachment-thumbnail size-thumbnail\" alt=\"\" srcset=\"https:\/\/alianzanacional.com.uy\/web\/wp-content\/uploads\/2015\/04\/DSC_0840-Large-150x150.jpg 150w, https:\/\/alianzanacional.com.uy\/web\/wp-content\/uploads\/2015\/04\/DSC_0840-Large-90x90.jpg 90w, https:\/\/alianzanacional.com.uy\/web\/wp-content\/uploads\/2015\/04\/DSC_0840-Large-60x60.jpg 60w, https:\/\/alianzanacional.com.uy\/web\/wp-content\/uploads\/2015\/04\/DSC_0840-Large-100x100.jpg 100w\" sizes=\"(max-width: 150px) 100vw, 150px\" \/><\/a>\n\t\t\t<\/div><\/figure><figure class='gallery-item'>\n\t\t\t<div class='gallery-icon landscape'>\n\t\t\t\t<a href='https:\/\/alianzanacional.com.uy\/web\/galeria-jorge-larranaga-en-paysandu-junto-a-los-candidatos-del-partido-nacional\/dsc_0845-large\/'><img loading=\"lazy\" decoding=\"async\" width=\"150\" height=\"150\" src=\"https:\/\/alianzanacional.com.uy\/web\/wp-content\/uploads\/2015\/04\/DSC_0845-Large-150x150.jpg\" class=\"attachment-thumbnail size-thumbnail\" alt=\"\" srcset=\"https:\/\/alianzanacional.com.uy\/web\/wp-content\/uploads\/2015\/04\/DSC_0845-Large-150x150.jpg 150w, https:\/\/alianzanacional.com.uy\/web\/wp-content\/uploads\/2015\/04\/DSC_0845-Large-90x90.jpg 90w, https:\/\/alianzanacional.com.uy\/web\/wp-content\/uploads\/2015\/04\/DSC_0845-Large-60x60.jpg 60w, https:\/\/alianzanacional.com.uy\/web\/wp-content\/uploads\/2015\/04\/DSC_0845-Large-100x100.jpg 100w\" sizes=\"(max-width: 150px) 100vw, 150px\" \/><\/a>\n\t\t\t<\/div><\/figure><figure class='gallery-item'>\n\t\t\t<div class='gallery-icon landscape'>\n\t\t\t\t<a href='https:\/\/alianzanacional.com.uy\/web\/galeria-jorge-larranaga-en-paysandu-junto-a-los-candidatos-del-partido-nacional\/dsc_0848-large\/'><img loading=\"lazy\" decoding=\"async\" width=\"150\" height=\"150\" src=\"https:\/\/alianzanacional.com.uy\/web\/wp-content\/uploads\/2015\/04\/DSC_0848-Large-150x150.jpg\" class=\"attachment-thumbnail size-thumbnail\" alt=\"\" srcset=\"https:\/\/alianzanacional.com.uy\/web\/wp-content\/uploads\/2015\/04\/DSC_0848-Large-150x150.jpg 150w, https:\/\/alianzanacional.com.uy\/web\/wp-content\/uploads\/2015\/04\/DSC_0848-Large-90x90.jpg 90w, https:\/\/alianzanacional.com.uy\/web\/wp-content\/uploads\/2015\/04\/DSC_0848-Large-60x60.jpg 60w, https:\/\/alianzanacional.com.uy\/web\/wp-content\/uploads\/2015\/04\/DSC_0848-Large-100x100.jpg 100w\" sizes=\"(max-width: 150px) 100vw, 150px\" \/><\/a>\n\t\t\t<\/div><\/figure><figure class='gallery-item'>\n\t\t\t<div class='gallery-icon landscape'>\n\t\t\t\t<a href='https:\/\/alianzanacional.com.uy\/web\/galeria-jorge-larranaga-en-paysandu-junto-a-los-candidatos-del-partido-nacional\/dsc_0852-large\/'><img loading=\"lazy\" decoding=\"async\" width=\"150\" height=\"150\" src=\"https:\/\/alianzanacional.com.uy\/web\/wp-content\/uploads\/2015\/04\/DSC_0852-Large-150x150.jpg\" class=\"attachment-thumbnail size-thumbnail\" alt=\"\" srcset=\"https:\/\/alianzanacional.com.uy\/web\/wp-content\/uploads\/2015\/04\/DSC_0852-Large-150x150.jpg 150w, https:\/\/alianzanacional.com.uy\/web\/wp-content\/uploads\/2015\/04\/DSC_0852-Large-90x90.jpg 90w, https:\/\/alianzanacional.com.uy\/web\/wp-content\/uploads\/2015\/04\/DSC_0852-Large-60x60.jpg 60w, https:\/\/alianzanacional.com.uy\/web\/wp-content\/uploads\/2015\/04\/DSC_0852-Large-100x100.jpg 100w\" sizes=\"(max-width: 150px) 100vw, 150px\" \/><\/a>\n\t\t\t<\/div><\/figure><figure class='gallery-item'>\n\t\t\t<div class='gallery-icon landscape'>\n\t\t\t\t<a href='https:\/\/alianzanacional.com.uy\/web\/galeria-jorge-larranaga-en-paysandu-junto-a-los-candidatos-del-partido-nacional\/dsc_0885-large\/'><img loading=\"lazy\" decoding=\"async\" width=\"150\" height=\"150\" src=\"https:\/\/alianzanacional.com.uy\/web\/wp-content\/uploads\/2015\/04\/DSC_0885-Large-150x150.jpg\" class=\"attachment-thumbnail size-thumbnail\" alt=\"\" srcset=\"https:\/\/alianzanacional.com.uy\/web\/wp-content\/uploads\/2015\/04\/DSC_0885-Large-150x150.jpg 150w, https:\/\/alianzanacional.com.uy\/web\/wp-content\/uploads\/2015\/04\/DSC_0885-Large-90x90.jpg 90w, https:\/\/alianzanacional.com.uy\/web\/wp-content\/uploads\/2015\/04\/DSC_0885-Large-60x60.jpg 60w, https:\/\/alianzanacional.com.uy\/web\/wp-content\/uploads\/2015\/04\/DSC_0885-Large-100x100.jpg 100w\" sizes=\"(max-width: 150px) 100vw, 150px\" \/><\/a>\n\t\t\t<\/div><\/figure><figure class='gallery-item'>\n\t\t\t<div class='gallery-icon landscape'>\n\t\t\t\t<a href='https:\/\/alianzanacional.com.uy\/web\/galeria-jorge-larranaga-en-paysandu-junto-a-los-candidatos-del-partido-nacional\/dsc_0893-large\/'><img loading=\"lazy\" decoding=\"async\" width=\"150\" height=\"150\" src=\"https:\/\/alianzanacional.com.uy\/web\/wp-content\/uploads\/2015\/04\/DSC_0893-Large-150x150.jpg\" class=\"attachment-thumbnail size-thumbnail\" alt=\"\" srcset=\"https:\/\/alianzanacional.com.uy\/web\/wp-content\/uploads\/2015\/04\/DSC_0893-Large-150x150.jpg 150w, https:\/\/alianzanacional.com.uy\/web\/wp-content\/uploads\/2015\/04\/DSC_0893-Large-90x90.jpg 90w, https:\/\/alianzanacional.com.uy\/web\/wp-content\/uploads\/2015\/04\/DSC_0893-Large-60x60.jpg 60w, https:\/\/alianzanacional.com.uy\/web\/wp-content\/uploads\/2015\/04\/DSC_0893-Large-100x100.jpg 100w\" sizes=\"(max-width: 150px) 100vw, 150px\" \/><\/a>\n\t\t\t<\/div><\/figure><figure class='gallery-item'>\n\t\t\t<div class='gallery-icon landscape'>\n\t\t\t\t<a href='https:\/\/alianzanacional.com.uy\/web\/galeria-jorge-larranaga-en-paysandu-junto-a-los-candidatos-del-partido-nacional\/dsc_0894-large\/'><img loading=\"lazy\" decoding=\"async\" width=\"150\" height=\"150\" src=\"https:\/\/alianzanacional.com.uy\/web\/wp-content\/uploads\/2015\/04\/DSC_0894-Large-150x150.jpg\" class=\"attachment-thumbnail size-thumbnail\" alt=\"\" srcset=\"https:\/\/alianzanacional.com.uy\/web\/wp-content\/uploads\/2015\/04\/DSC_0894-Large-150x150.jpg 150w, https:\/\/alianzanacional.com.uy\/web\/wp-content\/uploads\/2015\/04\/DSC_0894-Large-90x90.jpg 90w, https:\/\/alianzanacional.com.uy\/web\/wp-content\/uploads\/2015\/04\/DSC_0894-Large-60x60.jpg 60w, https:\/\/alianzanacional.com.uy\/web\/wp-content\/uploads\/2015\/04\/DSC_0894-Large-100x100.jpg 100w\" sizes=\"(max-width: 150px) 100vw, 150px\" \/><\/a>\n\t\t\t<\/div><\/figure><figure class='gallery-item'>\n\t\t\t<div class='gallery-icon landscape'>\n\t\t\t\t<a href='https:\/\/alianzanacional.com.uy\/web\/galeria-jorge-larranaga-en-paysandu-junto-a-los-candidatos-del-partido-nacional\/dsc_0904-large\/'><img loading=\"lazy\" decoding=\"async\" width=\"150\" height=\"150\" src=\"https:\/\/alianzanacional.com.uy\/web\/wp-content\/uploads\/2015\/04\/DSC_0904-Large-150x150.jpg\" class=\"attachment-thumbnail size-thumbnail\" alt=\"\" srcset=\"https:\/\/alianzanacional.com.uy\/web\/wp-content\/uploads\/2015\/04\/DSC_0904-Large-150x150.jpg 150w, https:\/\/alianzanacional.com.uy\/web\/wp-content\/uploads\/2015\/04\/DSC_0904-Large-90x90.jpg 90w, https:\/\/alianzanacional.com.uy\/web\/wp-content\/uploads\/2015\/04\/DSC_0904-Large-60x60.jpg 60w, https:\/\/alianzanacional.com.uy\/web\/wp-content\/uploads\/2015\/04\/DSC_0904-Large-100x100.jpg 100w\" sizes=\"(max-width: 150px) 100vw, 150px\" \/><\/a>\n\t\t\t<\/div><\/figure><figure class='gallery-item'>\n\t\t\t<div class='gallery-icon landscape'>\n\t\t\t\t<a href='https:\/\/alianzanacional.com.uy\/web\/galeria-jorge-larranaga-en-paysandu-junto-a-los-candidatos-del-partido-nacional\/dsc_0912-large\/'><img loading=\"lazy\" decoding=\"async\" width=\"150\" height=\"150\" src=\"https:\/\/alianzanacional.com.uy\/web\/wp-content\/uploads\/2015\/04\/DSC_0912-Large-150x150.jpg\" class=\"attachment-thumbnail size-thumbnail\" alt=\"\" srcset=\"https:\/\/alianzanacional.com.uy\/web\/wp-content\/uploads\/2015\/04\/DSC_0912-Large-150x150.jpg 150w, https:\/\/alianzanacional.com.uy\/web\/wp-content\/uploads\/2015\/04\/DSC_0912-Large-90x90.jpg 90w, https:\/\/alianzanacional.com.uy\/web\/wp-content\/uploads\/2015\/04\/DSC_0912-Large-60x60.jpg 60w, https:\/\/alianzanacional.com.uy\/web\/wp-content\/uploads\/2015\/04\/DSC_0912-Large-100x100.jpg 100w\" sizes=\"(max-width: 150px) 100vw, 150px\" \/><\/a>\n\t\t\t<\/div><\/figure><figure class='gallery-item'>\n\t\t\t<div class='gallery-icon landscape'>\n\t\t\t\t<a href='https:\/\/alianzanacional.com.uy\/web\/galeria-jorge-larranaga-en-paysandu-junto-a-los-candidatos-del-partido-nacional\/dsc_0916-large\/'><img loading=\"lazy\" decoding=\"async\" width=\"150\" height=\"150\" src=\"https:\/\/alianzanacional.com.uy\/web\/wp-content\/uploads\/2015\/04\/DSC_0916-Large-150x150.jpg\" class=\"attachment-thumbnail size-thumbnail\" alt=\"\" srcset=\"https:\/\/alianzanacional.com.uy\/web\/wp-content\/uploads\/2015\/04\/DSC_0916-Large-150x150.jpg 150w, https:\/\/alianzanacional.com.uy\/web\/wp-content\/uploads\/2015\/04\/DSC_0916-Large-90x90.jpg 90w, https:\/\/alianzanacional.com.uy\/web\/wp-content\/uploads\/2015\/04\/DSC_0916-Large-60x60.jpg 60w, https:\/\/alianzanacional.com.uy\/web\/wp-content\/uploads\/2015\/04\/DSC_0916-Large-100x100.jpg 100w\" sizes=\"(max-width: 150px) 100vw, 150px\" \/><\/a>\n\t\t\t<\/div><\/figure><figure class='gallery-item'>\n\t\t\t<div class='gallery-icon landscape'>\n\t\t\t\t<a href='https:\/\/alianzanacional.com.uy\/web\/galeria-jorge-larranaga-en-paysandu-junto-a-los-candidatos-del-partido-nacional\/dsc_0925-large\/'><img loading=\"lazy\" decoding=\"async\" width=\"150\" height=\"150\" src=\"https:\/\/alianzanacional.com.uy\/web\/wp-content\/uploads\/2015\/04\/DSC_0925-Large-150x150.jpg\" class=\"attachment-thumbnail size-thumbnail\" alt=\"\" srcset=\"https:\/\/alianzanacional.com.uy\/web\/wp-content\/uploads\/2015\/04\/DSC_0925-Large-150x150.jpg 150w, https:\/\/alianzanacional.com.uy\/web\/wp-content\/uploads\/2015\/04\/DSC_0925-Large-90x90.jpg 90w, https:\/\/alianzanacional.com.uy\/web\/wp-content\/uploads\/2015\/04\/DSC_0925-Large-60x60.jpg 60w, https:\/\/alianzanacional.com.uy\/web\/wp-content\/uploads\/2015\/04\/DSC_0925-Large-100x100.jpg 100w\" sizes=\"(max-width: 150px) 100vw, 150px\" \/><\/a>\n\t\t\t<\/div><\/figure><figure class='gallery-item'>\n\t\t\t<div class='gallery-icon landscape'>\n\t\t\t\t<a href='https:\/\/alianzanacional.com.uy\/web\/galeria-jorge-larranaga-en-paysandu-junto-a-los-candidatos-del-partido-nacional\/dsc_0934-large\/'><img loading=\"lazy\" decoding=\"async\" width=\"150\" height=\"150\" src=\"https:\/\/alianzanacional.com.uy\/web\/wp-content\/uploads\/2015\/04\/DSC_0934-Large-150x150.jpg\" class=\"attachment-thumbnail size-thumbnail\" alt=\"\" srcset=\"https:\/\/alianzanacional.com.uy\/web\/wp-content\/uploads\/2015\/04\/DSC_0934-Large-150x150.jpg 150w, https:\/\/alianzanacional.com.uy\/web\/wp-content\/uploads\/2015\/04\/DSC_0934-Large-90x90.jpg 90w, https:\/\/alianzanacional.com.uy\/web\/wp-content\/uploads\/2015\/04\/DSC_0934-Large-60x60.jpg 60w, https:\/\/alianzanacional.com.uy\/web\/wp-content\/uploads\/2015\/04\/DSC_0934-Large-100x100.jpg 100w\" sizes=\"(max-width: 150px) 100vw, 150px\" \/><\/a>\n\t\t\t<\/div><\/figure><figure class='gallery-item'>\n\t\t\t<div class='gallery-icon landscape'>\n\t\t\t\t<a href='https:\/\/alianzanacional.com.uy\/web\/galeria-jorge-larranaga-en-paysandu-junto-a-los-candidatos-del-partido-nacional\/dsc_0936-large\/'><img loading=\"lazy\" decoding=\"async\" width=\"150\" height=\"150\" src=\"https:\/\/alianzanacional.com.uy\/web\/wp-content\/uploads\/2015\/04\/DSC_0936-Large-150x150.jpg\" class=\"attachment-thumbnail size-thumbnail\" alt=\"\" srcset=\"https:\/\/alianzanacional.com.uy\/web\/wp-content\/uploads\/2015\/04\/DSC_0936-Large-150x150.jpg 150w, https:\/\/alianzanacional.com.uy\/web\/wp-content\/uploads\/2015\/04\/DSC_0936-Large-90x90.jpg 90w, https:\/\/alianzanacional.com.uy\/web\/wp-content\/uploads\/2015\/04\/DSC_0936-Large-60x60.jpg 60w, https:\/\/alianzanacional.com.uy\/web\/wp-content\/uploads\/2015\/04\/DSC_0936-Large-100x100.jpg 100w\" sizes=\"(max-width: 150px) 100vw, 150px\" \/><\/a>\n\t\t\t<\/div><\/figure><figure class='gallery-item'>\n\t\t\t<div class='gallery-icon landscape'>\n\t\t\t\t<a href='https:\/\/alianzanacional.com.uy\/web\/galeria-jorge-larranaga-en-paysandu-junto-a-los-candidatos-del-partido-nacional\/dsc_0946-large\/'><img loading=\"lazy\" decoding=\"async\" width=\"150\" height=\"150\" src=\"https:\/\/alianzanacional.com.uy\/web\/wp-content\/uploads\/2015\/04\/DSC_0946-Large-150x150.jpg\" class=\"attachment-thumbnail size-thumbnail\" alt=\"\" srcset=\"https:\/\/alianzanacional.com.uy\/web\/wp-content\/uploads\/2015\/04\/DSC_0946-Large-150x150.jpg 150w, https:\/\/alianzanacional.com.uy\/web\/wp-content\/uploads\/2015\/04\/DSC_0946-Large-90x90.jpg 90w, https:\/\/alianzanacional.com.uy\/web\/wp-content\/uploads\/2015\/04\/DSC_0946-Large-60x60.jpg 60w, https:\/\/alianzanacional.com.uy\/web\/wp-content\/uploads\/2015\/04\/DSC_0946-Large-100x100.jpg 100w\" sizes=\"(max-width: 150px) 100vw, 150px\" \/><\/a>\n\t\t\t<\/div><\/figure><figure class='gallery-item'>\n\t\t\t<div class='gallery-icon landscape'>\n\t\t\t\t<a href='https:\/\/alianzanacional.com.uy\/web\/galeria-jorge-larranaga-en-paysandu-junto-a-los-candidatos-del-partido-nacional\/dsc_0951-large\/'><img loading=\"lazy\" decoding=\"async\" width=\"150\" height=\"150\" src=\"https:\/\/alianzanacional.com.uy\/web\/wp-content\/uploads\/2015\/04\/DSC_0951-Large-150x150.jpg\" class=\"attachment-thumbnail size-thumbnail\" alt=\"\" srcset=\"https:\/\/alianzanacional.com.uy\/web\/wp-content\/uploads\/2015\/04\/DSC_0951-Large-150x150.jpg 150w, https:\/\/alianzanacional.com.uy\/web\/wp-content\/uploads\/2015\/04\/DSC_0951-Large-90x90.jpg 90w, https:\/\/alianzanacional.com.uy\/web\/wp-content\/uploads\/2015\/04\/DSC_0951-Large-60x60.jpg 60w, https:\/\/alianzanacional.com.uy\/web\/wp-content\/uploads\/2015\/04\/DSC_0951-Large-100x100.jpg 100w\" sizes=\"(max-width: 150px) 100vw, 150px\" \/><\/a>\n\t\t\t<\/div><\/figure><figure class='gallery-item'>\n\t\t\t<div class='gallery-icon landscape'>\n\t\t\t\t<a href='https:\/\/alianzanacional.com.uy\/web\/galeria-jorge-larranaga-en-paysandu-junto-a-los-candidatos-del-partido-nacional\/dsc_0971-large\/'><img loading=\"lazy\" decoding=\"async\" width=\"150\" height=\"150\" src=\"https:\/\/alianzanacional.com.uy\/web\/wp-content\/uploads\/2015\/04\/DSC_0971-Large-150x150.jpg\" class=\"attachment-thumbnail size-thumbnail\" alt=\"\" srcset=\"https:\/\/alianzanacional.com.uy\/web\/wp-content\/uploads\/2015\/04\/DSC_0971-Large-150x150.jpg 150w, https:\/\/alianzanacional.com.uy\/web\/wp-content\/uploads\/2015\/04\/DSC_0971-Large-90x90.jpg 90w, https:\/\/alianzanacional.com.uy\/web\/wp-content\/uploads\/2015\/04\/DSC_0971-Large-60x60.jpg 60w, https:\/\/alianzanacional.com.uy\/web\/wp-content\/uploads\/2015\/04\/DSC_0971-Large-100x100.jpg 100w\" sizes=\"(max-width: 150px) 100vw, 150px\" \/><\/a>\n\t\t\t<\/div><\/figure><figure class='gallery-item'>\n\t\t\t<div class='gallery-icon landscape'>\n\t\t\t\t<a href='https:\/\/alianzanacional.com.uy\/web\/galeria-jorge-larranaga-en-paysandu-junto-a-los-candidatos-del-partido-nacional\/dsc_0026-large\/'><img loading=\"lazy\" decoding=\"async\" width=\"150\" height=\"150\" src=\"https:\/\/alianzanacional.com.uy\/web\/wp-content\/uploads\/2015\/04\/DSC_0026-Large-150x150.jpg\" class=\"attachment-thumbnail size-thumbnail\" alt=\"\" srcset=\"https:\/\/alianzanacional.com.uy\/web\/wp-content\/uploads\/2015\/04\/DSC_0026-Large-150x150.jpg 150w, https:\/\/alianzanacional.com.uy\/web\/wp-content\/uploads\/2015\/04\/DSC_0026-Large-90x90.jpg 90w, https:\/\/alianzanacional.com.uy\/web\/wp-content\/uploads\/2015\/04\/DSC_0026-Large-60x60.jpg 60w, https:\/\/alianzanacional.com.uy\/web\/wp-content\/uploads\/2015\/04\/DSC_0026-Large-100x100.jpg 100w\" sizes=\"(max-width: 150px) 100vw, 150px\" \/><\/a>\n\t\t\t<\/div><\/figure><figure class='gallery-item'>\n\t\t\t<div class='gallery-icon landscape'>\n\t\t\t\t<a href='https:\/\/alianzanacional.com.uy\/web\/galeria-jorge-larranaga-en-paysandu-junto-a-los-candidatos-del-partido-nacional\/dsc_0029-large\/'><img loading=\"lazy\" decoding=\"async\" width=\"150\" height=\"150\" src=\"https:\/\/alianzanacional.com.uy\/web\/wp-content\/uploads\/2015\/04\/DSC_0029-Large-150x150.jpg\" class=\"attachment-thumbnail size-thumbnail\" alt=\"\" srcset=\"https:\/\/alianzanacional.com.uy\/web\/wp-content\/uploads\/2015\/04\/DSC_0029-Large-150x150.jpg 150w, https:\/\/alianzanacional.com.uy\/web\/wp-content\/uploads\/2015\/04\/DSC_0029-Large-90x90.jpg 90w, https:\/\/alianzanacional.com.uy\/web\/wp-content\/uploads\/2015\/04\/DSC_0029-Large-60x60.jpg 60w, https:\/\/alianzanacional.com.uy\/web\/wp-content\/uploads\/2015\/04\/DSC_0029-Large-100x100.jpg 100w\" sizes=\"(max-width: 150px) 100vw, 150px\" \/><\/a>\n\t\t\t<\/div><\/figure><figure class='gallery-item'>\n\t\t\t<div class='gallery-icon landscape'>\n\t\t\t\t<a href='https:\/\/alianzanacional.com.uy\/web\/galeria-jorge-larranaga-en-paysandu-junto-a-los-candidatos-del-partido-nacional\/dsc_0037-large\/'><img loading=\"lazy\" decoding=\"async\" width=\"150\" height=\"150\" src=\"https:\/\/alianzanacional.com.uy\/web\/wp-content\/uploads\/2015\/04\/DSC_0037-Large-150x150.jpg\" class=\"attachment-thumbnail size-thumbnail\" alt=\"\" srcset=\"https:\/\/alianzanacional.com.uy\/web\/wp-content\/uploads\/2015\/04\/DSC_0037-Large-150x150.jpg 150w, https:\/\/alianzanacional.com.uy\/web\/wp-content\/uploads\/2015\/04\/DSC_0037-Large-90x90.jpg 90w, https:\/\/alianzanacional.com.uy\/web\/wp-content\/uploads\/2015\/04\/DSC_0037-Large-60x60.jpg 60w, https:\/\/alianzanacional.com.uy\/web\/wp-content\/uploads\/2015\/04\/DSC_0037-Large-100x100.jpg 100w\" sizes=\"(max-width: 150px) 100vw, 150px\" \/><\/a>\n\t\t\t<\/div><\/figure><figure class='gallery-item'>\n\t\t\t<div class='gallery-icon landscape'>\n\t\t\t\t<a href='https:\/\/alianzanacional.com.uy\/web\/galeria-jorge-larranaga-en-paysandu-junto-a-los-candidatos-del-partido-nacional\/dsc_0040-large\/'><img loading=\"lazy\" decoding=\"async\" width=\"150\" height=\"150\" src=\"https:\/\/alianzanacional.com.uy\/web\/wp-content\/uploads\/2015\/04\/DSC_0040-Large-150x150.jpg\" class=\"attachment-thumbnail size-thumbnail\" alt=\"\" srcset=\"https:\/\/alianzanacional.com.uy\/web\/wp-content\/uploads\/2015\/04\/DSC_0040-Large-150x150.jpg 150w, https:\/\/alianzanacional.com.uy\/web\/wp-content\/uploads\/2015\/04\/DSC_0040-Large-90x90.jpg 90w, https:\/\/alianzanacional.com.uy\/web\/wp-content\/uploads\/2015\/04\/DSC_0040-Large-60x60.jpg 60w, https:\/\/alianzanacional.com.uy\/web\/wp-content\/uploads\/2015\/04\/DSC_0040-Large-100x100.jpg 100w\" sizes=\"(max-width: 150px) 100vw, 150px\" \/><\/a>\n\t\t\t<\/div><\/figure><figure class='gallery-item'>\n\t\t\t<div class='gallery-icon landscape'>\n\t\t\t\t<a href='https:\/\/alianzanacional.com.uy\/web\/galeria-jorge-larranaga-en-paysandu-junto-a-los-candidatos-del-partido-nacional\/dsc_0045-large\/'><img loading=\"lazy\" decoding=\"async\" width=\"150\" height=\"150\" src=\"https:\/\/alianzanacional.com.uy\/web\/wp-content\/uploads\/2015\/04\/DSC_0045-Large-150x150.jpg\" class=\"attachment-thumbnail size-thumbnail\" alt=\"\" srcset=\"https:\/\/alianzanacional.com.uy\/web\/wp-content\/uploads\/2015\/04\/DSC_0045-Large-150x150.jpg 150w, https:\/\/alianzanacional.com.uy\/web\/wp-content\/uploads\/2015\/04\/DSC_0045-Large-90x90.jpg 90w, https:\/\/alianzanacional.com.uy\/web\/wp-content\/uploads\/2015\/04\/DSC_0045-Large-60x60.jpg 60w, https:\/\/alianzanacional.com.uy\/web\/wp-content\/uploads\/2015\/04\/DSC_0045-Large-100x100.jpg 100w\" sizes=\"(max-width: 150px) 100vw, 150px\" \/><\/a>\n\t\t\t<\/div><\/figure><figure class='gallery-item'>\n\t\t\t<div class='gallery-icon landscape'>\n\t\t\t\t<a href='https:\/\/alianzanacional.com.uy\/web\/galeria-jorge-larranaga-en-paysandu-junto-a-los-candidatos-del-partido-nacional\/dsc_0047-large\/'><img loading=\"lazy\" decoding=\"async\" width=\"150\" height=\"150\" src=\"https:\/\/alianzanacional.com.uy\/web\/wp-content\/uploads\/2015\/04\/DSC_0047-Large-150x150.jpg\" class=\"attachment-thumbnail size-thumbnail\" alt=\"\" srcset=\"https:\/\/alianzanacional.com.uy\/web\/wp-content\/uploads\/2015\/04\/DSC_0047-Large-150x150.jpg 150w, https:\/\/alianzanacional.com.uy\/web\/wp-content\/uploads\/2015\/04\/DSC_0047-Large-90x90.jpg 90w, https:\/\/alianzanacional.com.uy\/web\/wp-content\/uploads\/2015\/04\/DSC_0047-Large-60x60.jpg 60w, https:\/\/alianzanacional.com.uy\/web\/wp-content\/uploads\/2015\/04\/DSC_0047-Large-100x100.jpg 100w\" sizes=\"(max-width: 150px) 100vw, 150px\" \/><\/a>\n\t\t\t<\/div><\/figure><figure class='gallery-item'>\n\t\t\t<div class='gallery-icon landscape'>\n\t\t\t\t<a href='https:\/\/alianzanacional.com.uy\/web\/galeria-jorge-larranaga-en-paysandu-junto-a-los-candidatos-del-partido-nacional\/dsc_0054-large-2\/'><img loading=\"lazy\" decoding=\"async\" width=\"150\" height=\"150\" src=\"https:\/\/alianzanacional.com.uy\/web\/wp-content\/uploads\/2015\/04\/DSC_0054-Large1-150x150.jpg\" class=\"attachment-thumbnail size-thumbnail\" alt=\"\" srcset=\"https:\/\/alianzanacional.com.uy\/web\/wp-content\/uploads\/2015\/04\/DSC_0054-Large1-150x150.jpg 150w, https:\/\/alianzanacional.com.uy\/web\/wp-content\/uploads\/2015\/04\/DSC_0054-Large1-90x90.jpg 90w, https:\/\/alianzanacional.com.uy\/web\/wp-content\/uploads\/2015\/04\/DSC_0054-Large1-60x60.jpg 60w, https:\/\/alianzanacional.com.uy\/web\/wp-content\/uploads\/2015\/04\/DSC_0054-Large1-100x100.jpg 100w\" sizes=\"(max-width: 150px) 100vw, 150px\" \/><\/a>\n\t\t\t<\/div><\/figure><figure class='gallery-item'>\n\t\t\t<div class='gallery-icon landscape'>\n\t\t\t\t<a href='https:\/\/alianzanacional.com.uy\/web\/galeria-jorge-larranaga-en-paysandu-junto-a-los-candidatos-del-partido-nacional\/dsc_0063-large-2\/'><img loading=\"lazy\" decoding=\"async\" width=\"150\" height=\"150\" src=\"https:\/\/alianzanacional.com.uy\/web\/wp-content\/uploads\/2015\/04\/DSC_0063-Large1-150x150.jpg\" class=\"attachment-thumbnail size-thumbnail\" alt=\"\" srcset=\"https:\/\/alianzanacional.com.uy\/web\/wp-content\/uploads\/2015\/04\/DSC_0063-Large1-150x150.jpg 150w, https:\/\/alianzanacional.com.uy\/web\/wp-content\/uploads\/2015\/04\/DSC_0063-Large1-90x90.jpg 90w, https:\/\/alianzanacional.com.uy\/web\/wp-content\/uploads\/2015\/04\/DSC_0063-Large1-60x60.jpg 60w, https:\/\/alianzanacional.com.uy\/web\/wp-content\/uploads\/2015\/04\/DSC_0063-Large1-100x100.jpg 100w\" sizes=\"(max-width: 150px) 100vw, 150px\" \/><\/a>\n\t\t\t<\/div><\/figure><figure class='gallery-item'>\n\t\t\t<div class='gallery-icon landscape'>\n\t\t\t\t<a href='https:\/\/alianzanacional.com.uy\/web\/galeria-jorge-larranaga-en-paysandu-junto-a-los-candidatos-del-partido-nacional\/dsc_0064-large\/'><img loading=\"lazy\" decoding=\"async\" width=\"150\" height=\"150\" src=\"https:\/\/alianzanacional.com.uy\/web\/wp-content\/uploads\/2015\/04\/DSC_0064-Large-150x150.jpg\" class=\"attachment-thumbnail size-thumbnail\" alt=\"\" srcset=\"https:\/\/alianzanacional.com.uy\/web\/wp-content\/uploads\/2015\/04\/DSC_0064-Large-150x150.jpg 150w, https:\/\/alianzanacional.com.uy\/web\/wp-content\/uploads\/2015\/04\/DSC_0064-Large-90x90.jpg 90w, https:\/\/alianzanacional.com.uy\/web\/wp-content\/uploads\/2015\/04\/DSC_0064-Large-60x60.jpg 60w, https:\/\/alianzanacional.com.uy\/web\/wp-content\/uploads\/2015\/04\/DSC_0064-Large-100x100.jpg 100w\" sizes=\"(max-width: 150px) 100vw, 150px\" \/><\/a>\n\t\t\t<\/div><\/figure><figure class='gallery-item'>\n\t\t\t<div class='gallery-icon landscape'>\n\t\t\t\t<a href='https:\/\/alianzanacional.com.uy\/web\/galeria-jorge-larranaga-en-paysandu-junto-a-los-candidatos-del-partido-nacional\/dsc_0065-large\/'><img loading=\"lazy\" decoding=\"async\" width=\"150\" height=\"150\" src=\"https:\/\/alianzanacional.com.uy\/web\/wp-content\/uploads\/2015\/04\/DSC_0065-Large-150x150.jpg\" class=\"attachment-thumbnail size-thumbnail\" alt=\"\" srcset=\"https:\/\/alianzanacional.com.uy\/web\/wp-content\/uploads\/2015\/04\/DSC_0065-Large-150x150.jpg 150w, https:\/\/alianzanacional.com.uy\/web\/wp-content\/uploads\/2015\/04\/DSC_0065-Large-90x90.jpg 90w, https:\/\/alianzanacional.com.uy\/web\/wp-content\/uploads\/2015\/04\/DSC_0065-Large-60x60.jpg 60w, https:\/\/alianzanacional.com.uy\/web\/wp-content\/uploads\/2015\/04\/DSC_0065-Large-100x100.jpg 100w\" sizes=\"(max-width: 150px) 100vw, 150px\" \/><\/a>\n\t\t\t<\/div><\/figure><figure class='gallery-item'>\n\t\t\t<div class='gallery-icon landscape'>\n\t\t\t\t<a href='https:\/\/alianzanacional.com.uy\/web\/galeria-jorge-larranaga-en-paysandu-junto-a-los-candidatos-del-partido-nacional\/dsc_0073-large\/'><img loading=\"lazy\" decoding=\"async\" width=\"150\" height=\"150\" src=\"https:\/\/alianzanacional.com.uy\/web\/wp-content\/uploads\/2015\/04\/DSC_0073-Large-150x150.jpg\" class=\"attachment-thumbnail size-thumbnail\" alt=\"\" srcset=\"https:\/\/alianzanacional.com.uy\/web\/wp-content\/uploads\/2015\/04\/DSC_0073-Large-150x150.jpg 150w, https:\/\/alianzanacional.com.uy\/web\/wp-content\/uploads\/2015\/04\/DSC_0073-Large-90x90.jpg 90w, https:\/\/alianzanacional.com.uy\/web\/wp-content\/uploads\/2015\/04\/DSC_0073-Large-60x60.jpg 60w, https:\/\/alianzanacional.com.uy\/web\/wp-content\/uploads\/2015\/04\/DSC_0073-Large-100x100.jpg 100w\" sizes=\"(max-width: 150px) 100vw, 150px\" \/><\/a>\n\t\t\t<\/div><\/figure><figure class='gallery-item'>\n\t\t\t<div class='gallery-icon landscape'>\n\t\t\t\t<a href='https:\/\/alianzanacional.com.uy\/web\/galeria-jorge-larranaga-en-paysandu-junto-a-los-candidatos-del-partido-nacional\/dsc_0077-large\/'><img loading=\"lazy\" decoding=\"async\" width=\"150\" height=\"150\" src=\"https:\/\/alianzanacional.com.uy\/web\/wp-content\/uploads\/2015\/04\/DSC_0077-Large-150x150.jpg\" class=\"attachment-thumbnail size-thumbnail\" alt=\"\" srcset=\"https:\/\/alianzanacional.com.uy\/web\/wp-content\/uploads\/2015\/04\/DSC_0077-Large-150x150.jpg 150w, https:\/\/alianzanacional.com.uy\/web\/wp-content\/uploads\/2015\/04\/DSC_0077-Large-90x90.jpg 90w, https:\/\/alianzanacional.com.uy\/web\/wp-content\/uploads\/2015\/04\/DSC_0077-Large-60x60.jpg 60w, https:\/\/alianzanacional.com.uy\/web\/wp-content\/uploads\/2015\/04\/DSC_0077-Large-100x100.jpg 100w\" sizes=\"(max-width: 150px) 100vw, 150px\" \/><\/a>\n\t\t\t<\/div><\/figure><figure class='gallery-item'>\n\t\t\t<div class='gallery-icon landscape'>\n\t\t\t\t<a href='https:\/\/alianzanacional.com.uy\/web\/galeria-jorge-larranaga-en-paysandu-junto-a-los-candidatos-del-partido-nacional\/dsc_0079-large\/'><img loading=\"lazy\" decoding=\"async\" width=\"150\" height=\"150\" src=\"https:\/\/alianzanacional.com.uy\/web\/wp-content\/uploads\/2015\/04\/DSC_0079-Large-150x150.jpg\" class=\"attachment-thumbnail size-thumbnail\" alt=\"\" srcset=\"https:\/\/alianzanacional.com.uy\/web\/wp-content\/uploads\/2015\/04\/DSC_0079-Large-150x150.jpg 150w, https:\/\/alianzanacional.com.uy\/web\/wp-content\/uploads\/2015\/04\/DSC_0079-Large-90x90.jpg 90w, https:\/\/alianzanacional.com.uy\/web\/wp-content\/uploads\/2015\/04\/DSC_0079-Large-60x60.jpg 60w, https:\/\/alianzanacional.com.uy\/web\/wp-content\/uploads\/2015\/04\/DSC_0079-Large-100x100.jpg 100w\" sizes=\"(max-width: 150px) 100vw, 150px\" \/><\/a>\n\t\t\t<\/div><\/figure><figure class='gallery-item'>\n\t\t\t<div class='gallery-icon landscape'>\n\t\t\t\t<a href='https:\/\/alianzanacional.com.uy\/web\/galeria-jorge-larranaga-en-paysandu-junto-a-los-candidatos-del-partido-nacional\/dsc_0090-large\/'><img loading=\"lazy\" decoding=\"async\" width=\"150\" height=\"150\" src=\"https:\/\/alianzanacional.com.uy\/web\/wp-content\/uploads\/2015\/04\/DSC_0090-Large-150x150.jpg\" class=\"attachment-thumbnail size-thumbnail\" alt=\"\" srcset=\"https:\/\/alianzanacional.com.uy\/web\/wp-content\/uploads\/2015\/04\/DSC_0090-Large-150x150.jpg 150w, https:\/\/alianzanacional.com.uy\/web\/wp-content\/uploads\/2015\/04\/DSC_0090-Large-90x90.jpg 90w, https:\/\/alianzanacional.com.uy\/web\/wp-content\/uploads\/2015\/04\/DSC_0090-Large-60x60.jpg 60w, https:\/\/alianzanacional.com.uy\/web\/wp-content\/uploads\/2015\/04\/DSC_0090-Large-100x100.jpg 100w\" sizes=\"(max-width: 150px) 100vw, 150px\" \/><\/a>\n\t\t\t<\/div><\/figure><figure class='gallery-item'>\n\t\t\t<div class='gallery-icon landscape'>\n\t\t\t\t<a href='https:\/\/alianzanacional.com.uy\/web\/galeria-jorge-larranaga-en-paysandu-junto-a-los-candidatos-del-partido-nacional\/dsc_0091-large-2\/'><img loading=\"lazy\" decoding=\"async\" width=\"150\" height=\"150\" src=\"https:\/\/alianzanacional.com.uy\/web\/wp-content\/uploads\/2015\/04\/DSC_0091-Large1-150x150.jpg\" class=\"attachment-thumbnail size-thumbnail\" alt=\"\" srcset=\"https:\/\/alianzanacional.com.uy\/web\/wp-content\/uploads\/2015\/04\/DSC_0091-Large1-150x150.jpg 150w, https:\/\/alianzanacional.com.uy\/web\/wp-content\/uploads\/2015\/04\/DSC_0091-Large1-90x90.jpg 90w, https:\/\/alianzanacional.com.uy\/web\/wp-content\/uploads\/2015\/04\/DSC_0091-Large1-60x60.jpg 60w, https:\/\/alianzanacional.com.uy\/web\/wp-content\/uploads\/2015\/04\/DSC_0091-Large1-100x100.jpg 100w\" sizes=\"(max-width: 150px) 100vw, 150px\" \/><\/a>\n\t\t\t<\/div><\/figure><figure class='gallery-item'>\n\t\t\t<div class='gallery-icon landscape'>\n\t\t\t\t<a href='https:\/\/alianzanacional.com.uy\/web\/galeria-jorge-larranaga-en-paysandu-junto-a-los-candidatos-del-partido-nacional\/dsc_0095-large\/'><img loading=\"lazy\" decoding=\"async\" width=\"150\" height=\"150\" src=\"https:\/\/alianzanacional.com.uy\/web\/wp-content\/uploads\/2015\/04\/DSC_0095-Large-150x150.jpg\" class=\"attachment-thumbnail size-thumbnail\" alt=\"\" srcset=\"https:\/\/alianzanacional.com.uy\/web\/wp-content\/uploads\/2015\/04\/DSC_0095-Large-150x150.jpg 150w, https:\/\/alianzanacional.com.uy\/web\/wp-content\/uploads\/2015\/04\/DSC_0095-Large-90x90.jpg 90w, https:\/\/alianzanacional.com.uy\/web\/wp-content\/uploads\/2015\/04\/DSC_0095-Large-60x60.jpg 60w, https:\/\/alianzanacional.com.uy\/web\/wp-content\/uploads\/2015\/04\/DSC_0095-Large-100x100.jpg 100w\" sizes=\"(max-width: 150px) 100vw, 150px\" \/><\/a>\n\t\t\t<\/div><\/figure><figure class='gallery-item'>\n\t\t\t<div class='gallery-icon landscape'>\n\t\t\t\t<a href='https:\/\/alianzanacional.com.uy\/web\/galeria-jorge-larranaga-en-paysandu-junto-a-los-candidatos-del-partido-nacional\/dsc_0099-large\/'><img loading=\"lazy\" decoding=\"async\" width=\"150\" height=\"150\" src=\"https:\/\/alianzanacional.com.uy\/web\/wp-content\/uploads\/2015\/04\/DSC_0099-Large-150x150.jpg\" class=\"attachment-thumbnail size-thumbnail\" alt=\"\" srcset=\"https:\/\/alianzanacional.com.uy\/web\/wp-content\/uploads\/2015\/04\/DSC_0099-Large-150x150.jpg 150w, https:\/\/alianzanacional.com.uy\/web\/wp-content\/uploads\/2015\/04\/DSC_0099-Large-90x90.jpg 90w, https:\/\/alianzanacional.com.uy\/web\/wp-content\/uploads\/2015\/04\/DSC_0099-Large-60x60.jpg 60w, https:\/\/alianzanacional.com.uy\/web\/wp-content\/uploads\/2015\/04\/DSC_0099-Large-100x100.jpg 100w\" sizes=\"(max-width: 150px) 100vw, 150px\" \/><\/a>\n\t\t\t<\/div><\/figure><figure class='gallery-item'>\n\t\t\t<div class='gallery-icon landscape'>\n\t\t\t\t<a href='https:\/\/alianzanacional.com.uy\/web\/galeria-jorge-larranaga-en-paysandu-junto-a-los-candidatos-del-partido-nacional\/dsc_0108-large\/'><img loading=\"lazy\" decoding=\"async\" width=\"150\" height=\"150\" src=\"https:\/\/alianzanacional.com.uy\/web\/wp-content\/uploads\/2015\/04\/DSC_0108-Large-150x150.jpg\" class=\"attachment-thumbnail size-thumbnail\" alt=\"\" srcset=\"https:\/\/alianzanacional.com.uy\/web\/wp-content\/uploads\/2015\/04\/DSC_0108-Large-150x150.jpg 150w, https:\/\/alianzanacional.com.uy\/web\/wp-content\/uploads\/2015\/04\/DSC_0108-Large-90x90.jpg 90w, https:\/\/alianzanacional.com.uy\/web\/wp-content\/uploads\/2015\/04\/DSC_0108-Large-60x60.jpg 60w, https:\/\/alianzanacional.com.uy\/web\/wp-content\/uploads\/2015\/04\/DSC_0108-Large-100x100.jpg 100w\" sizes=\"(max-width: 150px) 100vw, 150px\" \/><\/a>\n\t\t\t<\/div><\/figure><figure class='gallery-item'>\n\t\t\t<div class='gallery-icon landscape'>\n\t\t\t\t<a href='https:\/\/alianzanacional.com.uy\/web\/galeria-jorge-larranaga-en-paysandu-junto-a-los-candidatos-del-partido-nacional\/dsc_0114-large\/'><img loading=\"lazy\" decoding=\"async\" width=\"150\" height=\"150\" src=\"https:\/\/alianzanacional.com.uy\/web\/wp-content\/uploads\/2015\/04\/DSC_0114-Large-150x150.jpg\" class=\"attachment-thumbnail size-thumbnail\" alt=\"\" srcset=\"https:\/\/alianzanacional.com.uy\/web\/wp-content\/uploads\/2015\/04\/DSC_0114-Large-150x150.jpg 150w, https:\/\/alianzanacional.com.uy\/web\/wp-content\/uploads\/2015\/04\/DSC_0114-Large-90x90.jpg 90w, https:\/\/alianzanacional.com.uy\/web\/wp-content\/uploads\/2015\/04\/DSC_0114-Large-60x60.jpg 60w, https:\/\/alianzanacional.com.uy\/web\/wp-content\/uploads\/2015\/04\/DSC_0114-Large-100x100.jpg 100w\" sizes=\"(max-width: 150px) 100vw, 150px\" \/><\/a>\n\t\t\t<\/div><\/figure><figure class='gallery-item'>\n\t\t\t<div class='gallery-icon landscape'>\n\t\t\t\t<a href='https:\/\/alianzanacional.com.uy\/web\/galeria-jorge-larranaga-en-paysandu-junto-a-los-candidatos-del-partido-nacional\/dsc_0130-large\/'><img loading=\"lazy\" decoding=\"async\" width=\"150\" height=\"150\" src=\"https:\/\/alianzanacional.com.uy\/web\/wp-content\/uploads\/2015\/04\/DSC_0130-Large-150x150.jpg\" class=\"attachment-thumbnail size-thumbnail\" alt=\"\" srcset=\"https:\/\/alianzanacional.com.uy\/web\/wp-content\/uploads\/2015\/04\/DSC_0130-Large-150x150.jpg 150w, https:\/\/alianzanacional.com.uy\/web\/wp-content\/uploads\/2015\/04\/DSC_0130-Large-90x90.jpg 90w, https:\/\/alianzanacional.com.uy\/web\/wp-content\/uploads\/2015\/04\/DSC_0130-Large-60x60.jpg 60w, https:\/\/alianzanacional.com.uy\/web\/wp-content\/uploads\/2015\/04\/DSC_0130-Large-100x100.jpg 100w\" sizes=\"(max-width: 150px) 100vw, 150px\" \/><\/a>\n\t\t\t<\/div><\/figure><figure class='gallery-item'>\n\t\t\t<div class='gallery-icon landscape'>\n\t\t\t\t<a href='https:\/\/alianzanacional.com.uy\/web\/galeria-jorge-larranaga-en-paysandu-junto-a-los-candidatos-del-partido-nacional\/dsc_0136-large\/'><img loading=\"lazy\" decoding=\"async\" width=\"150\" height=\"150\" src=\"https:\/\/alianzanacional.com.uy\/web\/wp-content\/uploads\/2015\/04\/DSC_0136-Large-150x150.jpg\" class=\"attachment-thumbnail size-thumbnail\" alt=\"\" srcset=\"https:\/\/alianzanacional.com.uy\/web\/wp-content\/uploads\/2015\/04\/DSC_0136-Large-150x150.jpg 150w, https:\/\/alianzanacional.com.uy\/web\/wp-content\/uploads\/2015\/04\/DSC_0136-Large-90x90.jpg 90w, https:\/\/alianzanacional.com.uy\/web\/wp-content\/uploads\/2015\/04\/DSC_0136-Large-60x60.jpg 60w, https:\/\/alianzanacional.com.uy\/web\/wp-content\/uploads\/2015\/04\/DSC_0136-Large-100x100.jpg 100w\" sizes=\"(max-width: 150px) 100vw, 150px\" \/><\/a>\n\t\t\t<\/div><\/figure><figure class='gallery-item'>\n\t\t\t<div class='gallery-icon landscape'>\n\t\t\t\t<a href='https:\/\/alianzanacional.com.uy\/web\/galeria-jorge-larranaga-en-paysandu-junto-a-los-candidatos-del-partido-nacional\/dsc_0148-large\/'><img loading=\"lazy\" decoding=\"async\" width=\"150\" height=\"150\" src=\"https:\/\/alianzanacional.com.uy\/web\/wp-content\/uploads\/2015\/04\/DSC_0148-Large-150x150.jpg\" class=\"attachment-thumbnail size-thumbnail\" alt=\"\" srcset=\"https:\/\/alianzanacional.com.uy\/web\/wp-content\/uploads\/2015\/04\/DSC_0148-Large-150x150.jpg 150w, https:\/\/alianzanacional.com.uy\/web\/wp-content\/uploads\/2015\/04\/DSC_0148-Large-90x90.jpg 90w, https:\/\/alianzanacional.com.uy\/web\/wp-content\/uploads\/2015\/04\/DSC_0148-Large-60x60.jpg 60w, https:\/\/alianzanacional.com.uy\/web\/wp-content\/uploads\/2015\/04\/DSC_0148-Large-100x100.jpg 100w\" sizes=\"(max-width: 150px) 100vw, 150px\" \/><\/a>\n\t\t\t<\/div><\/figure><figure class='gallery-item'>\n\t\t\t<div class='gallery-icon landscape'>\n\t\t\t\t<a href='https:\/\/alianzanacional.com.uy\/web\/galeria-jorge-larranaga-en-paysandu-junto-a-los-candidatos-del-partido-nacional\/dsc_0169-large\/'><img loading=\"lazy\" decoding=\"async\" width=\"150\" height=\"150\" src=\"https:\/\/alianzanacional.com.uy\/web\/wp-content\/uploads\/2015\/04\/DSC_0169-Large-150x150.jpg\" class=\"attachment-thumbnail size-thumbnail\" alt=\"\" srcset=\"https:\/\/alianzanacional.com.uy\/web\/wp-content\/uploads\/2015\/04\/DSC_0169-Large-150x150.jpg 150w, https:\/\/alianzanacional.com.uy\/web\/wp-content\/uploads\/2015\/04\/DSC_0169-Large-90x90.jpg 90w, https:\/\/alianzanacional.com.uy\/web\/wp-content\/uploads\/2015\/04\/DSC_0169-Large-60x60.jpg 60w, https:\/\/alianzanacional.com.uy\/web\/wp-content\/uploads\/2015\/04\/DSC_0169-Large-100x100.jpg 100w\" sizes=\"(max-width: 150px) 100vw, 150px\" \/><\/a>\n\t\t\t<\/div><\/figure><figure class='gallery-item'>\n\t\t\t<div class='gallery-icon landscape'>\n\t\t\t\t<a href='https:\/\/alianzanacional.com.uy\/web\/galeria-jorge-larranaga-en-paysandu-junto-a-los-candidatos-del-partido-nacional\/dsc_0172-large\/'><img loading=\"lazy\" decoding=\"async\" width=\"150\" height=\"150\" src=\"https:\/\/alianzanacional.com.uy\/web\/wp-content\/uploads\/2015\/04\/DSC_0172-Large-150x150.jpg\" class=\"attachment-thumbnail size-thumbnail\" alt=\"\" srcset=\"https:\/\/alianzanacional.com.uy\/web\/wp-content\/uploads\/2015\/04\/DSC_0172-Large-150x150.jpg 150w, https:\/\/alianzanacional.com.uy\/web\/wp-content\/uploads\/2015\/04\/DSC_0172-Large-90x90.jpg 90w, https:\/\/alianzanacional.com.uy\/web\/wp-content\/uploads\/2015\/04\/DSC_0172-Large-60x60.jpg 60w, https:\/\/alianzanacional.com.uy\/web\/wp-content\/uploads\/2015\/04\/DSC_0172-Large-100x100.jpg 100w\" sizes=\"(max-width: 150px) 100vw, 150px\" \/><\/a>\n\t\t\t<\/div><\/figure>\n\t\t<\/div>\n\n","protected":false},"excerpt":{"rendered":"","protected":false},"author":1,"featured_media":25661,"comment_status":"open","ping_status":"open","sticky":false,"template":"","format":"standard","meta":{"footnotes":""},"categories":[23],"tags":[],"class_list":["post-25605","post","type-post","status-publish","format-standard","has-post-thumbnail","hentry","category-fotos"],"_links":{"self":[{"href":"https:\/\/alianzanacional.com.uy\/web\/wp-json\/wp\/v2\/posts\/25605","targetHints":{"allow":["GET"]}}],"collection":[{"href":"https:\/\/alianzanacional.com.uy\/web\/wp-json\/wp\/v2\/posts"}],"about":[{"href":"https:\/\/alianzanacional.com.uy\/web\/wp-json\/wp\/v2\/types\/post"}],"author":[{"embeddable":true,"href":"https:\/\/alianzanacional.com.uy\/web\/wp-json\/wp\/v2\/users\/1"}],"replies":[{"embeddable":true,"href":"https:\/\/alianzanacional.com.uy\/web\/wp-json\/wp\/v2\/comments?post=25605"}],"version-history":[{"count":2,"href":"https:\/\/alianzanacional.com.uy\/web\/wp-json\/wp\/v2\/posts\/25605\/revisions"}],"predecessor-version":[{"id":25705,"href":"https:\/\/alianzanacional.com.uy\/web\/wp-json\/wp\/v2\/posts\/25605\/revisions\/25705"}],"wp:featuredmedia":[{"embeddable":true,"href":"https:\/\/alianzanacional.com.uy\/web\/wp-json\/wp\/v2\/media\/25661"}],"wp:attachment":[{"href":"https:\/\/alianzanacional.com.uy\/web\/wp-json\/wp\/v2\/media?parent=25605"}],"wp:term":[{"taxonomy":"category","embeddable":true,"href":"https:\/\/alianzanacional.com.uy\/web\/wp-json\/wp\/v2\/categories?post=25605"},{"taxonomy":"post_tag","embeddable":true,"href":"https:\/\/alianzanacional.com.uy\/web\/wp-json\/wp\/v2\/tags?post=25605"}],"curies":[{"name":"wp","href":"https:\/\/api.w.org\/{rel}","templated":true}]}}