{"id":25706,"date":"2015-04-28T20:18:10","date_gmt":"2015-04-28T22:18:10","guid":{"rendered":"http:\/\/alianzanacional.com.uy\/web\/?p=25706"},"modified":"2015-04-28T20:18:24","modified_gmt":"2015-04-28T22:18:24","slug":"daniel-arcieri-larranaga-fue-durante-10-anos-un-intendente-excepcional-es-con-quien-me-siento-mas-identificado","status":"publish","type":"post","link":"https:\/\/alianzanacional.com.uy\/web\/daniel-arcieri-larranaga-fue-durante-10-anos-un-intendente-excepcional-es-con-quien-me-siento-mas-identificado\/","title":{"rendered":"Daniel Arcieri:  \u201cLarra\u00f1aga fue durante 10 a\u00f1os un intendente excepcional, es con quien me siento m\u00e1s identificado\u00bb"},"content":{"rendered":"<p><a href=\"https:\/\/alianzanacional.com.uy\/web\/wp-content\/uploads\/2015\/04\/CDrBq2IWIAA1bkA.jpg\"><img fetchpriority=\"high\" decoding=\"async\" src=\"https:\/\/alianzanacional.com.uy\/web\/wp-content\/uploads\/2015\/04\/CDrBq2IWIAA1bkA.jpg\" alt=\"CDrBq2IWIAA1bkA\" width=\"600\" height=\"450\" class=\"alignnone size-full wp-image-25707\" srcset=\"https:\/\/alianzanacional.com.uy\/web\/wp-content\/uploads\/2015\/04\/CDrBq2IWIAA1bkA.jpg 600w, https:\/\/alianzanacional.com.uy\/web\/wp-content\/uploads\/2015\/04\/CDrBq2IWIAA1bkA-400x300.jpg 400w\" sizes=\"(max-width: 600px) 100vw, 600px\" \/><\/a><\/p>\n<p>En la jornada de hoy, martes 27 de abril, el candidato a la Intendencia de Paysand\u00fa, Daniel Arcieri, fue entrevistado en Telebuend\u00eda por el periodista Nicol\u00e1s Nu\u00f1ez.<\/p>\n<p>Consultado acerca de por qu\u00e9 los tres candidatos nacionalistas pertenecen a Alianza Nacional, y cu\u00e1l es la relaci\u00f3n con el otro sector del Partido nacional, Arcieri expres\u00f3: \u201cAc\u00e1 en Paysand\u00fa hay un equipo de Alianza, hay distintos sectores, donde Jorge Larra\u00f1aga a nivel nacional es el l\u00edder de nuestro sector. Hay un 86 % del electorado marcado claramente en las elecciones internas y obviamente en la Convenci\u00f3n, que es de Alianza Nacional, pero ac\u00e1 hay una complementaci\u00f3n de fuerzas, de trabajo, de personas y dirigentes que nos conocemos hace muchos a\u00f1os\u201d.<\/p>\n<p><strong>\u201cLarra\u00f1aga fue durante 10 a\u00f1os un Intendente excepcional\u201d<br \/>\n<\/strong><br \/>\nEl candidato nacionalista expres\u00f3: \u201cClaro est\u00e1 que el liderazgo que ejerce Larra\u00f1aga en el departamento y en el nacionalismo en general es obvio, fue durante 10 a\u00f1os un Intendente excepcional, es con quien yo me siento m\u00e1s identificado de todas las gestiones de gobierno de cualquier partido en el departamento de Paysand\u00fa, en el liderazgo que se ejerci\u00f3 frente a un gobierno municipal\u201d.<\/p>\n<p><strong>\u201cEn mayo hay sanduceros eligiendo a su vecino para que sea su intendente\u201d<br \/>\n<\/strong><br \/>\nArcieri indic\u00f3 que: \u201cAc\u00e1 es claro que el sanducero elije independiente del resultado de las elecciones de octubre. Hay muchas personas que votaron al Frente en octubre y que hoy est\u00e1n acompa\u00f1ando alguna de las tres candidaturas del Partido Nacional. Es una decisi\u00f3n de los sanduceros eligiendo a su vecino para que sea su intendente y gobierne el departamento de la mejora manera\u201d.<\/p>\n<p><strong>\u201cSe hizo un poco de folklore electoralista\u201d<br \/>\n<\/strong><br \/>\nRefiri\u00e9ndose a la suspensi\u00f3n de las sesiones ordinarias de la Junta Departamental de Paysand\u00fa, Arcieri expres\u00f3: \u201cYo he sido Presidente de la Junta en dos oportunidades, y no lo hubiera hecho as\u00ed, de ese modo. De hecho la Junta sigui\u00f3 funcionando. Se hizo un poco de folklore electoralista con el tema porque era un tema ya conversado.\u201d<\/p>\n<p>Con respecto a las acusaciones realizadas hacia la organizaci\u00f3n de la 48\u00ba Semana de la Cerveza, Arcieri indic\u00f3 que las Comisiones Investigadoras sobre ese tema segu\u00edan trabajando y que se trat\u00f3 el tema muchas veces durante los \u00faltimos 2 a\u00f1os. No es un tema de actualidad, del momento, pero algunos s\u00ed quieren utilizarlo electoralmente\u201d.<\/p>\n<p><strong>Sobresueldos. \u201cEsto se inicia a partir de una reestructura que promueve Pintos\u201d<br \/>\n<\/strong><br \/>\nEl candidato nacionalista subray\u00f3: \u201cEn la administraci\u00f3n Pintos hubo sobresueldos. Yo voy a ser claro\u2026 en una administraci\u00f3n Arcieri voy a hacer como hac\u00eda Larra\u00f1aga, como cuando fui Director de Servicios en la Administraci\u00f3n Lamas, no exist\u00edan los sobresueldos. Esto se inicia a partir de una reestructura que promueve Pintos\u201d.<\/p>\n<p><strong>\u201cLa situaci\u00f3n econ\u00f3mica de la Intendencia es mejor que la que nos dej\u00f3 Pintos\u201d<br \/>\n<\/strong><br \/>\nConsultado acerca de cu\u00e1l es la situaci\u00f3n actual de la intendencia en materia econ\u00f3mica Arcieri indic\u00f3 que \u201cla situaci\u00f3n es mejor que la que nos dej\u00f3 Pintos. Yo estuve entre el 2000 y el 2003 como Director General y ah\u00ed hubo crisis, no hab\u00eda un peso partido al medio para las arcas municipales, para la gente, para los sanduceros ir y pagar los tributos, Despu\u00e9s empez\u00f3 a recuperarse lentamente el pa\u00eds, no fue despu\u00e9s del 2004 que se sufri\u00f3 la crisis, fue antes, en la administraci\u00f3n nacionalista y as\u00ed y todo llevamos adelante cambios sustanciales. Y para el futuro creo que encontraremos una intendencia mucho mejor para el Partido Nacional hoy, dejada por la administraci\u00f3n Bentos, que lo que hered\u00f3 la administraci\u00f3n Bentos de la administraci\u00f3n de Pintos\u201d<\/p>\n<p>Arcieri fue enf\u00e1tico y claro e indic\u00f3 que en las administraciones nacionalistas no hubo que sacar cr\u00e9ditos en el Banco Rep\u00fablica para pagar funcionamiento, \u201ccosa que si hizo el ex intendente Pintos en su administraci\u00f3n de gobierno\u201d.<\/p>\n<p><strong>Aumento de funcionarios municipales en gesti\u00f3n frenteamplista<br \/>\n<\/strong><br \/>\n\u201cCuando asume el ex intendente Pintos la intendencia pas\u00f3 de mil trescientos y pico a mil novecientos treinta y dos al  31 de diciembre del 2009, casi 600 empleados m\u00e1s ingresados en la administraci\u00f3n frenteamplista\u201d.<\/p>\n<p><strong>\u00bfM\u00e1s impuestos?<br \/>\n<\/strong><br \/>\nArcieri fue enf\u00e1tico en expresar que cree que de ganar el Frente en Paysand\u00fa se vendr\u00eda un aumento exponencial, de los impuestos. <\/p>\n<p>Al respecto, expres\u00f3 que \u201cEn una situaci\u00f3n econ\u00f3mica en donde el pa\u00eds sal\u00eda de la crisis, la administraci\u00f3n Pintos Caraballo comenz\u00f3 a aplicar el catastro BID, algo que los nacionalistas no quisimos aplicar en la administraci\u00f3n Lamas y algo en lo que tambi\u00e9n fue muy considerado Jorge Larra\u00f1aga, que es en generar franjas de bonificaci\u00f3n para el pago de la tributaci\u00f3n municipal, fundamentalmente de contribuci\u00f3n urbana, para los sectores de menos recursos y de un inmueble de bajo valor. <\/p>\n<p>Esto me hace pensar que (en una hipot\u00e9tica administraci\u00f3n del FA en Paysand\u00fa) se va a aplicar lo que aqu\u00ed en Montevideo se establece en el Plan de gobierno del Frente Amplio\u201d, utilizando como par\u00e1metro el valor de mercado con el consiguiente aumento de la tributaci\u00f3n\u201d<\/p>\n<p>Agreg\u00f3 que el gobierno del Partido Nacional no aplicar\u00e1 ese criterio. \u201cEs m\u00e1s, en la administraci\u00f3n actual se ampli\u00f3 la bonificaci\u00f3n para los padrones de menor valor, con bonificaciones del 100% para los 5000 primeros y de 90 y 80% para los padrones subsiguientes\u201d.  <\/p>\n","protected":false},"excerpt":{"rendered":"<p>En la jornada de hoy, martes 27 de abril, el candidato a la Intendencia de Paysand\u00fa, Daniel Arcieri, fue entrevistado en Telebuend\u00eda por el periodista Nicol\u00e1s Nu\u00f1ez. Consultado acerca de por qu\u00e9 los tres candidatos nacionalistas pertenecen a Alianza Nacional, y cu\u00e1l es la relaci\u00f3n con el otro sector del Partido nacional, Arcieri expres\u00f3: \u201cAc\u00e1 [&hellip;]<\/p>\n","protected":false},"author":1,"featured_media":25707,"comment_status":"open","ping_status":"open","sticky":false,"template":"","format":"standard","meta":{"footnotes":""},"categories":[163],"tags":[],"class_list":["post-25706","post","type-post","status-publish","format-standard","has-post-thumbnail","hentry","category-entrevistas"],"_links":{"self":[{"href":"https:\/\/alianzanacional.com.uy\/web\/wp-json\/wp\/v2\/posts\/25706","targetHints":{"allow":["GET"]}}],"collection":[{"href":"https:\/\/alianzanacional.com.uy\/web\/wp-json\/wp\/v2\/posts"}],"about":[{"href":"https:\/\/alianzanacional.com.uy\/web\/wp-json\/wp\/v2\/types\/post"}],"author":[{"embeddable":true,"href":"https:\/\/alianzanacional.com.uy\/web\/wp-json\/wp\/v2\/users\/1"}],"replies":[{"embeddable":true,"href":"https:\/\/alianzanacional.com.uy\/web\/wp-json\/wp\/v2\/comments?post=25706"}],"version-history":[{"count":2,"href":"https:\/\/alianzanacional.com.uy\/web\/wp-json\/wp\/v2\/posts\/25706\/revisions"}],"predecessor-version":[{"id":25709,"href":"https:\/\/alianzanacional.com.uy\/web\/wp-json\/wp\/v2\/posts\/25706\/revisions\/25709"}],"wp:featuredmedia":[{"embeddable":true,"href":"https:\/\/alianzanacional.com.uy\/web\/wp-json\/wp\/v2\/media\/25707"}],"wp:attachment":[{"href":"https:\/\/alianzanacional.com.uy\/web\/wp-json\/wp\/v2\/media?parent=25706"}],"wp:term":[{"taxonomy":"category","embeddable":true,"href":"https:\/\/alianzanacional.com.uy\/web\/wp-json\/wp\/v2\/categories?post=25706"},{"taxonomy":"post_tag","embeddable":true,"href":"https:\/\/alianzanacional.com.uy\/web\/wp-json\/wp\/v2\/tags?post=25706"}],"curies":[{"name":"wp","href":"https:\/\/api.w.org\/{rel}","templated":true}]}}