{"id":25715,"date":"2015-05-07T09:10:09","date_gmt":"2015-05-07T11:10:09","guid":{"rendered":"http:\/\/alianzanacional.com.uy\/web\/?p=25715"},"modified":"2015-05-07T09:15:49","modified_gmt":"2015-05-07T11:15:49","slug":"galeria-gran-cierre-de-campana-en-paysandu","status":"publish","type":"post","link":"https:\/\/alianzanacional.com.uy\/web\/galeria-gran-cierre-de-campana-en-paysandu\/","title":{"rendered":"GALER\u00cdA | Gran cierre de campa\u00f1a en Paysand\u00fa"},"content":{"rendered":"<div id='gallery-1' class='gallery galleryid-25715 gallery-columns-3 gallery-size-thumbnail'><figure class='gallery-item'>\n\t\t\t<div class='gallery-icon landscape'>\n\t\t\t\t<a href='https:\/\/alianzanacional.com.uy\/web\/galeria-gran-cierre-de-campana-en-paysandu\/caravana_1z5a1634-medium\/'><img decoding=\"async\" width=\"150\" height=\"150\" src=\"https:\/\/alianzanacional.com.uy\/web\/wp-content\/uploads\/2015\/05\/CARAVANA_1Z5A1634-Medium-150x150.jpg\" class=\"attachment-thumbnail size-thumbnail\" alt=\"\" srcset=\"https:\/\/alianzanacional.com.uy\/web\/wp-content\/uploads\/2015\/05\/CARAVANA_1Z5A1634-Medium-150x150.jpg 150w, https:\/\/alianzanacional.com.uy\/web\/wp-content\/uploads\/2015\/05\/CARAVANA_1Z5A1634-Medium-90x90.jpg 90w, https:\/\/alianzanacional.com.uy\/web\/wp-content\/uploads\/2015\/05\/CARAVANA_1Z5A1634-Medium-60x60.jpg 60w, https:\/\/alianzanacional.com.uy\/web\/wp-content\/uploads\/2015\/05\/CARAVANA_1Z5A1634-Medium-100x100.jpg 100w\" sizes=\"(max-width: 150px) 100vw, 150px\" \/><\/a>\n\t\t\t<\/div><\/figure><figure class='gallery-item'>\n\t\t\t<div class='gallery-icon landscape'>\n\t\t\t\t<a href='https:\/\/alianzanacional.com.uy\/web\/galeria-gran-cierre-de-campana-en-paysandu\/caravana_img_6830-medium\/'><img decoding=\"async\" width=\"150\" height=\"150\" src=\"https:\/\/alianzanacional.com.uy\/web\/wp-content\/uploads\/2015\/05\/CARAVANA_IMG_6830-Medium-150x150.jpg\" class=\"attachment-thumbnail size-thumbnail\" alt=\"\" srcset=\"https:\/\/alianzanacional.com.uy\/web\/wp-content\/uploads\/2015\/05\/CARAVANA_IMG_6830-Medium-150x150.jpg 150w, https:\/\/alianzanacional.com.uy\/web\/wp-content\/uploads\/2015\/05\/CARAVANA_IMG_6830-Medium-90x90.jpg 90w, https:\/\/alianzanacional.com.uy\/web\/wp-content\/uploads\/2015\/05\/CARAVANA_IMG_6830-Medium-60x60.jpg 60w, https:\/\/alianzanacional.com.uy\/web\/wp-content\/uploads\/2015\/05\/CARAVANA_IMG_6830-Medium-100x100.jpg 100w\" sizes=\"(max-width: 150px) 100vw, 150px\" \/><\/a>\n\t\t\t<\/div><\/figure><figure class='gallery-item'>\n\t\t\t<div class='gallery-icon landscape'>\n\t\t\t\t<a href='https:\/\/alianzanacional.com.uy\/web\/galeria-gran-cierre-de-campana-en-paysandu\/caravana_img_6647-medium\/'><img decoding=\"async\" width=\"150\" height=\"150\" src=\"https:\/\/alianzanacional.com.uy\/web\/wp-content\/uploads\/2015\/05\/CARAVANA_IMG_6647-Medium-150x150.jpg\" class=\"attachment-thumbnail size-thumbnail\" alt=\"\" srcset=\"https:\/\/alianzanacional.com.uy\/web\/wp-content\/uploads\/2015\/05\/CARAVANA_IMG_6647-Medium-150x150.jpg 150w, https:\/\/alianzanacional.com.uy\/web\/wp-content\/uploads\/2015\/05\/CARAVANA_IMG_6647-Medium-90x90.jpg 90w, https:\/\/alianzanacional.com.uy\/web\/wp-content\/uploads\/2015\/05\/CARAVANA_IMG_6647-Medium-60x60.jpg 60w, https:\/\/alianzanacional.com.uy\/web\/wp-content\/uploads\/2015\/05\/CARAVANA_IMG_6647-Medium-100x100.jpg 100w\" sizes=\"(max-width: 150px) 100vw, 150px\" \/><\/a>\n\t\t\t<\/div><\/figure><figure class='gallery-item'>\n\t\t\t<div class='gallery-icon landscape'>\n\t\t\t\t<a href='https:\/\/alianzanacional.com.uy\/web\/galeria-gran-cierre-de-campana-en-paysandu\/caravana_img_6719_rgb-medium\/'><img loading=\"lazy\" decoding=\"async\" width=\"150\" height=\"150\" src=\"https:\/\/alianzanacional.com.uy\/web\/wp-content\/uploads\/2015\/05\/CARAVANA_IMG_6719_RGB-Medium-150x150.jpg\" class=\"attachment-thumbnail size-thumbnail\" alt=\"\" srcset=\"https:\/\/alianzanacional.com.uy\/web\/wp-content\/uploads\/2015\/05\/CARAVANA_IMG_6719_RGB-Medium-150x150.jpg 150w, https:\/\/alianzanacional.com.uy\/web\/wp-content\/uploads\/2015\/05\/CARAVANA_IMG_6719_RGB-Medium-90x90.jpg 90w, https:\/\/alianzanacional.com.uy\/web\/wp-content\/uploads\/2015\/05\/CARAVANA_IMG_6719_RGB-Medium-60x60.jpg 60w, https:\/\/alianzanacional.com.uy\/web\/wp-content\/uploads\/2015\/05\/CARAVANA_IMG_6719_RGB-Medium-100x100.jpg 100w\" sizes=\"(max-width: 150px) 100vw, 150px\" \/><\/a>\n\t\t\t<\/div><\/figure><figure class='gallery-item'>\n\t\t\t<div class='gallery-icon landscape'>\n\t\t\t\t<a href='https:\/\/alianzanacional.com.uy\/web\/galeria-gran-cierre-de-campana-en-paysandu\/caravana_img_6764_rgb-medium\/'><img loading=\"lazy\" decoding=\"async\" width=\"150\" height=\"150\" src=\"https:\/\/alianzanacional.com.uy\/web\/wp-content\/uploads\/2015\/05\/CARAVANA_IMG_6764_RGB-Medium-150x150.jpg\" class=\"attachment-thumbnail size-thumbnail\" alt=\"\" srcset=\"https:\/\/alianzanacional.com.uy\/web\/wp-content\/uploads\/2015\/05\/CARAVANA_IMG_6764_RGB-Medium-150x150.jpg 150w, https:\/\/alianzanacional.com.uy\/web\/wp-content\/uploads\/2015\/05\/CARAVANA_IMG_6764_RGB-Medium-90x90.jpg 90w, https:\/\/alianzanacional.com.uy\/web\/wp-content\/uploads\/2015\/05\/CARAVANA_IMG_6764_RGB-Medium-60x60.jpg 60w, https:\/\/alianzanacional.com.uy\/web\/wp-content\/uploads\/2015\/05\/CARAVANA_IMG_6764_RGB-Medium-100x100.jpg 100w\" sizes=\"(max-width: 150px) 100vw, 150px\" \/><\/a>\n\t\t\t<\/div><\/figure><figure class='gallery-item'>\n\t\t\t<div class='gallery-icon landscape'>\n\t\t\t\t<a href='https:\/\/alianzanacional.com.uy\/web\/galeria-gran-cierre-de-campana-en-paysandu\/caravana_img_6934-medium\/'><img loading=\"lazy\" decoding=\"async\" width=\"150\" height=\"150\" src=\"https:\/\/alianzanacional.com.uy\/web\/wp-content\/uploads\/2015\/05\/CARAVANA_IMG_6934-Medium-150x150.jpg\" class=\"attachment-thumbnail size-thumbnail\" alt=\"\" srcset=\"https:\/\/alianzanacional.com.uy\/web\/wp-content\/uploads\/2015\/05\/CARAVANA_IMG_6934-Medium-150x150.jpg 150w, https:\/\/alianzanacional.com.uy\/web\/wp-content\/uploads\/2015\/05\/CARAVANA_IMG_6934-Medium-90x90.jpg 90w, https:\/\/alianzanacional.com.uy\/web\/wp-content\/uploads\/2015\/05\/CARAVANA_IMG_6934-Medium-60x60.jpg 60w, https:\/\/alianzanacional.com.uy\/web\/wp-content\/uploads\/2015\/05\/CARAVANA_IMG_6934-Medium-100x100.jpg 100w\" sizes=\"(max-width: 150px) 100vw, 150px\" \/><\/a>\n\t\t\t<\/div><\/figure><figure class='gallery-item'>\n\t\t\t<div class='gallery-icon landscape'>\n\t\t\t\t<a href='https:\/\/alianzanacional.com.uy\/web\/galeria-gran-cierre-de-campana-en-paysandu\/caravana_img_6889-medium\/'><img loading=\"lazy\" decoding=\"async\" width=\"150\" height=\"150\" src=\"https:\/\/alianzanacional.com.uy\/web\/wp-content\/uploads\/2015\/05\/CARAVANA_IMG_6889-Medium-150x150.jpg\" class=\"attachment-thumbnail size-thumbnail\" alt=\"\" srcset=\"https:\/\/alianzanacional.com.uy\/web\/wp-content\/uploads\/2015\/05\/CARAVANA_IMG_6889-Medium-150x150.jpg 150w, https:\/\/alianzanacional.com.uy\/web\/wp-content\/uploads\/2015\/05\/CARAVANA_IMG_6889-Medium-90x90.jpg 90w, https:\/\/alianzanacional.com.uy\/web\/wp-content\/uploads\/2015\/05\/CARAVANA_IMG_6889-Medium-60x60.jpg 60w, https:\/\/alianzanacional.com.uy\/web\/wp-content\/uploads\/2015\/05\/CARAVANA_IMG_6889-Medium-100x100.jpg 100w\" sizes=\"(max-width: 150px) 100vw, 150px\" \/><\/a>\n\t\t\t<\/div><\/figure><figure class='gallery-item'>\n\t\t\t<div class='gallery-icon landscape'>\n\t\t\t\t<a href='https:\/\/alianzanacional.com.uy\/web\/galeria-gran-cierre-de-campana-en-paysandu\/caravana_img_6968-medium\/'><img loading=\"lazy\" decoding=\"async\" width=\"150\" height=\"150\" src=\"https:\/\/alianzanacional.com.uy\/web\/wp-content\/uploads\/2015\/05\/CARAVANA_IMG_6968-Medium-150x150.jpg\" class=\"attachment-thumbnail size-thumbnail\" alt=\"\" srcset=\"https:\/\/alianzanacional.com.uy\/web\/wp-content\/uploads\/2015\/05\/CARAVANA_IMG_6968-Medium-150x150.jpg 150w, https:\/\/alianzanacional.com.uy\/web\/wp-content\/uploads\/2015\/05\/CARAVANA_IMG_6968-Medium-90x90.jpg 90w, https:\/\/alianzanacional.com.uy\/web\/wp-content\/uploads\/2015\/05\/CARAVANA_IMG_6968-Medium-60x60.jpg 60w, https:\/\/alianzanacional.com.uy\/web\/wp-content\/uploads\/2015\/05\/CARAVANA_IMG_6968-Medium-100x100.jpg 100w\" sizes=\"(max-width: 150px) 100vw, 150px\" \/><\/a>\n\t\t\t<\/div><\/figure><figure class='gallery-item'>\n\t\t\t<div class='gallery-icon landscape'>\n\t\t\t\t<a href='https:\/\/alianzanacional.com.uy\/web\/galeria-gran-cierre-de-campana-en-paysandu\/caravana_img_6918-medium\/'><img loading=\"lazy\" decoding=\"async\" width=\"150\" height=\"150\" src=\"https:\/\/alianzanacional.com.uy\/web\/wp-content\/uploads\/2015\/05\/CARAVANA_IMG_6918-Medium-150x150.jpg\" class=\"attachment-thumbnail size-thumbnail\" alt=\"\" srcset=\"https:\/\/alianzanacional.com.uy\/web\/wp-content\/uploads\/2015\/05\/CARAVANA_IMG_6918-Medium-150x150.jpg 150w, https:\/\/alianzanacional.com.uy\/web\/wp-content\/uploads\/2015\/05\/CARAVANA_IMG_6918-Medium-90x90.jpg 90w, https:\/\/alianzanacional.com.uy\/web\/wp-content\/uploads\/2015\/05\/CARAVANA_IMG_6918-Medium-60x60.jpg 60w, https:\/\/alianzanacional.com.uy\/web\/wp-content\/uploads\/2015\/05\/CARAVANA_IMG_6918-Medium-100x100.jpg 100w\" sizes=\"(max-width: 150px) 100vw, 150px\" \/><\/a>\n\t\t\t<\/div><\/figure><figure class='gallery-item'>\n\t\t\t<div class='gallery-icon landscape'>\n\t\t\t\t<a href='https:\/\/alianzanacional.com.uy\/web\/galeria-gran-cierre-de-campana-en-paysandu\/caravana_img_6837-medium\/'><img loading=\"lazy\" decoding=\"async\" width=\"150\" height=\"150\" src=\"https:\/\/alianzanacional.com.uy\/web\/wp-content\/uploads\/2015\/05\/CARAVANA_IMG_6837-Medium-150x150.jpg\" class=\"attachment-thumbnail size-thumbnail\" alt=\"\" srcset=\"https:\/\/alianzanacional.com.uy\/web\/wp-content\/uploads\/2015\/05\/CARAVANA_IMG_6837-Medium-150x150.jpg 150w, https:\/\/alianzanacional.com.uy\/web\/wp-content\/uploads\/2015\/05\/CARAVANA_IMG_6837-Medium-90x90.jpg 90w, https:\/\/alianzanacional.com.uy\/web\/wp-content\/uploads\/2015\/05\/CARAVANA_IMG_6837-Medium-60x60.jpg 60w, https:\/\/alianzanacional.com.uy\/web\/wp-content\/uploads\/2015\/05\/CARAVANA_IMG_6837-Medium-100x100.jpg 100w\" sizes=\"(max-width: 150px) 100vw, 150px\" \/><\/a>\n\t\t\t<\/div><\/figure><figure class='gallery-item'>\n\t\t\t<div class='gallery-icon landscape'>\n\t\t\t\t<a href='https:\/\/alianzanacional.com.uy\/web\/galeria-gran-cierre-de-campana-en-paysandu\/caravana_img_7037-medium\/'><img loading=\"lazy\" decoding=\"async\" width=\"150\" height=\"150\" src=\"https:\/\/alianzanacional.com.uy\/web\/wp-content\/uploads\/2015\/05\/CARAVANA_IMG_7037-Medium-150x150.jpg\" class=\"attachment-thumbnail size-thumbnail\" alt=\"\" srcset=\"https:\/\/alianzanacional.com.uy\/web\/wp-content\/uploads\/2015\/05\/CARAVANA_IMG_7037-Medium-150x150.jpg 150w, https:\/\/alianzanacional.com.uy\/web\/wp-content\/uploads\/2015\/05\/CARAVANA_IMG_7037-Medium-90x90.jpg 90w, https:\/\/alianzanacional.com.uy\/web\/wp-content\/uploads\/2015\/05\/CARAVANA_IMG_7037-Medium-60x60.jpg 60w, https:\/\/alianzanacional.com.uy\/web\/wp-content\/uploads\/2015\/05\/CARAVANA_IMG_7037-Medium-100x100.jpg 100w\" sizes=\"(max-width: 150px) 100vw, 150px\" \/><\/a>\n\t\t\t<\/div><\/figure><figure class='gallery-item'>\n\t\t\t<div class='gallery-icon landscape'>\n\t\t\t\t<a href='https:\/\/alianzanacional.com.uy\/web\/galeria-gran-cierre-de-campana-en-paysandu\/caravana_img_7052-medium\/'><img loading=\"lazy\" decoding=\"async\" width=\"150\" height=\"150\" src=\"https:\/\/alianzanacional.com.uy\/web\/wp-content\/uploads\/2015\/05\/CARAVANA_IMG_7052-Medium-150x150.jpg\" class=\"attachment-thumbnail size-thumbnail\" alt=\"\" srcset=\"https:\/\/alianzanacional.com.uy\/web\/wp-content\/uploads\/2015\/05\/CARAVANA_IMG_7052-Medium-150x150.jpg 150w, https:\/\/alianzanacional.com.uy\/web\/wp-content\/uploads\/2015\/05\/CARAVANA_IMG_7052-Medium-90x90.jpg 90w, https:\/\/alianzanacional.com.uy\/web\/wp-content\/uploads\/2015\/05\/CARAVANA_IMG_7052-Medium-60x60.jpg 60w, https:\/\/alianzanacional.com.uy\/web\/wp-content\/uploads\/2015\/05\/CARAVANA_IMG_7052-Medium-100x100.jpg 100w\" sizes=\"(max-width: 150px) 100vw, 150px\" \/><\/a>\n\t\t\t<\/div><\/figure>\n\t\t<\/div>\n\n","protected":false},"excerpt":{"rendered":"","protected":false},"author":1,"featured_media":25727,"comment_status":"open","ping_status":"open","sticky":false,"template":"","format":"standard","meta":{"footnotes":""},"categories":[23],"tags":[],"class_list":["post-25715","post","type-post","status-publish","format-standard","has-post-thumbnail","hentry","category-fotos"],"_links":{"self":[{"href":"https:\/\/alianzanacional.com.uy\/web\/wp-json\/wp\/v2\/posts\/25715","targetHints":{"allow":["GET"]}}],"collection":[{"href":"https:\/\/alianzanacional.com.uy\/web\/wp-json\/wp\/v2\/posts"}],"about":[{"href":"https:\/\/alianzanacional.com.uy\/web\/wp-json\/wp\/v2\/types\/post"}],"author":[{"embeddable":true,"href":"https:\/\/alianzanacional.com.uy\/web\/wp-json\/wp\/v2\/users\/1"}],"replies":[{"embeddable":true,"href":"https:\/\/alianzanacional.com.uy\/web\/wp-json\/wp\/v2\/comments?post=25715"}],"version-history":[{"count":1,"href":"https:\/\/alianzanacional.com.uy\/web\/wp-json\/wp\/v2\/posts\/25715\/revisions"}],"predecessor-version":[{"id":25729,"href":"https:\/\/alianzanacional.com.uy\/web\/wp-json\/wp\/v2\/posts\/25715\/revisions\/25729"}],"wp:featuredmedia":[{"embeddable":true,"href":"https:\/\/alianzanacional.com.uy\/web\/wp-json\/wp\/v2\/media\/25727"}],"wp:attachment":[{"href":"https:\/\/alianzanacional.com.uy\/web\/wp-json\/wp\/v2\/media?parent=25715"}],"wp:term":[{"taxonomy":"category","embeddable":true,"href":"https:\/\/alianzanacional.com.uy\/web\/wp-json\/wp\/v2\/categories?post=25715"},{"taxonomy":"post_tag","embeddable":true,"href":"https:\/\/alianzanacional.com.uy\/web\/wp-json\/wp\/v2\/tags?post=25715"}],"curies":[{"name":"wp","href":"https:\/\/api.w.org\/{rel}","templated":true}]}}