{"id":25958,"date":"2015-06-11T12:27:56","date_gmt":"2015-06-11T14:27:56","guid":{"rendered":"http:\/\/alianzanacional.com.uy\/web\/?p=25958"},"modified":"2015-06-11T12:27:56","modified_gmt":"2015-06-11T14:27:56","slug":"fondes-para-gandini-tambien-se-debe-escuchar-a-inacoop-y-a-ande","status":"publish","type":"post","link":"https:\/\/alianzanacional.com.uy\/web\/fondes-para-gandini-tambien-se-debe-escuchar-a-inacoop-y-a-ande\/","title":{"rendered":"FONDES: Para Gandini tambi\u00e9n se debe escuchar a INACOOP y a ANDE"},"content":{"rendered":"<p><a href=\"https:\/\/alianzanacional.com.uy\/web\/wp-content\/uploads\/2015\/06\/11535821_784939608293186_7913186665107206666_n.jpg\"><img fetchpriority=\"high\" decoding=\"async\" src=\"https:\/\/alianzanacional.com.uy\/web\/wp-content\/uploads\/2015\/06\/11535821_784939608293186_7913186665107206666_n-239x300.jpg\" alt=\"11535821_784939608293186_7913186665107206666_n\" width=\"239\" height=\"300\" class=\"alignright size-medium wp-image-25959\" srcset=\"https:\/\/alianzanacional.com.uy\/web\/wp-content\/uploads\/2015\/06\/11535821_784939608293186_7913186665107206666_n-239x300.jpg 239w, https:\/\/alianzanacional.com.uy\/web\/wp-content\/uploads\/2015\/06\/11535821_784939608293186_7913186665107206666_n-558x700.jpg 558w, https:\/\/alianzanacional.com.uy\/web\/wp-content\/uploads\/2015\/06\/11535821_784939608293186_7913186665107206666_n.jpg 574w\" sizes=\"(max-width: 239px) 100vw, 239px\" \/><\/a>Hoy, 10 de junio de 2015, la Comisi\u00f3n de Hacienda de la C\u00e1mara de Representantes comenz\u00f3 el estudio del nuevo proyecto del Fondo para el Desarrollo (FONDES) remitido por el Poder Ejecutivo. <\/p>\n<p>De acuerdo a las invitaciones cursadas por esta Comisi\u00f3n, se hicieron presente el Subsecretario del Ministerio de Econom\u00eda y Finanzas (MEF), Pablo Ferreri y el Director de la Oficina de Planeamiento y Presupuesto (OPP), \u00c1lvaro Garc\u00eda. Tambi\u00e9n estaban invitadas las agencias que son parte del FONDES: el Instituto Nacional de Cooperativismo (INACOOP) y la Agencia Nacional de Desarrollo (ANDE), pero no asistieron. Estas ausencias llamaron la atenci\u00f3n.<\/p>\n<p>El Vicepresidente de la Comisi\u00f3n de Hacienda, Diputado Jorge Gandini, explic\u00f3 que exist\u00eda el acuerdo de votar hoy este proyecto de ley, despu\u00e9s de escuchar a las delegaciones que se hab\u00edan convocado. \u201cHab\u00edamos hecho el acuerdo de que hoy, en un solo d\u00eda, trat\u00e1bamos el nuevo proyecto de ley que ha ingresado del FONDES. Primero escuchando a Econom\u00eda y OPP, y luego a las dos agencias que van a tener la responsabilidad de administrar todos estos recursos, que son la INACOOP y la ANDE. Ninguna de las dos comparecieron.\u201d<\/p>\n<p>Agreg\u00f3 que \u201cANDE no existe, la Agencia Nacional de Desarrollo se cre\u00f3 y se voto por ley en el gobierno anterior de V\u00e1zquez. El gobierno de Mujica parece que no compart\u00eda la creaci\u00f3n de esa agencia y nunca la integr\u00f3. Ahora hace 110 d\u00edas que tenemos un nuevo gobierno de Tabar\u00e9 V\u00e1zquez y 105 d\u00edas que se nos present\u00f3 el primer proyecto donde esta agencia tiene importante relevancia y, sin embargo, todav\u00eda no se han nombrado sus autoridades, est\u00e1 vac\u00eda, por lo tanto nunca funcion\u00f3. Est\u00e1 claro que no pueden venir porque no existen; ahora, van a administrar millones de d\u00f3lares, por eso los queremos escuchar.\u201d<\/p>\n<p>En cambio INACOOP si existe, pero \u201cno representa al Poder Ejecutivo, es una persona de derecho p\u00fablico no estatal con representantes del Poder Ejecutivo pero tambi\u00e9n del sistema cooperativo, su opini\u00f3n es muy importante. Pero parece que el Ministro (de Trabajo y Seguridad Social) Ernesto Murro, que nada tiene que ver con INACOOP, como est\u00e1 de viaje impidi\u00f3 que esta agencia viniera a la Comisi\u00f3n.\u201d Gandini aclar\u00f3 que el hecho de que Murro est\u00e9 de viaje no quiere decir que no haya Ministro. \u201cO sea, la conclusi\u00f3n que sacamos es que INACOOP solo puede venir cuando est\u00e9 Murro, no cuando est\u00e9 el Ministro porque Ministro hay, es el Subsecretario.\u201d<\/p>\n<p>El legislador nacionalista anunci\u00f3 que \u201cen estas condiciones no votamos el proyecto, hecho que lamentamos porque quer\u00edamos, con algunos cambios, votar el FONDES, porque es un buen instrumento. El problema que tiene es la transparencia y si empezamos con estas cosas oscuras y si un Ministro dice que si \u00e9l no viene no puede venir INACOOP, imag\u00ednense lo que pueda pasar cuando INACOOP tenga que decidir a donde va a ir el dinero. Hay que peguntarle al Ministro?\u201d, se pregunt\u00f3.<\/p>\n<p>\u201cNosotros hicimos este planteo, tenemos algunos cambios para hacerle, creo que son de recibo y que puede salir el proyecto con m\u00e1s apoyo que el solo Frente Amplio. Y le pedimos al Frente Amplio que reflexionara sobre esto. El Frente hizo un cuarto intermedio para considerar esta propuesta, y contest\u00f3 que est\u00e1 dispuesto a esperar.\u201d Gandini adelant\u00f3 que \u201cse acord\u00f3 una reuni\u00f3n extraordinaria de la Comisi\u00f3n para el pr\u00f3ximo martes a las 12 horas para escuchar a estas dos instituciones y luego aprobar el proyecto que ingresar\u00eda a C\u00e1mara al d\u00eda siguiente. Ojala podamos discutir lo que realmente importante del contenido del proyecto de ley del FONDES, si estas dos agencias no vienen no podemos votarlo. Si vienen le daremos curso al proyecto.\u201d<\/p>\n<p><strong>\u201cTenemos buena voluntad\u201d<br \/>\n<\/strong><br \/>\nConsultado sobre la incidencia de la exigencia del Presidente V\u00e1zquez en aumentar la productividad en el tratamiento de los proyectos de ley en el Parlamento, Gandini expres\u00f3 que \u201cel Presidente a veces complica a la Comisi\u00f3n (de Hacienda), porque \u00e9l quiere apurar pero termina enlenteciendo, a los hechos me remito. El gobierno tiene problemas, ha discutido mucho este proyecto internamente, pero debe aceptar que la C\u00e1mara de Diputados reci\u00e9n conoce este proyecto en el d\u00eda de hoy, ingres\u00f3 apenas unos d\u00edas atr\u00e1s, es un nuevo proyecto producto de negociaciones extraparlamentarias entre la bancada del Frente Amplio, OPP, Ministerio de Econom\u00eda, MPP, INACOOP, CUDECOOP, PIT CNT. Pero La instituci\u00f3n que saca las leyes es el Parlamento y reci\u00e9n hoy lo empezamos a ver. Complica un poco, pero estamos acostumbrados, con paciencia y buena voluntad, que la tenemos, vamos a tratar de que las cosas salgan como se debe, bien estudiadas\u201d, indic\u00f3 el legislador.<\/p>\n","protected":false},"excerpt":{"rendered":"<p>Hoy, 10 de junio de 2015, la Comisi\u00f3n de Hacienda de la C\u00e1mara de Representantes comenz\u00f3 el estudio del nuevo proyecto del Fondo para el Desarrollo (FONDES) remitido por el Poder Ejecutivo. De acuerdo a las invitaciones cursadas por esta Comisi\u00f3n, se hicieron presente el Subsecretario del Ministerio de Econom\u00eda y Finanzas (MEF), Pablo Ferreri [&hellip;]<\/p>\n","protected":false},"author":1,"featured_media":25959,"comment_status":"open","ping_status":"open","sticky":false,"template":"","format":"standard","meta":{"footnotes":""},"categories":[164],"tags":[],"class_list":["post-25958","post","type-post","status-publish","format-standard","has-post-thumbnail","hentry","category-legislativas"],"_links":{"self":[{"href":"https:\/\/alianzanacional.com.uy\/web\/wp-json\/wp\/v2\/posts\/25958","targetHints":{"allow":["GET"]}}],"collection":[{"href":"https:\/\/alianzanacional.com.uy\/web\/wp-json\/wp\/v2\/posts"}],"about":[{"href":"https:\/\/alianzanacional.com.uy\/web\/wp-json\/wp\/v2\/types\/post"}],"author":[{"embeddable":true,"href":"https:\/\/alianzanacional.com.uy\/web\/wp-json\/wp\/v2\/users\/1"}],"replies":[{"embeddable":true,"href":"https:\/\/alianzanacional.com.uy\/web\/wp-json\/wp\/v2\/comments?post=25958"}],"version-history":[{"count":1,"href":"https:\/\/alianzanacional.com.uy\/web\/wp-json\/wp\/v2\/posts\/25958\/revisions"}],"predecessor-version":[{"id":25960,"href":"https:\/\/alianzanacional.com.uy\/web\/wp-json\/wp\/v2\/posts\/25958\/revisions\/25960"}],"wp:featuredmedia":[{"embeddable":true,"href":"https:\/\/alianzanacional.com.uy\/web\/wp-json\/wp\/v2\/media\/25959"}],"wp:attachment":[{"href":"https:\/\/alianzanacional.com.uy\/web\/wp-json\/wp\/v2\/media?parent=25958"}],"wp:term":[{"taxonomy":"category","embeddable":true,"href":"https:\/\/alianzanacional.com.uy\/web\/wp-json\/wp\/v2\/categories?post=25958"},{"taxonomy":"post_tag","embeddable":true,"href":"https:\/\/alianzanacional.com.uy\/web\/wp-json\/wp\/v2\/tags?post=25958"}],"curies":[{"name":"wp","href":"https:\/\/api.w.org\/{rel}","templated":true}]}}