{"id":25961,"date":"2015-06-11T12:34:14","date_gmt":"2015-06-11T14:34:14","guid":{"rendered":"http:\/\/alianzanacional.com.uy\/web\/?p=25961"},"modified":"2015-06-11T12:34:14","modified_gmt":"2015-06-11T14:34:14","slug":"mario-ayala-reclamo-respuestas-urgentes-para-artigas","status":"publish","type":"post","link":"https:\/\/alianzanacional.com.uy\/web\/mario-ayala-reclamo-respuestas-urgentes-para-artigas\/","title":{"rendered":"Mario Ayala reclam\u00f3 respuestas urgentes para Artigas"},"content":{"rendered":"<p><a href=\"https:\/\/alianzanacional.com.uy\/web\/wp-content\/uploads\/2015\/06\/11401468_10205890919604810_7345583999428723043_n.jpg\"><img fetchpriority=\"high\" decoding=\"async\" class=\"alignright size-medium wp-image-25962\" src=\"https:\/\/alianzanacional.com.uy\/web\/wp-content\/uploads\/2015\/06\/11401468_10205890919604810_7345583999428723043_n-400x225.jpg\" alt=\"11401468_10205890919604810_7345583999428723043_n\" width=\"400\" height=\"225\" srcset=\"https:\/\/alianzanacional.com.uy\/web\/wp-content\/uploads\/2015\/06\/11401468_10205890919604810_7345583999428723043_n-400x225.jpg 400w, https:\/\/alianzanacional.com.uy\/web\/wp-content\/uploads\/2015\/06\/11401468_10205890919604810_7345583999428723043_n-700x394.jpg 700w, https:\/\/alianzanacional.com.uy\/web\/wp-content\/uploads\/2015\/06\/11401468_10205890919604810_7345583999428723043_n-212x120.jpg 212w, https:\/\/alianzanacional.com.uy\/web\/wp-content\/uploads\/2015\/06\/11401468_10205890919604810_7345583999428723043_n.jpg 960w\" sizes=\"(max-width: 400px) 100vw, 400px\" \/><\/a>El diputado por Artigas, Mario Ayala, haciendo uso de la palabra en la C\u00e1mara de Representantes se refiri\u00f3 a varias realidades de su departamento; situaci\u00f3n de la ruta 30, falta de respuesta a los pedidos de informe realizados acerca de la situaci\u00f3n de la misma, situaci\u00f3n de la industria minera, entre otros.<\/p>\n<p>El diputado nacionalista expres\u00f3: \u201cQuer\u00eda aprovechar esta oportunidad como representante por el Departamento de Artigas para informar sobre la situaci\u00f3n que vive nuestro Departamento. Hace 4 meses hemos asumido; por esos d\u00edas en Artigas ocurri\u00f3 un accidente con v\u00edctimas fatales que ustedes recordar\u00e1n; nosotros hemos cursado un pedido de informes a diferentes ministerios porque el pueblo de Artigas necesita respuestas por la omisi\u00f3n o por la falta de respuestas concretas que ha tenido nuestro departamento frente a servicios que el estado deb\u00eda prestar.<\/p>\n<p><strong>Falta de medios y recursos en Artigas<br \/>\n<\/strong><br \/>\nMario Ayala indic\u00f3 que en esta situaci\u00f3n que se vivi\u00f3, quedo al desnudo la falta de medios y recursos que vive el departamento de Artigas en cuanto al tema de servicios de salud, de un aeropuerto que no es operativo, de rutas en tan malas condiciones que llevaron a que la ambulancia en el siniestro que anteriormente refer\u00ed tuvieran que ir por el lado brasilero, por la inexistencia en el Hospital P\u00fablico de un CTI. \u201cNosotros pretend\u00edamos que el gobierno hubiera dado respuestas para informarle al pueblo de Artigas\u201d.<\/p>\n<p><strong>Falta de respuestas y se\u00f1ales claras<br \/>\n<\/strong><br \/>\nAyala se refiri\u00f3 a la situaci\u00f3n del cierre de las empresas Green Frozen y Calvinor, y a las dificultades que por el exceso de burocracia aplicada por el ministerio de Industria aumenta las dificultades que atraviesa la miner\u00eda en su departamento.<\/p>\n<p>\u201cHemos llevado adelante gestiones frente a los Ministerios de Industria, Energ\u00eda y Miner\u00eda, de Trabajo, y de Ganader\u00eda Agricultura y Pesca, por la situaci\u00f3n en Bella Uni\u00f3n. Ha cerrado Calvinor y Green Frozen, y realmente las respuestas del Gobierno han sido insuficientes, inexistentes, y Artigas necesita una se\u00f1al clara para saber hacia d\u00f3nde vamos.<\/p>\n<p>Tambi\u00e9n es cierto que Artigas tiene un actividad como es la producci\u00f3n de \u00e1gatas y amatistas, industria que se ve hoy en dificultades, por razones que poco tiene que ver con las medidas que el gobierno pueda llevar adelante, son situaciones que se dan por el mercado internacional, pero tambi\u00e9n es cierto que esta actividad se ha visto enlentecida o trancada por la mayor burocracia que el Ministerio de Industria, Energ\u00eda y miner\u00eda ha implantado a Dinamige\u201d.<\/p>\n<p>Agreg\u00f3: \u201cTr\u00e1mites que siempre han sido demorados en esas instituciones, hoy se han visto mucho m\u00e1s demorados por un cambio en la normativa de c\u00f3mo se llevan adelante los mismos, y muchas veces para tener respuestas sobre alg\u00fan planteo debe enviarse un mail al Ministerio de Industria, para que \u00e9ste derive a Dinamige, y de all\u00ed a su repartici\u00f3n, y muchas veces se lleva m\u00e1s de un mes para evacuar una consulta, cosa que ha limitado y perjudicado una actividad fundamental para el departamento que tiene los mayores \u00edndices de desempleo, los menores salarios, y en definitiva los peores \u00edndices de desarrollo humano\u201d.<\/p>\n<p><strong>El Presidente V\u00e1zquez estuvo en Artigas y reafirm\u00f3 su compromiso por la Ruta 30<br \/>\n<\/strong><br \/>\nEl legislador resalt\u00f3 la presencia del Sr. Presidente de la Rep\u00fablica, Tabar\u00e9 V\u00e1zquez, en Artigas en el marco del Congreso de la Federaci\u00f3n Rural, y el compromiso firme con la reconstrucci\u00f3n de la Ruta 30. \u201cQueremos celebrar este anuncio del Presidente porque realmente responde a un clamor popular ya una necesidad imprescindible para el Departamento de Artigas\u201d.<\/p>\n<p><strong>Pol\u00edticas de frontera<br \/>\n<\/strong><br \/>\nAyala record\u00f3 la reciente gesti\u00f3n llevada a cabo frente al Ministerio de Econom\u00eda con varios legisladores de todos los departamentos que tienen frontera con Brasil. \u201cTodos sabemos que han existido desequilibrios en el tipo de cambio con Brasil, y que la devaluaci\u00f3n nos llev\u00f3 a quedar en una situaci\u00f3n incomoda en la relaci\u00f3n comercial con dicho pa\u00eds. Le planteamos, conjuntamente con los centros comerciales de toda la frontera, la necesidad urgente, imperiosa, de llevar adelante medidas, Pol\u00edticas de frontera que lleven a que el comercio uruguayo pueda competir con el brasile\u00f1o, para de esa manera poder proteger no s\u00f3lo al comerciante, sino tambi\u00e9n a los puesto de trabajo. Lamentablemente en esta \u00faltima semana hemos tenido la respuesta del Ministerio de Econom\u00eda, o del gobierno central, y la medida fue\u2026 represi\u00f3n\u201d.<\/p>\n<p>Finaliz\u00f3 sus palabras enf\u00e1tico expresando: \u201cLamentablemente esto ha originado una insatisfacci\u00f3n social. Por eso queremos insistir en la necesidad de poder contar con medidas concretas que atiendan a la realidad de la frontera. Queremos insistir al Ministerio de Econom\u00eda y Poder Ejecutivo en que tome estas medidas de forma urgente, evitando males mayores, y reiterar el planteo que les realizamos conjuntamente con legisladores de todos los partidos y los centros comerciales que no hay pol\u00edtica represiva que pueda solucionar la situaci\u00f3n de crisis social que vive hoy la frontera\u201d.<\/p>\n","protected":false},"excerpt":{"rendered":"<p>El diputado por Artigas, Mario Ayala, haciendo uso de la palabra en la C\u00e1mara de Representantes se refiri\u00f3 a varias realidades de su departamento; situaci\u00f3n de la ruta 30, falta de respuesta a los pedidos de informe realizados acerca de la situaci\u00f3n de la misma, situaci\u00f3n de la industria minera, entre otros. El diputado nacionalista [&hellip;]<\/p>\n","protected":false},"author":1,"featured_media":25962,"comment_status":"open","ping_status":"open","sticky":false,"template":"","format":"standard","meta":{"footnotes":""},"categories":[232],"tags":[],"class_list":["post-25961","post","type-post","status-publish","format-standard","has-post-thumbnail","hentry","category-departamentales"],"_links":{"self":[{"href":"https:\/\/alianzanacional.com.uy\/web\/wp-json\/wp\/v2\/posts\/25961","targetHints":{"allow":["GET"]}}],"collection":[{"href":"https:\/\/alianzanacional.com.uy\/web\/wp-json\/wp\/v2\/posts"}],"about":[{"href":"https:\/\/alianzanacional.com.uy\/web\/wp-json\/wp\/v2\/types\/post"}],"author":[{"embeddable":true,"href":"https:\/\/alianzanacional.com.uy\/web\/wp-json\/wp\/v2\/users\/1"}],"replies":[{"embeddable":true,"href":"https:\/\/alianzanacional.com.uy\/web\/wp-json\/wp\/v2\/comments?post=25961"}],"version-history":[{"count":1,"href":"https:\/\/alianzanacional.com.uy\/web\/wp-json\/wp\/v2\/posts\/25961\/revisions"}],"predecessor-version":[{"id":25963,"href":"https:\/\/alianzanacional.com.uy\/web\/wp-json\/wp\/v2\/posts\/25961\/revisions\/25963"}],"wp:featuredmedia":[{"embeddable":true,"href":"https:\/\/alianzanacional.com.uy\/web\/wp-json\/wp\/v2\/media\/25962"}],"wp:attachment":[{"href":"https:\/\/alianzanacional.com.uy\/web\/wp-json\/wp\/v2\/media?parent=25961"}],"wp:term":[{"taxonomy":"category","embeddable":true,"href":"https:\/\/alianzanacional.com.uy\/web\/wp-json\/wp\/v2\/categories?post=25961"},{"taxonomy":"post_tag","embeddable":true,"href":"https:\/\/alianzanacional.com.uy\/web\/wp-json\/wp\/v2\/tags?post=25961"}],"curies":[{"name":"wp","href":"https:\/\/api.w.org\/{rel}","templated":true}]}}