{"id":25964,"date":"2015-06-11T16:48:43","date_gmt":"2015-06-11T18:48:43","guid":{"rendered":"http:\/\/alianzanacional.com.uy\/web\/?p=25964"},"modified":"2015-06-11T16:49:31","modified_gmt":"2015-06-11T18:49:31","slug":"omar-lafluf-realizo-planteos-por-rio-negro","status":"publish","type":"post","link":"https:\/\/alianzanacional.com.uy\/web\/omar-lafluf-realizo-planteos-por-rio-negro\/","title":{"rendered":"Omar Lafluf realiz\u00f3 planteos por R\u00edo Negro."},"content":{"rendered":"<p><a href=\"https:\/\/alianzanacional.com.uy\/web\/wp-content\/uploads\/2010\/09\/lafluf_elpais.jpg\"><img fetchpriority=\"high\" decoding=\"async\" src=\"https:\/\/alianzanacional.com.uy\/web\/wp-content\/uploads\/2010\/09\/lafluf_elpais.jpg\" alt=\"lafluf_elpais\" width=\"267\" height=\"200\" class=\"alignright size-full wp-image-8552\" \/><\/a>En la jornada de ayer, haciendo uso de la palabra en la C\u00e1mara de Diputados, el legislador aliancista, Omar Lafluf, se refiri\u00f3 a varios temas referentes a su departamento, R\u00edo Negro.<\/p>\n<p><strong>Situaci\u00f3n de las rutas<br \/>\n<\/strong><br \/>\nLafluf expres\u00f3: \u201cEn la zona de Fray Bentos, especialmente en la intersecci\u00f3n de las Rutas N\u00ba 2 y 24 la situaci\u00f3n es especialmente alarmante, en esa zona ya se han producido m\u00e1s de cuatro fallecimientos en los \u00faltimos tiempos\u201d.<\/p>\n<p>Indic\u00f3 en su exposici\u00f3n que resulta alarmante que los servicios t\u00e9cnicos del Ministerio de Transporte y Obras P\u00fablicas no se pongan de acuerdo en cu\u00e1l es la soluci\u00f3n para que los veh\u00edculos que transitan por all\u00ed disminuyan su velocidad.  Subray\u00f3 que esto sucede en las Rutas N\u00ba 2 y 24, en la ruta puente-puerto, de la ciudad de Fray Bentos, y en la Ruta N\u00ba 25 frente a la escuela de Bellaco, que se encuentra en un pueblo de Mevir.<\/p>\n<p>\u201cLa escuela qued\u00f3 del otro lado de la ruta y lo \u00fanico que tenemos es lo que hizo la Intendencia, que fue una peatonal para que los ni\u00f1os crucen a la escuela, pero no se ha adoptado una soluci\u00f3n que apunte a que se aminore la velocidad frente a la escuela\u201d.<\/p>\n<p>Lo mismo sucede en el empalme de la Ruta N\u00ba 24 para entrar a Nuevo Berl\u00edn donde, adem\u00e1s, transitan seiscientos camiones que transportan madera a las dos plantas de celulosa, a UPM y a Montes del Plata, que embarcan en el puerto de M&#8217;Bopicu\u00e1.<\/p>\n<p><strong>Sin se\u00f1al<br \/>\n<\/strong><br \/>\nComo segundo tema, el diputado nacionalista manifest\u00f3 el problema  que significa la falta de se\u00f1al de celular en el medio rural.  \u201cSi hay algo que realmente resulta necesario e imprescindible es que la gente del medio rural tenga posibilidad de hablar por celular cuando lo necesita\u201d.<\/p>\n<p>Agreg\u00f3: \u201cDeber\u00edamos poner un poco m\u00e1s de \u00e9nfasis en esto y tal vez retacear un poco el tendido de fibra \u00f3ptica que se est\u00e1 realizando en las ciudades. Quiz\u00e1s si una parte de la ciudad quedara sin fibra \u00f3ptica no pasar\u00eda absolutamente nada y se podr\u00eda dar a los pueblos rurales la se\u00f1al para hablar por celular \u2011solamente para eso\u2011 y para que los ni\u00f1os puedan utilizar sus ceibalitas en todo su potencial\u201d.<\/p>\n<p>Propuso que ya que se va exonerar del impuesto de primaria a las forestales, se les podr\u00eda pedir a las mismas que como contraprestaci\u00f3n y como parte de la responsabilidad social de las empresas pusieran antenas repetidoras en esos pueblos de campa\u00f1a, lo que permitir\u00eda que la gente tuviera acceso a hablar por celular\u201d<\/p>\n<p><strong>Patrimonio de la humanidad.<br \/>\n<\/strong><br \/>\nCon gran alegr\u00eda y orgullo, el diputado de R\u00edo Negro comparti\u00f3 con la C\u00e1mara de Representantes que el pr\u00f3ximo 5 de julio Uruguay tendr\u00e1 su segundo sitio declarado Patrimonio de la Humanidad por la Unesco, el frigor\u00edfico Anglo, ex Liebig. <\/p>\n<p>Aqu\u00ed les dejamos el audio completo de la intervenci\u00f3n:<\/p>\n<audio class=\"wp-audio-shortcode\" id=\"audio-25964-1\" preload=\"none\" style=\"width: 100%;\" controls=\"controls\"><source type=\"audio\/mpeg\" src=\"https:\/\/alianzanacional.com.uy\/web\/wp-content\/uploads\/2015\/06\/Dip_Lfluf_Media_Hora_Previa_Sesi_n_10_Jun_2015.mp3?_=1\" \/><a href=\"https:\/\/alianzanacional.com.uy\/web\/wp-content\/uploads\/2015\/06\/Dip_Lfluf_Media_Hora_Previa_Sesi_n_10_Jun_2015.mp3\">https:\/\/alianzanacional.com.uy\/web\/wp-content\/uploads\/2015\/06\/Dip_Lfluf_Media_Hora_Previa_Sesi_n_10_Jun_2015.mp3<\/a><\/audio>\n","protected":false},"excerpt":{"rendered":"<p>En la jornada de ayer, haciendo uso de la palabra en la C\u00e1mara de Diputados, el legislador aliancista, Omar Lafluf, se refiri\u00f3 a varios temas referentes a su departamento, R\u00edo Negro. Situaci\u00f3n de las rutas Lafluf expres\u00f3: \u201cEn la zona de Fray Bentos, especialmente en la intersecci\u00f3n de las Rutas N\u00ba 2 y 24 la [&hellip;]<\/p>\n","protected":false},"author":1,"featured_media":8552,"comment_status":"open","ping_status":"open","sticky":false,"template":"","format":"standard","meta":{"footnotes":""},"categories":[232],"tags":[],"class_list":["post-25964","post","type-post","status-publish","format-standard","has-post-thumbnail","hentry","category-departamentales"],"_links":{"self":[{"href":"https:\/\/alianzanacional.com.uy\/web\/wp-json\/wp\/v2\/posts\/25964","targetHints":{"allow":["GET"]}}],"collection":[{"href":"https:\/\/alianzanacional.com.uy\/web\/wp-json\/wp\/v2\/posts"}],"about":[{"href":"https:\/\/alianzanacional.com.uy\/web\/wp-json\/wp\/v2\/types\/post"}],"author":[{"embeddable":true,"href":"https:\/\/alianzanacional.com.uy\/web\/wp-json\/wp\/v2\/users\/1"}],"replies":[{"embeddable":true,"href":"https:\/\/alianzanacional.com.uy\/web\/wp-json\/wp\/v2\/comments?post=25964"}],"version-history":[{"count":1,"href":"https:\/\/alianzanacional.com.uy\/web\/wp-json\/wp\/v2\/posts\/25964\/revisions"}],"predecessor-version":[{"id":25966,"href":"https:\/\/alianzanacional.com.uy\/web\/wp-json\/wp\/v2\/posts\/25964\/revisions\/25966"}],"wp:featuredmedia":[{"embeddable":true,"href":"https:\/\/alianzanacional.com.uy\/web\/wp-json\/wp\/v2\/media\/8552"}],"wp:attachment":[{"href":"https:\/\/alianzanacional.com.uy\/web\/wp-json\/wp\/v2\/media?parent=25964"}],"wp:term":[{"taxonomy":"category","embeddable":true,"href":"https:\/\/alianzanacional.com.uy\/web\/wp-json\/wp\/v2\/categories?post=25964"},{"taxonomy":"post_tag","embeddable":true,"href":"https:\/\/alianzanacional.com.uy\/web\/wp-json\/wp\/v2\/tags?post=25964"}],"curies":[{"name":"wp","href":"https:\/\/api.w.org\/{rel}","templated":true}]}}