{"id":25976,"date":"2015-06-16T13:28:28","date_gmt":"2015-06-16T15:28:28","guid":{"rendered":"http:\/\/alianzanacional.com.uy\/web\/?p=25976"},"modified":"2015-06-16T13:29:08","modified_gmt":"2015-06-16T15:29:08","slug":"cronicas-del-regreso-homenaje-al-retorno-de-wilson-al-uruguay","status":"publish","type":"post","link":"https:\/\/alianzanacional.com.uy\/web\/cronicas-del-regreso-homenaje-al-retorno-de-wilson-al-uruguay\/","title":{"rendered":"Cr\u00f3nicas del regreso: Homenaje al retorno de Wilson al Uruguay"},"content":{"rendered":"<p><a href=\"https:\/\/alianzanacional.com.uy\/web\/wp-content\/uploads\/2015\/06\/unnamed-13.jpg\"><img fetchpriority=\"high\" decoding=\"async\" class=\"alignnone size-large wp-image-25977\" src=\"https:\/\/alianzanacional.com.uy\/web\/wp-content\/uploads\/2015\/06\/unnamed-13-700x318.jpg\" alt=\"unnamed (13)\" width=\"700\" height=\"318\" srcset=\"https:\/\/alianzanacional.com.uy\/web\/wp-content\/uploads\/2015\/06\/unnamed-13-700x318.jpg 700w, https:\/\/alianzanacional.com.uy\/web\/wp-content\/uploads\/2015\/06\/unnamed-13-400x182.jpg 400w\" sizes=\"(max-width: 700px) 100vw, 700px\" \/><\/a><\/p>\n<p>Concordia Nacional invita a conmemorar el regreso de Wilson Ferreira Aldunate al Uruguay luego del exilio, con la presentaci\u00f3n del libro de Gerardo Sotelo \u00abLas cartas contra el pecho. El regreso de Wilson\u00bb con los comentarios de Ana L\u00eda Pi\u00f1eyr\u00faa y Juan Mart\u00edn Posadas.<\/p>\n<p>La actividad contar\u00e1 con la presencia del l\u00edder de Alianza Nacional, Jorge Larra\u00f1aga.<\/p>\n<p>Ser\u00e1 a las 19hs en el Hotel Holiday Inn (Colonia 823 entre Andes y Florida).<\/p>\n","protected":false},"excerpt":{"rendered":"<p>Concordia Nacional invita a conmemorar el regreso de Wilson Ferreira Aldunate al Uruguay luego del exilio, con la presentaci\u00f3n del libro de Gerardo Sotelo \u00abLas cartas contra el pecho. El regreso de Wilson\u00bb con los comentarios de Ana L\u00eda Pi\u00f1eyr\u00faa y Juan Mart\u00edn Posadas. La actividad contar\u00e1 con la presencia del l\u00edder de Alianza Nacional, [&hellip;]<\/p>\n","protected":false},"author":1,"featured_media":25977,"comment_status":"open","ping_status":"open","sticky":false,"template":"","format":"standard","meta":{"footnotes":""},"categories":[4],"tags":[],"class_list":["post-25976","post","type-post","status-publish","format-standard","has-post-thumbnail","hentry","category-agenda"],"_links":{"self":[{"href":"https:\/\/alianzanacional.com.uy\/web\/wp-json\/wp\/v2\/posts\/25976","targetHints":{"allow":["GET"]}}],"collection":[{"href":"https:\/\/alianzanacional.com.uy\/web\/wp-json\/wp\/v2\/posts"}],"about":[{"href":"https:\/\/alianzanacional.com.uy\/web\/wp-json\/wp\/v2\/types\/post"}],"author":[{"embeddable":true,"href":"https:\/\/alianzanacional.com.uy\/web\/wp-json\/wp\/v2\/users\/1"}],"replies":[{"embeddable":true,"href":"https:\/\/alianzanacional.com.uy\/web\/wp-json\/wp\/v2\/comments?post=25976"}],"version-history":[{"count":3,"href":"https:\/\/alianzanacional.com.uy\/web\/wp-json\/wp\/v2\/posts\/25976\/revisions"}],"predecessor-version":[{"id":25980,"href":"https:\/\/alianzanacional.com.uy\/web\/wp-json\/wp\/v2\/posts\/25976\/revisions\/25980"}],"wp:featuredmedia":[{"embeddable":true,"href":"https:\/\/alianzanacional.com.uy\/web\/wp-json\/wp\/v2\/media\/25977"}],"wp:attachment":[{"href":"https:\/\/alianzanacional.com.uy\/web\/wp-json\/wp\/v2\/media?parent=25976"}],"wp:term":[{"taxonomy":"category","embeddable":true,"href":"https:\/\/alianzanacional.com.uy\/web\/wp-json\/wp\/v2\/categories?post=25976"},{"taxonomy":"post_tag","embeddable":true,"href":"https:\/\/alianzanacional.com.uy\/web\/wp-json\/wp\/v2\/tags?post=25976"}],"curies":[{"name":"wp","href":"https:\/\/api.w.org\/{rel}","templated":true}]}}