{"id":26005,"date":"2015-06-23T14:45:27","date_gmt":"2015-06-23T16:45:27","guid":{"rendered":"http:\/\/alianzanacional.com.uy\/web\/?p=26005"},"modified":"2015-06-23T15:49:06","modified_gmt":"2015-06-23T17:49:06","slug":"guillermo-besozzi-el-lider-natural-nuestro-sigue-siendo-larranaga","status":"publish","type":"post","link":"https:\/\/alianzanacional.com.uy\/web\/guillermo-besozzi-el-lider-natural-nuestro-sigue-siendo-larranaga\/","title":{"rendered":"Guillermo Besozzi: \u00abEl l\u00edder natural nuestro sigue siendo Larra\u00f1aga\u00bb"},"content":{"rendered":"<p><a href=\"https:\/\/alianzanacional.com.uy\/web\/wp-content\/uploads\/2015\/06\/besozzi.jpg\"><img fetchpriority=\"high\" decoding=\"async\" class=\"alignnone size-large wp-image-26006\" src=\"https:\/\/alianzanacional.com.uy\/web\/wp-content\/uploads\/2015\/06\/besozzi-700x393.jpg\" alt=\"besozzi\" width=\"700\" height=\"393\" srcset=\"https:\/\/alianzanacional.com.uy\/web\/wp-content\/uploads\/2015\/06\/besozzi-700x393.jpg 700w, https:\/\/alianzanacional.com.uy\/web\/wp-content\/uploads\/2015\/06\/besozzi-400x225.jpg 400w, https:\/\/alianzanacional.com.uy\/web\/wp-content\/uploads\/2015\/06\/besozzi-212x120.jpg 212w, https:\/\/alianzanacional.com.uy\/web\/wp-content\/uploads\/2015\/06\/besozzi.jpg 1014w\" sizes=\"(max-width: 700px) 100vw, 700px\" \/><\/a><\/p>\n<p>Entrevistado por el Observador TV, Guillermo Besozzi, diputado y exintendente nacionalista se refiri\u00f3 a los temas del quehacer pol\u00edtico nacional. Expres\u00f3 que \u00abEl l\u00edder natural nuestro sigue siendo Larra\u00f1aga\u00bb, afirmando que ser\u00e1 el sector Alianza Nacional quien deba decidir sobre qui\u00e9n ser\u00e1 el candidato en 2019: \u00abEs una decisi\u00f3n que tomaremos entre todos\u00bb, dijo.<\/p>\n<p>Mire el video.<\/p>\n<p><iframe src=\"http:\/\/player.theplatform.com\/p\/H2PcKC\/mXk62OZr9cyj\/embed\/select\/media\/QvjL_1oUmNC7\" width=\"468\" height=\"263\" frameborder=\"0\" seamless=\"seamless\" allowfullscreen=\"allowfullscreen\">Your browser does not support iframes.<\/iframe><\/p>\n","protected":false},"excerpt":{"rendered":"<p>Entrevistado por el Observador TV, Guillermo Besozzi, diputado y exintendente nacionalista se refiri\u00f3 a los temas del quehacer pol\u00edtico nacional. Expres\u00f3 que \u00abEl l\u00edder natural nuestro sigue siendo Larra\u00f1aga\u00bb, afirmando que ser\u00e1 el sector Alianza Nacional quien deba decidir sobre qui\u00e9n ser\u00e1 el candidato en 2019: \u00abEs una decisi\u00f3n que tomaremos entre todos\u00bb, dijo. Mire [&hellip;]<\/p>\n","protected":false},"author":1,"featured_media":26006,"comment_status":"open","ping_status":"open","sticky":false,"template":"","format":"standard","meta":{"footnotes":""},"categories":[163],"tags":[],"class_list":["post-26005","post","type-post","status-publish","format-standard","has-post-thumbnail","hentry","category-entrevistas"],"_links":{"self":[{"href":"https:\/\/alianzanacional.com.uy\/web\/wp-json\/wp\/v2\/posts\/26005","targetHints":{"allow":["GET"]}}],"collection":[{"href":"https:\/\/alianzanacional.com.uy\/web\/wp-json\/wp\/v2\/posts"}],"about":[{"href":"https:\/\/alianzanacional.com.uy\/web\/wp-json\/wp\/v2\/types\/post"}],"author":[{"embeddable":true,"href":"https:\/\/alianzanacional.com.uy\/web\/wp-json\/wp\/v2\/users\/1"}],"replies":[{"embeddable":true,"href":"https:\/\/alianzanacional.com.uy\/web\/wp-json\/wp\/v2\/comments?post=26005"}],"version-history":[{"count":3,"href":"https:\/\/alianzanacional.com.uy\/web\/wp-json\/wp\/v2\/posts\/26005\/revisions"}],"predecessor-version":[{"id":26017,"href":"https:\/\/alianzanacional.com.uy\/web\/wp-json\/wp\/v2\/posts\/26005\/revisions\/26017"}],"wp:featuredmedia":[{"embeddable":true,"href":"https:\/\/alianzanacional.com.uy\/web\/wp-json\/wp\/v2\/media\/26006"}],"wp:attachment":[{"href":"https:\/\/alianzanacional.com.uy\/web\/wp-json\/wp\/v2\/media?parent=26005"}],"wp:term":[{"taxonomy":"category","embeddable":true,"href":"https:\/\/alianzanacional.com.uy\/web\/wp-json\/wp\/v2\/categories?post=26005"},{"taxonomy":"post_tag","embeddable":true,"href":"https:\/\/alianzanacional.com.uy\/web\/wp-json\/wp\/v2\/tags?post=26005"}],"curies":[{"name":"wp","href":"https:\/\/api.w.org\/{rel}","templated":true}]}}