{"id":26019,"date":"2015-06-23T18:05:05","date_gmt":"2015-06-23T20:05:05","guid":{"rendered":"http:\/\/alianzanacional.com.uy\/web\/?p=26019"},"modified":"2015-06-23T18:07:00","modified_gmt":"2015-06-23T20:07:00","slug":"encuentro-nacional-de-alcaldes-de-alianza","status":"publish","type":"post","link":"https:\/\/alianzanacional.com.uy\/web\/encuentro-nacional-de-alcaldes-de-alianza\/","title":{"rendered":"Encuentro Nacional de Alcaldes de Alianza"},"content":{"rendered":"<p><a href=\"https:\/\/alianzanacional.com.uy\/web\/wp-content\/uploads\/2015\/06\/Jorge-Larra\u00f1aga-cuestiona-ley-de-medios_lr21-e.jpg\"><img fetchpriority=\"high\" decoding=\"async\" src=\"https:\/\/alianzanacional.com.uy\/web\/wp-content\/uploads\/2015\/06\/Jorge-Larra\u00f1aga-cuestiona-ley-de-medios_lr21-e.jpg\" alt=\"Jorge-Larra\u00f1aga-cuestiona-ley-de-medios_lr21-e\" width=\"635\" height=\"420\" class=\"alignnone size-full wp-image-26020\" srcset=\"https:\/\/alianzanacional.com.uy\/web\/wp-content\/uploads\/2015\/06\/Jorge-Larra\u00f1aga-cuestiona-ley-de-medios_lr21-e.jpg 635w, https:\/\/alianzanacional.com.uy\/web\/wp-content\/uploads\/2015\/06\/Jorge-Larra\u00f1aga-cuestiona-ley-de-medios_lr21-e-400x265.jpg 400w\" sizes=\"(max-width: 635px) 100vw, 635px\" \/><\/a><\/p>\n<p>En la jornada de ma\u00f1ana, mi\u00e9rcoles 24 de junio, se llevar\u00e1 adelante el encuentro de los 46 alcaldes de Alianza Nacional, la bancada m\u00e1s grande de alcaldes de todo el pa\u00eds.<\/p>\n<p>La reuni\u00f3n contar\u00e1 con la presencia de Intendentes, legisladores, y con el l\u00edder del sector, el senador, Jorge Larra\u00f1aga.<\/p>\n<p>La misma se realizar\u00e1 a las 16 horas en la sala 17 del Edificio Anexo del Palacio Legislativo.<\/p>\n<p><strong>MI\u00c9RCOLES 24 DE JUNIO<br \/>\nENCUENTRO NACIONAL DE ALCALDES DE ALIANZA<br \/>\n16 HORAS<br \/>\nSALA 17 EDIFICO ANEXO DEL PALACIO LEGISLATIVO<\/strong><\/p>\n","protected":false},"excerpt":{"rendered":"<p>En la jornada de ma\u00f1ana, mi\u00e9rcoles 24 de junio, se llevar\u00e1 adelante el encuentro de los 46 alcaldes de Alianza Nacional, la bancada m\u00e1s grande de alcaldes de todo el pa\u00eds. La reuni\u00f3n contar\u00e1 con la presencia de Intendentes, legisladores, y con el l\u00edder del sector, el senador, Jorge Larra\u00f1aga. La misma se realizar\u00e1 a [&hellip;]<\/p>\n","protected":false},"author":1,"featured_media":0,"comment_status":"open","ping_status":"open","sticky":false,"template":"","format":"standard","meta":{"footnotes":""},"categories":[4],"tags":[],"class_list":["post-26019","post","type-post","status-publish","format-standard","hentry","category-agenda"],"_links":{"self":[{"href":"https:\/\/alianzanacional.com.uy\/web\/wp-json\/wp\/v2\/posts\/26019","targetHints":{"allow":["GET"]}}],"collection":[{"href":"https:\/\/alianzanacional.com.uy\/web\/wp-json\/wp\/v2\/posts"}],"about":[{"href":"https:\/\/alianzanacional.com.uy\/web\/wp-json\/wp\/v2\/types\/post"}],"author":[{"embeddable":true,"href":"https:\/\/alianzanacional.com.uy\/web\/wp-json\/wp\/v2\/users\/1"}],"replies":[{"embeddable":true,"href":"https:\/\/alianzanacional.com.uy\/web\/wp-json\/wp\/v2\/comments?post=26019"}],"version-history":[{"count":3,"href":"https:\/\/alianzanacional.com.uy\/web\/wp-json\/wp\/v2\/posts\/26019\/revisions"}],"predecessor-version":[{"id":26023,"href":"https:\/\/alianzanacional.com.uy\/web\/wp-json\/wp\/v2\/posts\/26019\/revisions\/26023"}],"wp:attachment":[{"href":"https:\/\/alianzanacional.com.uy\/web\/wp-json\/wp\/v2\/media?parent=26019"}],"wp:term":[{"taxonomy":"category","embeddable":true,"href":"https:\/\/alianzanacional.com.uy\/web\/wp-json\/wp\/v2\/categories?post=26019"},{"taxonomy":"post_tag","embeddable":true,"href":"https:\/\/alianzanacional.com.uy\/web\/wp-json\/wp\/v2\/tags?post=26019"}],"curies":[{"name":"wp","href":"https:\/\/api.w.org\/{rel}","templated":true}]}}