{"id":26048,"date":"2015-06-26T18:30:30","date_gmt":"2015-06-26T20:30:30","guid":{"rendered":"http:\/\/alianzanacional.com.uy\/web\/?p=26048"},"modified":"2015-06-26T18:30:45","modified_gmt":"2015-06-26T20:30:45","slug":"opinion-del-politologo-oscar-bottinelli-larranaga-se-fortalecio","status":"publish","type":"post","link":"https:\/\/alianzanacional.com.uy\/web\/opinion-del-politologo-oscar-bottinelli-larranaga-se-fortalecio\/","title":{"rendered":"Opini\u00f3n del polit\u00f3logo Oscar Bottinelli: \u201cLarra\u00f1aga se fortaleci\u00f3\u201d"},"content":{"rendered":"<p>Compartimos nota publicada por el Director del Instituto Factum, Lic. Oscar A. Bottinelli, para diario \u201cEl Observador\u201d.<\/p>\n<hr \/>\n<p>&nbsp;<\/p>\n<p><strong>P\u00e9rdidas y ganancias del 10\/05<\/strong><\/p>\n<p><a href=\"https:\/\/alianzanacional.com.uy\/web\/wp-content\/uploads\/2015\/06\/Bottinelli.jpg\"><img fetchpriority=\"high\" decoding=\"async\" class=\"alignright size-medium wp-image-26049\" src=\"https:\/\/alianzanacional.com.uy\/web\/wp-content\/uploads\/2015\/06\/Bottinelli-400x250.jpg\" alt=\"Bottinelli\" width=\"400\" height=\"250\" srcset=\"https:\/\/alianzanacional.com.uy\/web\/wp-content\/uploads\/2015\/06\/Bottinelli-400x250.jpg 400w, https:\/\/alianzanacional.com.uy\/web\/wp-content\/uploads\/2015\/06\/Bottinelli.jpg 669w\" sizes=\"(max-width: 400px) 100vw, 400px\" \/><\/a>Las elecciones se pueden analizar desde el \u00e1ngulo cuantitativo ciudadano (por los votos emitidos en favor de los distintos agentes electorales) o, desde el \u00e1ngulo cuantitativo en ganancias o p\u00e9rdidas de gobiernos o desde el \u00e1ngulo cualitativo (la importancia de los territorios ganados o perdidos). Dejando para cuando est\u00e9n terminados los escrutinios definitivos el an\u00e1lisis cuantitativo ciudadano, cabe centrarse en los \u00e1ngulos cualitativo y cuantitativo de piezas de gobierno. El estudio somero de los primeros resultados permite algunas inferencias:<\/p>\n<p><strong>Balance de intendencias.<\/strong> El Partido Nacional obtiene una larga mayor\u00eda absoluta de gobiernos departamentales (12, igual que en 2010) contra 6 del Frente Amplio (+1) y 1 del Partido Colorado (-1). El PN domina el 64.4% del territorio (+3,7 respecto a 2010), el FA un 30,3% (+11,8) y el PC el 5,4% (-8,1). En cuanto a poblaci\u00f3n el FA gobierna los dos tercios (66,9%; +1,7%) contra menos de la tercera parte del PN (29,9%, +2,1) y un 3,1% del PC (-3,8).<\/p>\n<p>El Frente Amplio pierde Maldonado, una de las dos intendencias m\u00e1s importante despu\u00e9s de Montevideo, aunque lo compensa con las ganancias de Salto y Paysand\u00fa.<\/p>\n<p><strong>Situaci\u00f3n e Interna del Partido Nacional.<\/strong> Larra\u00f1aga es el gran ganador al duplicar a Lacalle Pou en intendencias (8 a 4), y fortalecido como l\u00edder nacional por la obtenci\u00f3n de la intendencia de Maldonado, una de las dos m\u00e1s importantes del pa\u00eds. Adicionalmente Lacalle Pou sufre la responsabilidad de la debacle en Montevideo, donde el nacionalismo cae del 26% al 11% y pierde cerca de 140 mil votos. Tambi\u00e9n pierde en su departamento de origen pol\u00edtico (Canelones).<\/p>\n<p>Jorge Gandini comienza a capitalizar el haber sido excluido de la candidatura montevideana -como le ocurri\u00f3 cinco a\u00f1os atr\u00e1s a Daniel Mart\u00ednez- y ya est\u00e1 en carrera para el 2020. Mientras, \u00c1lvaro Garc\u00e9 queda debilitado.<\/p>\n<p>*************************************************************<br \/>\n<strong>En resumen:<\/strong> poco cambio entre los partidos; fortalecidos como l\u00edderes nacionales Jorge Larra\u00f1aga y Tabar\u00e9 Viera, algo debilitado Jos\u00e9 Mujica, fuertemente golpeados Pedro Bordaberry y Luis Lacalle Pou. En el firmamento se destaca el salto pol\u00edtico de Daniel Mart\u00ednez y Marne Osorio y la aparici\u00f3n de Guillermo Caraballo. Y un fen\u00f3meno extraordinario el de Edgardo Novick en Montevideo por la \u201cconcertaci\u00f3n pura\u201d.<\/p>\n<p>Link a la nota completa: <a href=\"http:\/\/www.factum.edu.uy\/node\/1961\">http:\/\/www.factum.edu.uy\/node\/1961<\/a><\/p>\n<p>Oscar A. Bottinelli<\/p>\n","protected":false},"excerpt":{"rendered":"<p>Compartimos nota publicada por el Director del Instituto Factum, Lic. Oscar A. Bottinelli, para diario \u201cEl Observador\u201d. &nbsp; P\u00e9rdidas y ganancias del 10\/05 Las elecciones se pueden analizar desde el \u00e1ngulo cuantitativo ciudadano (por los votos emitidos en favor de los distintos agentes electorales) o, desde el \u00e1ngulo cuantitativo en ganancias o p\u00e9rdidas de gobiernos [&hellip;]<\/p>\n","protected":false},"author":1,"featured_media":26049,"comment_status":"open","ping_status":"open","sticky":false,"template":"","format":"standard","meta":{"footnotes":""},"categories":[7],"tags":[],"class_list":["post-26048","post","type-post","status-publish","format-standard","has-post-thumbnail","hentry","category-columnistas"],"_links":{"self":[{"href":"https:\/\/alianzanacional.com.uy\/web\/wp-json\/wp\/v2\/posts\/26048","targetHints":{"allow":["GET"]}}],"collection":[{"href":"https:\/\/alianzanacional.com.uy\/web\/wp-json\/wp\/v2\/posts"}],"about":[{"href":"https:\/\/alianzanacional.com.uy\/web\/wp-json\/wp\/v2\/types\/post"}],"author":[{"embeddable":true,"href":"https:\/\/alianzanacional.com.uy\/web\/wp-json\/wp\/v2\/users\/1"}],"replies":[{"embeddable":true,"href":"https:\/\/alianzanacional.com.uy\/web\/wp-json\/wp\/v2\/comments?post=26048"}],"version-history":[{"count":2,"href":"https:\/\/alianzanacional.com.uy\/web\/wp-json\/wp\/v2\/posts\/26048\/revisions"}],"predecessor-version":[{"id":26051,"href":"https:\/\/alianzanacional.com.uy\/web\/wp-json\/wp\/v2\/posts\/26048\/revisions\/26051"}],"wp:featuredmedia":[{"embeddable":true,"href":"https:\/\/alianzanacional.com.uy\/web\/wp-json\/wp\/v2\/media\/26049"}],"wp:attachment":[{"href":"https:\/\/alianzanacional.com.uy\/web\/wp-json\/wp\/v2\/media?parent=26048"}],"wp:term":[{"taxonomy":"category","embeddable":true,"href":"https:\/\/alianzanacional.com.uy\/web\/wp-json\/wp\/v2\/categories?post=26048"},{"taxonomy":"post_tag","embeddable":true,"href":"https:\/\/alianzanacional.com.uy\/web\/wp-json\/wp\/v2\/tags?post=26048"}],"curies":[{"name":"wp","href":"https:\/\/api.w.org\/{rel}","templated":true}]}}