{"id":26147,"date":"2015-07-08T23:52:15","date_gmt":"2015-07-09T01:52:15","guid":{"rendered":"http:\/\/alianzanacional.com.uy\/web\/?p=26147"},"modified":"2015-07-09T13:16:53","modified_gmt":"2015-07-09T15:16:53","slug":"agenda-asumen-los-intendentes","status":"publish","type":"post","link":"https:\/\/alianzanacional.com.uy\/web\/agenda-asumen-los-intendentes\/","title":{"rendered":"AGENDA | Lugar y hora de asunci\u00f3n de Intendentes"},"content":{"rendered":"<p><strong><a href=\"https:\/\/alianzanacional.com.uy\/web\/wp-content\/uploads\/2015\/07\/MATRIZ-SLIDER-2014.jpg\"><img fetchpriority=\"high\" decoding=\"async\" class=\"alignnone size-large wp-image-26148\" src=\"https:\/\/alianzanacional.com.uy\/web\/wp-content\/uploads\/2015\/07\/MATRIZ-SLIDER-2014-700x184.jpg\" alt=\"MATRIZ-SLIDER-2014\" width=\"700\" height=\"184\" srcset=\"https:\/\/alianzanacional.com.uy\/web\/wp-content\/uploads\/2015\/07\/MATRIZ-SLIDER-2014-700x184.jpg 700w, https:\/\/alianzanacional.com.uy\/web\/wp-content\/uploads\/2015\/07\/MATRIZ-SLIDER-2014-400x105.jpg 400w, https:\/\/alianzanacional.com.uy\/web\/wp-content\/uploads\/2015\/07\/MATRIZ-SLIDER-2014.jpg 1140w\" sizes=\"(max-width: 700px) 100vw, 700px\" \/><\/a><\/strong><\/p>\n<p><strong>9 de julio &#8211; 11:00 h.<\/strong><\/p>\n<h2>ACTO DE ASUNCI\u00d3N DEL INTENDENTE DE COLONIA, CARLOS MOREIRA<\/h2>\n<p>El ex Senador, electo intendente departamental de Colonia, Carlos Moreira Reisch, asumir\u00e1 la jefatura departamental el d\u00eda jueves 9 de julio a la hora 11:00 en el Centro Cultural Basti\u00f3n del Carmen (Rivadavia 223).<br \/>\n________________________________________<br \/>\n<strong>9 de julio &#8211; 11:00 h.<\/strong><\/p>\n<h2>ACTO DE ASUNCI\u00d3N DEL INTENDENTE DE TREINTA Y TRES, DARDO S\u00c1NCHEZ<\/h2>\n<p>El reelecto intendente, Dardo S\u00e1nchez, reasumir\u00e1 la jefatura departamental de Treinta y Tres en la sede de la Intendencia el jueves 9 de julio a la hora 11:00.<br \/>\n________________________________________<br \/>\n<strong>9 de julio &#8211; 11:00 h.<\/strong><\/p>\n<h2>ACTO DE ASUNCI\u00d3N DEL INTENDENTE DE SORIANO, AGUST\u00cdN BASCOU<\/h2>\n<p>El acto de asunci\u00f3n del intendente departamental de Soriano, Agust\u00edn Bascou, tendr\u00e1 lugar el jueves 9 de julio a las 11:00 horas, en plaza Artigas de la ciudad de Mercedes. En caso de lluvia, el acto se trasladar\u00e1 al Teatro \u00ab28 de Febrero\u00bb.<br \/>\n________________________________________<br \/>\n<strong>9 de julio &#8211; 12:00 h.<\/strong><\/p>\n<h2>ASUNCI\u00d3N DEL INTENDENTE DE CERRO LARGO, SERGIO BOTANA<\/h2>\n<p>El acto de asunci\u00f3n del intendente departamental de Cerro Largo, Sergio Botana, se realizar\u00e1 en la Plaza Constituci\u00f3n (Aparicio Saravia entre Pilar y Remigio Castellano) de la ciudad de Melo, el jueves 9 de julio a la hora 12:00.<br \/>\nPosteriormente, durante los d\u00edas 10, 11 y 12, acompa\u00f1ar\u00e1n la asunci\u00f3n de los alcaldes del departamento.<br \/>\n________________________________________<br \/>\n<strong>9 de julio &#8211; 14:00 h.<\/strong><\/p>\n<h2>ACTO DE ASUNCI\u00d3N DE LA INTENDENTA DE LAVALLEJA, DRA. ADRIANA PE\u00d1A<\/h2>\n<p>La reelecta intendenta, Dra. Adriana Pe\u00f1a Hern\u00e1ndez, volver\u00e1 a asumir la jefatura departamental de Lavalleja el d\u00eda jueves 9 de julio, a las 14:00 horas, en el edificio central de la Comuna (Jos\u00e9 Batlle y Ord\u00f3\u00f1ez 546, Minas, Lavalleja).<br \/>\n________________________________________<br \/>\n<strong>9 de julio &#8211; 17:00 h.<\/strong><\/p>\n<h2>ACTO DE ASUNCI\u00d3N DEL INTENDENTE DE MALDONADO, ENRIQUE ANT\u00cdA<\/h2>\n<p>El electo jefe departamental de Maldonado, Enrique Ant\u00eda, asumir\u00e1 funciones el jueves 9 de julio, a las 17:00 horas, en la sala de conferencias de la Intendencia Departamental de Maldonado (5to Piso A), sita en calles Acu\u00f1a de Figueroa y Burnett.<br \/>\n________________________________________<br \/>\n<strong>9 de julio &#8211; 19:00 h.<\/strong><\/p>\n<h2>ACTO DE ASUNCI\u00d3N DEL INTENDENTE ELECTO DE TACUAREMB\u00d3, DR. EBER DA ROSA<\/h2>\n<p>El acto de asunci\u00f3n del intendente departamental de Tacuaremb\u00f3, Dr. Eber da Rosa, tendr\u00e1 lugar el d\u00eda jueves 9 de julio a la hora 19:00, en el hall de la Intendencia Departamental (18 de Julio 164, Tacuaremb\u00f3).<br \/>\n________________________________________<br \/>\n<strong>10 de julio &#8211; 14:30 h.<\/strong><\/p>\n<h2>ACTO DE ASUNCI\u00d3N DEL INTENDENTE ELECTO DE ARTIGAS<\/h2>\n<p>Pablo Esteban Caram Murillo, intendente electo del departamento de Artigas, asumir\u00e1 la jefatura departamental el viernes 10 de julio a la hora 14:30, en la Intendencia Departamental de Artigas (Lecueder 472).<\/p>\n","protected":false},"excerpt":{"rendered":"<p>9 de julio &#8211; 11:00 h. ACTO DE ASUNCI\u00d3N DEL INTENDENTE DE COLONIA, CARLOS MOREIRA El ex Senador, electo intendente departamental de Colonia, Carlos Moreira Reisch, asumir\u00e1 la jefatura departamental el d\u00eda jueves 9 de julio a la hora 11:00 en el Centro Cultural Basti\u00f3n del Carmen (Rivadavia 223). ________________________________________ 9 de julio &#8211; 11:00 [&hellip;]<\/p>\n","protected":false},"author":1,"featured_media":26148,"comment_status":"open","ping_status":"open","sticky":false,"template":"","format":"standard","meta":{"footnotes":""},"categories":[4],"tags":[237,309],"class_list":["post-26147","post","type-post","status-publish","format-standard","has-post-thumbnail","hentry","category-agenda","tag-intendencias","tag-uruguay"],"_links":{"self":[{"href":"https:\/\/alianzanacional.com.uy\/web\/wp-json\/wp\/v2\/posts\/26147","targetHints":{"allow":["GET"]}}],"collection":[{"href":"https:\/\/alianzanacional.com.uy\/web\/wp-json\/wp\/v2\/posts"}],"about":[{"href":"https:\/\/alianzanacional.com.uy\/web\/wp-json\/wp\/v2\/types\/post"}],"author":[{"embeddable":true,"href":"https:\/\/alianzanacional.com.uy\/web\/wp-json\/wp\/v2\/users\/1"}],"replies":[{"embeddable":true,"href":"https:\/\/alianzanacional.com.uy\/web\/wp-json\/wp\/v2\/comments?post=26147"}],"version-history":[{"count":3,"href":"https:\/\/alianzanacional.com.uy\/web\/wp-json\/wp\/v2\/posts\/26147\/revisions"}],"predecessor-version":[{"id":26151,"href":"https:\/\/alianzanacional.com.uy\/web\/wp-json\/wp\/v2\/posts\/26147\/revisions\/26151"}],"wp:featuredmedia":[{"embeddable":true,"href":"https:\/\/alianzanacional.com.uy\/web\/wp-json\/wp\/v2\/media\/26148"}],"wp:attachment":[{"href":"https:\/\/alianzanacional.com.uy\/web\/wp-json\/wp\/v2\/media?parent=26147"}],"wp:term":[{"taxonomy":"category","embeddable":true,"href":"https:\/\/alianzanacional.com.uy\/web\/wp-json\/wp\/v2\/categories?post=26147"},{"taxonomy":"post_tag","embeddable":true,"href":"https:\/\/alianzanacional.com.uy\/web\/wp-json\/wp\/v2\/tags?post=26147"}],"curies":[{"name":"wp","href":"https:\/\/api.w.org\/{rel}","templated":true}]}}