{"id":26177,"date":"2015-07-13T14:20:06","date_gmt":"2015-07-13T16:20:06","guid":{"rendered":"http:\/\/alianzanacional.com.uy\/web\/?p=26177"},"modified":"2015-07-13T14:24:28","modified_gmt":"2015-07-13T16:24:28","slug":"ciclo-de-jovenes-junto-a-legisladores","status":"publish","type":"post","link":"https:\/\/alianzanacional.com.uy\/web\/ciclo-de-jovenes-junto-a-legisladores\/","title":{"rendered":"Ciclo \u00abDi\u00e1logo de j\u00f3venes junto a legisladores\u00bb."},"content":{"rendered":"<p>Ma\u00f1ana, martes 14 de julio, a las 19:30hs, contin\u00faa el ciclo de \u00abJ\u00f3venes con legisladores\u00bb organizado por la Juventud de Alianza Nacional.<br \/>\nEn esta ocasi\u00f3n participar\u00e1n los Diputados \u00c1lvaro Dastugue (Montevideo) y Nicol\u00e1s Olivera (Paysand\u00fa)<\/p>\n<p>La invitaci\u00f3n expresa \u00abNos juntamos para intercambiar con los legisladores reci\u00e9n electos, porque la pol\u00edtica es eso: di\u00e1logo. Los esperamos a todos y a todas para venir a conocer a quienes nos representan en el parlamento. Terminamos con una pe\u00f1a y una hamburgueseada.<br \/>\n\u00a1Todos invitados!\u00bb<\/p>\n<p>Ser\u00e1 en \u00abTu lugar\u00bb (Acevedo D\u00edaz 1373 Esquina Rod\u00f3) a partir de las 19:30 horas. <\/p>\n<p><a href=\"https:\/\/alianzanacional.com.uy\/web\/wp-content\/uploads\/2015\/07\/20150713085646.jpg\"><img fetchpriority=\"high\" decoding=\"async\" src=\"https:\/\/alianzanacional.com.uy\/web\/wp-content\/uploads\/2015\/07\/20150713085646-700x376.jpg\" alt=\"20150713085646\" width=\"700\" height=\"376\" class=\"alignnone size-large wp-image-26178\" srcset=\"https:\/\/alianzanacional.com.uy\/web\/wp-content\/uploads\/2015\/07\/20150713085646-700x376.jpg 700w, https:\/\/alianzanacional.com.uy\/web\/wp-content\/uploads\/2015\/07\/20150713085646-400x215.jpg 400w, https:\/\/alianzanacional.com.uy\/web\/wp-content\/uploads\/2015\/07\/20150713085646.jpg 799w\" sizes=\"(max-width: 700px) 100vw, 700px\" \/><\/a><\/p>\n","protected":false},"excerpt":{"rendered":"<p>Ma\u00f1ana, martes 14 de julio, a las 19:30hs, contin\u00faa el ciclo de \u00abJ\u00f3venes con legisladores\u00bb organizado por la Juventud de Alianza Nacional. En esta ocasi\u00f3n participar\u00e1n los Diputados \u00c1lvaro Dastugue (Montevideo) y Nicol\u00e1s Olivera (Paysand\u00fa) La invitaci\u00f3n expresa \u00abNos juntamos para intercambiar con los legisladores reci\u00e9n electos, porque la pol\u00edtica es eso: di\u00e1logo. Los esperamos [&hellip;]<\/p>\n","protected":false},"author":1,"featured_media":26178,"comment_status":"open","ping_status":"open","sticky":false,"template":"","format":"standard","meta":{"footnotes":""},"categories":[4],"tags":[337],"class_list":["post-26177","post","type-post","status-publish","format-standard","has-post-thumbnail","hentry","category-agenda","tag-juventud"],"_links":{"self":[{"href":"https:\/\/alianzanacional.com.uy\/web\/wp-json\/wp\/v2\/posts\/26177","targetHints":{"allow":["GET"]}}],"collection":[{"href":"https:\/\/alianzanacional.com.uy\/web\/wp-json\/wp\/v2\/posts"}],"about":[{"href":"https:\/\/alianzanacional.com.uy\/web\/wp-json\/wp\/v2\/types\/post"}],"author":[{"embeddable":true,"href":"https:\/\/alianzanacional.com.uy\/web\/wp-json\/wp\/v2\/users\/1"}],"replies":[{"embeddable":true,"href":"https:\/\/alianzanacional.com.uy\/web\/wp-json\/wp\/v2\/comments?post=26177"}],"version-history":[{"count":4,"href":"https:\/\/alianzanacional.com.uy\/web\/wp-json\/wp\/v2\/posts\/26177\/revisions"}],"predecessor-version":[{"id":26182,"href":"https:\/\/alianzanacional.com.uy\/web\/wp-json\/wp\/v2\/posts\/26177\/revisions\/26182"}],"wp:featuredmedia":[{"embeddable":true,"href":"https:\/\/alianzanacional.com.uy\/web\/wp-json\/wp\/v2\/media\/26178"}],"wp:attachment":[{"href":"https:\/\/alianzanacional.com.uy\/web\/wp-json\/wp\/v2\/media?parent=26177"}],"wp:term":[{"taxonomy":"category","embeddable":true,"href":"https:\/\/alianzanacional.com.uy\/web\/wp-json\/wp\/v2\/categories?post=26177"},{"taxonomy":"post_tag","embeddable":true,"href":"https:\/\/alianzanacional.com.uy\/web\/wp-json\/wp\/v2\/tags?post=26177"}],"curies":[{"name":"wp","href":"https:\/\/api.w.org\/{rel}","templated":true}]}}