{"id":26213,"date":"2015-07-13T09:30:11","date_gmt":"2015-07-13T11:30:11","guid":{"rendered":"http:\/\/alianzanacional.com.uy\/web\/?p=26213"},"modified":"2015-07-13T15:41:23","modified_gmt":"2015-07-13T17:41:23","slug":"galeria-asuncion-de-eber-da-rosa","status":"publish","type":"post","link":"https:\/\/alianzanacional.com.uy\/web\/galeria-asuncion-de-eber-da-rosa\/","title":{"rendered":"GALER\u00cdA | Asunci\u00f3n de Eber da Rosa como intendente de Tacuaremb\u00f3"},"content":{"rendered":"<div id='gallery-1' class='gallery galleryid-26213 gallery-columns-3 gallery-size-thumbnail'><figure class='gallery-item'>\n\t\t\t<div class='gallery-icon landscape'>\n\t\t\t\t<a href='https:\/\/alianzanacional.com.uy\/web\/galeria-asuncion-de-eber-da-rosa\/dra_3562\/'><img decoding=\"async\" width=\"150\" height=\"150\" src=\"https:\/\/alianzanacional.com.uy\/web\/wp-content\/uploads\/2015\/07\/DRA_3562-150x150.jpg\" class=\"attachment-thumbnail size-thumbnail\" alt=\"\" srcset=\"https:\/\/alianzanacional.com.uy\/web\/wp-content\/uploads\/2015\/07\/DRA_3562-150x150.jpg 150w, https:\/\/alianzanacional.com.uy\/web\/wp-content\/uploads\/2015\/07\/DRA_3562-90x90.jpg 90w, https:\/\/alianzanacional.com.uy\/web\/wp-content\/uploads\/2015\/07\/DRA_3562-60x60.jpg 60w, https:\/\/alianzanacional.com.uy\/web\/wp-content\/uploads\/2015\/07\/DRA_3562-100x100.jpg 100w\" sizes=\"(max-width: 150px) 100vw, 150px\" \/><\/a>\n\t\t\t<\/div><\/figure><figure class='gallery-item'>\n\t\t\t<div class='gallery-icon landscape'>\n\t\t\t\t<a href='https:\/\/alianzanacional.com.uy\/web\/galeria-asuncion-de-eber-da-rosa\/dra_3545\/'><img decoding=\"async\" width=\"150\" height=\"150\" src=\"https:\/\/alianzanacional.com.uy\/web\/wp-content\/uploads\/2015\/07\/DRA_3545-150x150.jpg\" class=\"attachment-thumbnail size-thumbnail\" alt=\"\" srcset=\"https:\/\/alianzanacional.com.uy\/web\/wp-content\/uploads\/2015\/07\/DRA_3545-150x150.jpg 150w, https:\/\/alianzanacional.com.uy\/web\/wp-content\/uploads\/2015\/07\/DRA_3545-90x90.jpg 90w, https:\/\/alianzanacional.com.uy\/web\/wp-content\/uploads\/2015\/07\/DRA_3545-60x60.jpg 60w, https:\/\/alianzanacional.com.uy\/web\/wp-content\/uploads\/2015\/07\/DRA_3545-100x100.jpg 100w\" sizes=\"(max-width: 150px) 100vw, 150px\" \/><\/a>\n\t\t\t<\/div><\/figure><figure class='gallery-item'>\n\t\t\t<div class='gallery-icon landscape'>\n\t\t\t\t<a href='https:\/\/alianzanacional.com.uy\/web\/galeria-asuncion-de-eber-da-rosa\/dra_3514\/'><img decoding=\"async\" width=\"150\" height=\"150\" src=\"https:\/\/alianzanacional.com.uy\/web\/wp-content\/uploads\/2015\/07\/DRA_3514-150x150.jpg\" class=\"attachment-thumbnail size-thumbnail\" alt=\"\" srcset=\"https:\/\/alianzanacional.com.uy\/web\/wp-content\/uploads\/2015\/07\/DRA_3514-150x150.jpg 150w, https:\/\/alianzanacional.com.uy\/web\/wp-content\/uploads\/2015\/07\/DRA_3514-90x90.jpg 90w, https:\/\/alianzanacional.com.uy\/web\/wp-content\/uploads\/2015\/07\/DRA_3514-60x60.jpg 60w, https:\/\/alianzanacional.com.uy\/web\/wp-content\/uploads\/2015\/07\/DRA_3514-100x100.jpg 100w\" sizes=\"(max-width: 150px) 100vw, 150px\" \/><\/a>\n\t\t\t<\/div><\/figure><figure class='gallery-item'>\n\t\t\t<div class='gallery-icon landscape'>\n\t\t\t\t<a href='https:\/\/alianzanacional.com.uy\/web\/galeria-asuncion-de-eber-da-rosa\/dra_3598\/'><img loading=\"lazy\" decoding=\"async\" width=\"150\" height=\"150\" src=\"https:\/\/alianzanacional.com.uy\/web\/wp-content\/uploads\/2015\/07\/DRA_3598-150x150.jpg\" class=\"attachment-thumbnail size-thumbnail\" alt=\"\" srcset=\"https:\/\/alianzanacional.com.uy\/web\/wp-content\/uploads\/2015\/07\/DRA_3598-150x150.jpg 150w, https:\/\/alianzanacional.com.uy\/web\/wp-content\/uploads\/2015\/07\/DRA_3598-90x90.jpg 90w, https:\/\/alianzanacional.com.uy\/web\/wp-content\/uploads\/2015\/07\/DRA_3598-60x60.jpg 60w, https:\/\/alianzanacional.com.uy\/web\/wp-content\/uploads\/2015\/07\/DRA_3598-100x100.jpg 100w\" sizes=\"(max-width: 150px) 100vw, 150px\" \/><\/a>\n\t\t\t<\/div><\/figure><figure class='gallery-item'>\n\t\t\t<div class='gallery-icon landscape'>\n\t\t\t\t<a href='https:\/\/alianzanacional.com.uy\/web\/galeria-asuncion-de-eber-da-rosa\/dra_3594\/'><img loading=\"lazy\" decoding=\"async\" width=\"150\" height=\"150\" src=\"https:\/\/alianzanacional.com.uy\/web\/wp-content\/uploads\/2015\/07\/DRA_3594-150x150.jpg\" class=\"attachment-thumbnail size-thumbnail\" alt=\"\" srcset=\"https:\/\/alianzanacional.com.uy\/web\/wp-content\/uploads\/2015\/07\/DRA_3594-150x150.jpg 150w, https:\/\/alianzanacional.com.uy\/web\/wp-content\/uploads\/2015\/07\/DRA_3594-90x90.jpg 90w, https:\/\/alianzanacional.com.uy\/web\/wp-content\/uploads\/2015\/07\/DRA_3594-60x60.jpg 60w, https:\/\/alianzanacional.com.uy\/web\/wp-content\/uploads\/2015\/07\/DRA_3594-100x100.jpg 100w\" sizes=\"(max-width: 150px) 100vw, 150px\" \/><\/a>\n\t\t\t<\/div><\/figure><figure class='gallery-item'>\n\t\t\t<div class='gallery-icon landscape'>\n\t\t\t\t<a href='https:\/\/alianzanacional.com.uy\/web\/galeria-asuncion-de-eber-da-rosa\/dra_3613\/'><img loading=\"lazy\" decoding=\"async\" width=\"150\" height=\"150\" src=\"https:\/\/alianzanacional.com.uy\/web\/wp-content\/uploads\/2015\/07\/DRA_3613-150x150.jpg\" class=\"attachment-thumbnail size-thumbnail\" alt=\"\" srcset=\"https:\/\/alianzanacional.com.uy\/web\/wp-content\/uploads\/2015\/07\/DRA_3613-150x150.jpg 150w, https:\/\/alianzanacional.com.uy\/web\/wp-content\/uploads\/2015\/07\/DRA_3613-90x90.jpg 90w, https:\/\/alianzanacional.com.uy\/web\/wp-content\/uploads\/2015\/07\/DRA_3613-60x60.jpg 60w, https:\/\/alianzanacional.com.uy\/web\/wp-content\/uploads\/2015\/07\/DRA_3613-100x100.jpg 100w\" sizes=\"(max-width: 150px) 100vw, 150px\" \/><\/a>\n\t\t\t<\/div><\/figure>\n\t\t<\/div>\n\n","protected":false},"excerpt":{"rendered":"","protected":false},"author":1,"featured_media":26216,"comment_status":"open","ping_status":"open","sticky":false,"template":"","format":"standard","meta":{"footnotes":""},"categories":[23],"tags":[315,237,322],"class_list":["post-26213","post","type-post","status-publish","format-standard","has-post-thumbnail","hentry","category-fotos","tag-gobierno","tag-intendencias","tag-tacuarembo"],"_links":{"self":[{"href":"https:\/\/alianzanacional.com.uy\/web\/wp-json\/wp\/v2\/posts\/26213","targetHints":{"allow":["GET"]}}],"collection":[{"href":"https:\/\/alianzanacional.com.uy\/web\/wp-json\/wp\/v2\/posts"}],"about":[{"href":"https:\/\/alianzanacional.com.uy\/web\/wp-json\/wp\/v2\/types\/post"}],"author":[{"embeddable":true,"href":"https:\/\/alianzanacional.com.uy\/web\/wp-json\/wp\/v2\/users\/1"}],"replies":[{"embeddable":true,"href":"https:\/\/alianzanacional.com.uy\/web\/wp-json\/wp\/v2\/comments?post=26213"}],"version-history":[{"count":3,"href":"https:\/\/alianzanacional.com.uy\/web\/wp-json\/wp\/v2\/posts\/26213\/revisions"}],"predecessor-version":[{"id":26222,"href":"https:\/\/alianzanacional.com.uy\/web\/wp-json\/wp\/v2\/posts\/26213\/revisions\/26222"}],"wp:featuredmedia":[{"embeddable":true,"href":"https:\/\/alianzanacional.com.uy\/web\/wp-json\/wp\/v2\/media\/26216"}],"wp:attachment":[{"href":"https:\/\/alianzanacional.com.uy\/web\/wp-json\/wp\/v2\/media?parent=26213"}],"wp:term":[{"taxonomy":"category","embeddable":true,"href":"https:\/\/alianzanacional.com.uy\/web\/wp-json\/wp\/v2\/categories?post=26213"},{"taxonomy":"post_tag","embeddable":true,"href":"https:\/\/alianzanacional.com.uy\/web\/wp-json\/wp\/v2\/tags?post=26213"}],"curies":[{"name":"wp","href":"https:\/\/api.w.org\/{rel}","templated":true}]}}