{"id":26224,"date":"2015-07-13T09:41:48","date_gmt":"2015-07-13T11:41:48","guid":{"rendered":"http:\/\/alianzanacional.com.uy\/web\/?p=26224"},"modified":"2015-07-13T15:44:30","modified_gmt":"2015-07-13T17:44:30","slug":"galeria-asuncion-de-dardo-sanchez-cal-como-intendente-de-treinta-y-tres","status":"publish","type":"post","link":"https:\/\/alianzanacional.com.uy\/web\/galeria-asuncion-de-dardo-sanchez-cal-como-intendente-de-treinta-y-tres\/","title":{"rendered":"GALER\u00cdA | Asunci\u00f3n de Dardo S\u00e1nchez Cal como intendente de Treinta y Tres"},"content":{"rendered":"<div id='gallery-1' class='gallery galleryid-26224 gallery-columns-3 gallery-size-thumbnail'><figure class='gallery-item'>\n\t\t\t<div class='gallery-icon landscape'>\n\t\t\t\t<a href='https:\/\/alianzanacional.com.uy\/web\/galeria-asuncion-de-dardo-sanchez-cal-como-intendente-de-treinta-y-tres\/11737901_971743012870297_3252323104459193250_n\/'><img decoding=\"async\" width=\"150\" height=\"150\" src=\"https:\/\/alianzanacional.com.uy\/web\/wp-content\/uploads\/2015\/07\/11737901_971743012870297_3252323104459193250_n-150x150.jpg\" class=\"attachment-thumbnail size-thumbnail\" alt=\"\" srcset=\"https:\/\/alianzanacional.com.uy\/web\/wp-content\/uploads\/2015\/07\/11737901_971743012870297_3252323104459193250_n-150x150.jpg 150w, https:\/\/alianzanacional.com.uy\/web\/wp-content\/uploads\/2015\/07\/11737901_971743012870297_3252323104459193250_n-90x90.jpg 90w, https:\/\/alianzanacional.com.uy\/web\/wp-content\/uploads\/2015\/07\/11737901_971743012870297_3252323104459193250_n-60x60.jpg 60w, https:\/\/alianzanacional.com.uy\/web\/wp-content\/uploads\/2015\/07\/11737901_971743012870297_3252323104459193250_n-100x100.jpg 100w\" sizes=\"(max-width: 150px) 100vw, 150px\" \/><\/a>\n\t\t\t<\/div><\/figure><figure class='gallery-item'>\n\t\t\t<div class='gallery-icon landscape'>\n\t\t\t\t<a href='https:\/\/alianzanacional.com.uy\/web\/galeria-asuncion-de-dardo-sanchez-cal-como-intendente-de-treinta-y-tres\/11665355_971742956203636_7057928314312769901_n\/'><img decoding=\"async\" width=\"150\" height=\"150\" src=\"https:\/\/alianzanacional.com.uy\/web\/wp-content\/uploads\/2015\/07\/11665355_971742956203636_7057928314312769901_n-150x150.jpg\" class=\"attachment-thumbnail size-thumbnail\" alt=\"\" srcset=\"https:\/\/alianzanacional.com.uy\/web\/wp-content\/uploads\/2015\/07\/11665355_971742956203636_7057928314312769901_n-150x150.jpg 150w, https:\/\/alianzanacional.com.uy\/web\/wp-content\/uploads\/2015\/07\/11665355_971742956203636_7057928314312769901_n-90x90.jpg 90w, https:\/\/alianzanacional.com.uy\/web\/wp-content\/uploads\/2015\/07\/11665355_971742956203636_7057928314312769901_n-60x60.jpg 60w, https:\/\/alianzanacional.com.uy\/web\/wp-content\/uploads\/2015\/07\/11665355_971742956203636_7057928314312769901_n-100x100.jpg 100w\" sizes=\"(max-width: 150px) 100vw, 150px\" \/><\/a>\n\t\t\t<\/div><\/figure><figure class='gallery-item'>\n\t\t\t<div class='gallery-icon landscape'>\n\t\t\t\t<a href='https:\/\/alianzanacional.com.uy\/web\/galeria-asuncion-de-dardo-sanchez-cal-como-intendente-de-treinta-y-tres\/11229688_971742756203656_5041743855432174414_n\/'><img decoding=\"async\" width=\"150\" height=\"150\" src=\"https:\/\/alianzanacional.com.uy\/web\/wp-content\/uploads\/2015\/07\/11229688_971742756203656_5041743855432174414_n-150x150.jpg\" class=\"attachment-thumbnail size-thumbnail\" alt=\"\" srcset=\"https:\/\/alianzanacional.com.uy\/web\/wp-content\/uploads\/2015\/07\/11229688_971742756203656_5041743855432174414_n-150x150.jpg 150w, https:\/\/alianzanacional.com.uy\/web\/wp-content\/uploads\/2015\/07\/11229688_971742756203656_5041743855432174414_n-90x90.jpg 90w, https:\/\/alianzanacional.com.uy\/web\/wp-content\/uploads\/2015\/07\/11229688_971742756203656_5041743855432174414_n-60x60.jpg 60w, https:\/\/alianzanacional.com.uy\/web\/wp-content\/uploads\/2015\/07\/11229688_971742756203656_5041743855432174414_n-100x100.jpg 100w\" sizes=\"(max-width: 150px) 100vw, 150px\" \/><\/a>\n\t\t\t<\/div><\/figure><figure class='gallery-item'>\n\t\t\t<div class='gallery-icon landscape'>\n\t\t\t\t<a href='https:\/\/alianzanacional.com.uy\/web\/galeria-asuncion-de-dardo-sanchez-cal-como-intendente-de-treinta-y-tres\/11403384_971742586203673_8017027668988633535_n\/'><img loading=\"lazy\" decoding=\"async\" width=\"150\" height=\"150\" src=\"https:\/\/alianzanacional.com.uy\/web\/wp-content\/uploads\/2015\/07\/11403384_971742586203673_8017027668988633535_n-150x150.jpg\" class=\"attachment-thumbnail size-thumbnail\" alt=\"\" srcset=\"https:\/\/alianzanacional.com.uy\/web\/wp-content\/uploads\/2015\/07\/11403384_971742586203673_8017027668988633535_n-150x150.jpg 150w, https:\/\/alianzanacional.com.uy\/web\/wp-content\/uploads\/2015\/07\/11403384_971742586203673_8017027668988633535_n-90x90.jpg 90w, https:\/\/alianzanacional.com.uy\/web\/wp-content\/uploads\/2015\/07\/11403384_971742586203673_8017027668988633535_n-60x60.jpg 60w, https:\/\/alianzanacional.com.uy\/web\/wp-content\/uploads\/2015\/07\/11403384_971742586203673_8017027668988633535_n-100x100.jpg 100w\" sizes=\"(max-width: 150px) 100vw, 150px\" \/><\/a>\n\t\t\t<\/div><\/figure><figure class='gallery-item'>\n\t\t\t<div class='gallery-icon landscape'>\n\t\t\t\t<a href='https:\/\/alianzanacional.com.uy\/web\/galeria-asuncion-de-dardo-sanchez-cal-como-intendente-de-treinta-y-tres\/10414853_971742682870330_2266820872015802301_n\/'><img loading=\"lazy\" decoding=\"async\" width=\"150\" height=\"150\" src=\"https:\/\/alianzanacional.com.uy\/web\/wp-content\/uploads\/2015\/07\/10414853_971742682870330_2266820872015802301_n-150x150.jpg\" class=\"attachment-thumbnail size-thumbnail\" alt=\"\" srcset=\"https:\/\/alianzanacional.com.uy\/web\/wp-content\/uploads\/2015\/07\/10414853_971742682870330_2266820872015802301_n-150x150.jpg 150w, https:\/\/alianzanacional.com.uy\/web\/wp-content\/uploads\/2015\/07\/10414853_971742682870330_2266820872015802301_n-90x90.jpg 90w, https:\/\/alianzanacional.com.uy\/web\/wp-content\/uploads\/2015\/07\/10414853_971742682870330_2266820872015802301_n-60x60.jpg 60w, https:\/\/alianzanacional.com.uy\/web\/wp-content\/uploads\/2015\/07\/10414853_971742682870330_2266820872015802301_n-100x100.jpg 100w\" sizes=\"(max-width: 150px) 100vw, 150px\" \/><\/a>\n\t\t\t<\/div><\/figure><figure class='gallery-item'>\n\t\t\t<div class='gallery-icon landscape'>\n\t\t\t\t<a href='https:\/\/alianzanacional.com.uy\/web\/galeria-asuncion-de-dardo-sanchez-cal-como-intendente-de-treinta-y-tres\/11707518_971742516203680_4554197473505134632_n\/'><img loading=\"lazy\" decoding=\"async\" width=\"150\" height=\"150\" src=\"https:\/\/alianzanacional.com.uy\/web\/wp-content\/uploads\/2015\/07\/11707518_971742516203680_4554197473505134632_n-150x150.jpg\" class=\"attachment-thumbnail size-thumbnail\" alt=\"\" srcset=\"https:\/\/alianzanacional.com.uy\/web\/wp-content\/uploads\/2015\/07\/11707518_971742516203680_4554197473505134632_n-150x150.jpg 150w, https:\/\/alianzanacional.com.uy\/web\/wp-content\/uploads\/2015\/07\/11707518_971742516203680_4554197473505134632_n-90x90.jpg 90w, https:\/\/alianzanacional.com.uy\/web\/wp-content\/uploads\/2015\/07\/11707518_971742516203680_4554197473505134632_n-60x60.jpg 60w, https:\/\/alianzanacional.com.uy\/web\/wp-content\/uploads\/2015\/07\/11707518_971742516203680_4554197473505134632_n-100x100.jpg 100w\" sizes=\"(max-width: 150px) 100vw, 150px\" \/><\/a>\n\t\t\t<\/div><\/figure><figure class='gallery-item'>\n\t\t\t<div class='gallery-icon landscape'>\n\t\t\t\t<a href='https:\/\/alianzanacional.com.uy\/web\/galeria-asuncion-de-dardo-sanchez-cal-como-intendente-de-treinta-y-tres\/11700817_971742459537019_491844064102832240_n\/'><img loading=\"lazy\" decoding=\"async\" width=\"150\" height=\"150\" src=\"https:\/\/alianzanacional.com.uy\/web\/wp-content\/uploads\/2015\/07\/11700817_971742459537019_491844064102832240_n-150x150.jpg\" class=\"attachment-thumbnail size-thumbnail\" alt=\"\" srcset=\"https:\/\/alianzanacional.com.uy\/web\/wp-content\/uploads\/2015\/07\/11700817_971742459537019_491844064102832240_n-150x150.jpg 150w, https:\/\/alianzanacional.com.uy\/web\/wp-content\/uploads\/2015\/07\/11700817_971742459537019_491844064102832240_n-90x90.jpg 90w, https:\/\/alianzanacional.com.uy\/web\/wp-content\/uploads\/2015\/07\/11700817_971742459537019_491844064102832240_n-60x60.jpg 60w, https:\/\/alianzanacional.com.uy\/web\/wp-content\/uploads\/2015\/07\/11700817_971742459537019_491844064102832240_n-100x100.jpg 100w\" sizes=\"(max-width: 150px) 100vw, 150px\" \/><\/a>\n\t\t\t<\/div><\/figure>\n\t\t<\/div>\n\n","protected":false},"excerpt":{"rendered":"","protected":false},"author":1,"featured_media":26232,"comment_status":"open","ping_status":"open","sticky":false,"template":"","format":"standard","meta":{"footnotes":""},"categories":[23],"tags":[315,237,316],"class_list":["post-26224","post","type-post","status-publish","format-standard","has-post-thumbnail","hentry","category-fotos","tag-gobierno","tag-intendencias","tag-treinta-y-tres"],"_links":{"self":[{"href":"https:\/\/alianzanacional.com.uy\/web\/wp-json\/wp\/v2\/posts\/26224","targetHints":{"allow":["GET"]}}],"collection":[{"href":"https:\/\/alianzanacional.com.uy\/web\/wp-json\/wp\/v2\/posts"}],"about":[{"href":"https:\/\/alianzanacional.com.uy\/web\/wp-json\/wp\/v2\/types\/post"}],"author":[{"embeddable":true,"href":"https:\/\/alianzanacional.com.uy\/web\/wp-json\/wp\/v2\/users\/1"}],"replies":[{"embeddable":true,"href":"https:\/\/alianzanacional.com.uy\/web\/wp-json\/wp\/v2\/comments?post=26224"}],"version-history":[{"count":1,"href":"https:\/\/alianzanacional.com.uy\/web\/wp-json\/wp\/v2\/posts\/26224\/revisions"}],"predecessor-version":[{"id":26233,"href":"https:\/\/alianzanacional.com.uy\/web\/wp-json\/wp\/v2\/posts\/26224\/revisions\/26233"}],"wp:featuredmedia":[{"embeddable":true,"href":"https:\/\/alianzanacional.com.uy\/web\/wp-json\/wp\/v2\/media\/26232"}],"wp:attachment":[{"href":"https:\/\/alianzanacional.com.uy\/web\/wp-json\/wp\/v2\/media?parent=26224"}],"wp:term":[{"taxonomy":"category","embeddable":true,"href":"https:\/\/alianzanacional.com.uy\/web\/wp-json\/wp\/v2\/categories?post=26224"},{"taxonomy":"post_tag","embeddable":true,"href":"https:\/\/alianzanacional.com.uy\/web\/wp-json\/wp\/v2\/tags?post=26224"}],"curies":[{"name":"wp","href":"https:\/\/api.w.org\/{rel}","templated":true}]}}