{"id":26260,"date":"2015-07-22T14:37:21","date_gmt":"2015-07-22T16:37:21","guid":{"rendered":"http:\/\/alianzanacional.com.uy\/web\/?p=26260"},"modified":"2015-07-22T15:09:04","modified_gmt":"2015-07-22T17:09:04","slug":"conferencia-de-prensa-de-alianza-nacional-por-suba-de-los-combustibles","status":"publish","type":"post","link":"https:\/\/alianzanacional.com.uy\/web\/conferencia-de-prensa-de-alianza-nacional-por-suba-de-los-combustibles\/","title":{"rendered":"Conferencia de Prensa de Alianza Nacional por suba de los combustibles"},"content":{"rendered":"<p><a href=\"https:\/\/alianzanacional.com.uy\/web\/wp-content\/uploads\/2015\/07\/Ancap_edificio_montevideo-620x264.jpg\"><img fetchpriority=\"high\" decoding=\"async\" class=\"alignnone size-full wp-image-26261\" src=\"https:\/\/alianzanacional.com.uy\/web\/wp-content\/uploads\/2015\/07\/Ancap_edificio_montevideo-620x264.jpg\" alt=\"Ancap_edificio_montevideo-620x264\" width=\"620\" height=\"264\" srcset=\"https:\/\/alianzanacional.com.uy\/web\/wp-content\/uploads\/2015\/07\/Ancap_edificio_montevideo-620x264.jpg 620w, https:\/\/alianzanacional.com.uy\/web\/wp-content\/uploads\/2015\/07\/Ancap_edificio_montevideo-620x264-400x170.jpg 400w\" sizes=\"(max-width: 620px) 100vw, 620px\" \/><\/a><\/p>\n<p>En la jornada de ayer se anunci\u00f3 por parte de ANCAP una suba de un 6% en los combustibles. Al ser votado en el directorio del Ente, el planteo recogi\u00f3 a favor los cuatro votos oficialistas y en contra el de la oposici\u00f3n.<\/p>\n<p>Alianza Nacional realizar\u00e1 una Conferencia de Prensa para poner en claro su posici\u00f3n la medida de gobierno, que se realizar\u00e1 hoy, mi\u00e9rcoles 22 de julio, a las 16 horas, en la sala 9 del Edifico Anexo del palacio Legislativo.<\/p>\n<p style=\"text-align: center;\"><strong>CONFERENCIA DE PRENSA<br \/>\nHOY \u2013 MI\u00c9RCOLES\u00a022 DE JULIO<br \/>\n16 HORAS<br \/>\nSALA 9 DEL EDIFICO ANEXO<br \/>\n<\/strong><\/p>\n","protected":false},"excerpt":{"rendered":"<p>En la jornada de ayer se anunci\u00f3 por parte de ANCAP una suba de un 6% en los combustibles. Al ser votado en el directorio del Ente, el planteo recogi\u00f3 a favor los cuatro votos oficialistas y en contra el de la oposici\u00f3n. Alianza Nacional realizar\u00e1 una Conferencia de Prensa para poner en claro su [&hellip;]<\/p>\n","protected":false},"author":1,"featured_media":0,"comment_status":"open","ping_status":"open","sticky":false,"template":"","format":"standard","meta":{"footnotes":""},"categories":[4],"tags":[236,318,251,309],"class_list":["post-26260","post","type-post","status-publish","format-standard","hentry","category-agenda","tag-industria","tag-inflacion","tag-produccion","tag-uruguay"],"_links":{"self":[{"href":"https:\/\/alianzanacional.com.uy\/web\/wp-json\/wp\/v2\/posts\/26260","targetHints":{"allow":["GET"]}}],"collection":[{"href":"https:\/\/alianzanacional.com.uy\/web\/wp-json\/wp\/v2\/posts"}],"about":[{"href":"https:\/\/alianzanacional.com.uy\/web\/wp-json\/wp\/v2\/types\/post"}],"author":[{"embeddable":true,"href":"https:\/\/alianzanacional.com.uy\/web\/wp-json\/wp\/v2\/users\/1"}],"replies":[{"embeddable":true,"href":"https:\/\/alianzanacional.com.uy\/web\/wp-json\/wp\/v2\/comments?post=26260"}],"version-history":[{"count":2,"href":"https:\/\/alianzanacional.com.uy\/web\/wp-json\/wp\/v2\/posts\/26260\/revisions"}],"predecessor-version":[{"id":26263,"href":"https:\/\/alianzanacional.com.uy\/web\/wp-json\/wp\/v2\/posts\/26260\/revisions\/26263"}],"wp:attachment":[{"href":"https:\/\/alianzanacional.com.uy\/web\/wp-json\/wp\/v2\/media?parent=26260"}],"wp:term":[{"taxonomy":"category","embeddable":true,"href":"https:\/\/alianzanacional.com.uy\/web\/wp-json\/wp\/v2\/categories?post=26260"},{"taxonomy":"post_tag","embeddable":true,"href":"https:\/\/alianzanacional.com.uy\/web\/wp-json\/wp\/v2\/tags?post=26260"}],"curies":[{"name":"wp","href":"https:\/\/api.w.org\/{rel}","templated":true}]}}