{"id":27162,"date":"2015-08-05T21:05:12","date_gmt":"2015-08-06T00:05:12","guid":{"rendered":"http:\/\/alianzanacional.com.uy\/web\/?p=27162"},"modified":"2015-08-11T13:52:49","modified_gmt":"2015-08-11T16:52:49","slug":"camy-no-presumo-que-haya-delito-pero-tampoco-no-presumo-que-no-haya","status":"publish","type":"post","link":"https:\/\/alianzanacional.com.uy\/web\/camy-no-presumo-que-haya-delito-pero-tampoco-no-presumo-que-no-haya\/","title":{"rendered":"Camy: \u00abNo presumo que haya delito, tampoco que no lo haya\u00bb"},"content":{"rendered":"<p><a href=\"https:\/\/alianzanacional.com.uy\/web\/wp-content\/uploads\/2015\/08\/320747_20150805132003_carlos-camy.jpg\"><img fetchpriority=\"high\" decoding=\"async\" src=\"https:\/\/alianzanacional.com.uy\/web\/wp-content\/uploads\/2015\/08\/320747_20150805132003_carlos-camy.jpg\" alt=\"320747_20150805132003_carlos-camy\" width=\"658\" height=\"406\" class=\"alignnone size-full wp-image-27164\" srcset=\"https:\/\/alianzanacional.com.uy\/web\/wp-content\/uploads\/2015\/08\/320747_20150805132003_carlos-camy.jpg 658w, https:\/\/alianzanacional.com.uy\/web\/wp-content\/uploads\/2015\/08\/320747_20150805132003_carlos-camy-400x247.jpg 400w\" sizes=\"(max-width: 658px) 100vw, 658px\" \/><\/a><\/p>\n<p>El Partido Nacional ceder\u00e1 un lugar en la comisi\u00f3n investigadora de la gesti\u00f3n de Ancap al senador del Partido Independiente, Pablo Mieres, \u00abpara que est\u00e9n representados todos los partidos pol\u00edticos\u00bb. Esto fue anunciado a El Espectador por el senador blanco y ex director de Ancap, Carlos Camy, quien afirm\u00f3: \u00abYo quiero ser investigado tambi\u00e9n\u00bb.<\/p>\n<p>\u00abLa principal empresa de Uruguay arroj\u00f3 p\u00e9rdidas muy importantes y multiplic\u00f3 su endeudamiento\u00bb, explic\u00f3 el ex jerarca asegurando que vot\u00f3 en contra de todos los pr\u00e9stamos que ayudaron a engrosar la deuda de la empresa p\u00fablica. \u00abNo quedamos nada conformes con la forma en que se integr\u00f3 la investigadora porque quer\u00edamos que estuvieran representados todos los partidos\u00bb y, por esa raz\u00f3n, se le ofrecer\u00e1 un lugar a Mieres. \u00abNo presumo que no haya delitos, pero tampoco no presumo que no haya\u00bb, sentenci\u00f3 en Rompkbzas.<\/p>\n<p>Fuente: El espectador<\/p>\n","protected":false},"excerpt":{"rendered":"<p>El Partido Nacional ceder\u00e1 un lugar en la comisi\u00f3n investigadora de la gesti\u00f3n de Ancap al senador del Partido Independiente, Pablo Mieres, \u00abpara que est\u00e9n representados todos los partidos pol\u00edticos\u00bb. Esto fue anunciado a El Espectador por el senador blanco y ex director de Ancap, Carlos Camy, quien afirm\u00f3: \u00abYo quiero ser investigado tambi\u00e9n\u00bb. \u00abLa [&hellip;]<\/p>\n","protected":false},"author":1,"featured_media":27164,"comment_status":"open","ping_status":"open","sticky":false,"template":"","format":"standard","meta":{"footnotes":""},"categories":[163],"tags":[],"class_list":["post-27162","post","type-post","status-publish","format-standard","has-post-thumbnail","hentry","category-entrevistas"],"_links":{"self":[{"href":"https:\/\/alianzanacional.com.uy\/web\/wp-json\/wp\/v2\/posts\/27162","targetHints":{"allow":["GET"]}}],"collection":[{"href":"https:\/\/alianzanacional.com.uy\/web\/wp-json\/wp\/v2\/posts"}],"about":[{"href":"https:\/\/alianzanacional.com.uy\/web\/wp-json\/wp\/v2\/types\/post"}],"author":[{"embeddable":true,"href":"https:\/\/alianzanacional.com.uy\/web\/wp-json\/wp\/v2\/users\/1"}],"replies":[{"embeddable":true,"href":"https:\/\/alianzanacional.com.uy\/web\/wp-json\/wp\/v2\/comments?post=27162"}],"version-history":[{"count":4,"href":"https:\/\/alianzanacional.com.uy\/web\/wp-json\/wp\/v2\/posts\/27162\/revisions"}],"predecessor-version":[{"id":27216,"href":"https:\/\/alianzanacional.com.uy\/web\/wp-json\/wp\/v2\/posts\/27162\/revisions\/27216"}],"wp:featuredmedia":[{"embeddable":true,"href":"https:\/\/alianzanacional.com.uy\/web\/wp-json\/wp\/v2\/media\/27164"}],"wp:attachment":[{"href":"https:\/\/alianzanacional.com.uy\/web\/wp-json\/wp\/v2\/media?parent=27162"}],"wp:term":[{"taxonomy":"category","embeddable":true,"href":"https:\/\/alianzanacional.com.uy\/web\/wp-json\/wp\/v2\/categories?post=27162"},{"taxonomy":"post_tag","embeddable":true,"href":"https:\/\/alianzanacional.com.uy\/web\/wp-json\/wp\/v2\/tags?post=27162"}],"curies":[{"name":"wp","href":"https:\/\/api.w.org\/{rel}","templated":true}]}}