{"id":27247,"date":"2015-08-13T11:48:47","date_gmt":"2015-08-13T14:48:47","guid":{"rendered":"http:\/\/alianzanacional.com.uy\/web\/?p=27247"},"modified":"2015-08-13T11:48:47","modified_gmt":"2015-08-13T14:48:47","slug":"nuevo-encuentro-de-alcaldes-y-concejales-de-alianza-nacional","status":"publish","type":"post","link":"https:\/\/alianzanacional.com.uy\/web\/nuevo-encuentro-de-alcaldes-y-concejales-de-alianza-nacional\/","title":{"rendered":"Nuevo encuentro de alcaldes y concejales de Alianza Nacional"},"content":{"rendered":"<p><a href=\"https:\/\/alianzanacional.com.uy\/web\/wp-content\/uploads\/2015\/08\/LOGO1.jpg\"><img fetchpriority=\"high\" decoding=\"async\" src=\"https:\/\/alianzanacional.com.uy\/web\/wp-content\/uploads\/2015\/08\/LOGO1-700x394.jpg\" alt=\"LOGO\" width=\"620\" height=\"349\" class=\"alignnone size-large wp-image-27250\" srcset=\"https:\/\/alianzanacional.com.uy\/web\/wp-content\/uploads\/2015\/08\/LOGO1-700x394.jpg 700w, https:\/\/alianzanacional.com.uy\/web\/wp-content\/uploads\/2015\/08\/LOGO1-400x225.jpg 400w, https:\/\/alianzanacional.com.uy\/web\/wp-content\/uploads\/2015\/08\/LOGO1.jpg 878w\" sizes=\"(max-width: 620px) 100vw, 620px\" \/><\/a><\/p>\n<p><em>Trabajar\u00e1n en formaci\u00f3n y capacitaci\u00f3n en materia presupuestal<\/em><\/p>\n<p>El pr\u00f3ximo viernes 14 de agosto se realizar\u00e1 en el Centro Recreativo Democr\u00e1tico en Villa del Carmen, departamento de Durazno,  un nuevo Encuentro de Alcaldes y Concejales de Alianza Nacional. Dicha reuni\u00f3n congregar\u00e1 a m\u00e1s de 120 dirigentes de todo el pa\u00eds y contar\u00e1 con la presencia del l\u00edder del sector, Jorge Larra\u00f1aga.<\/p>\n<p>Alianza Nacional viene trabajando con el objetivo de avanzar en la construcci\u00f3n de  la institucionalidad de los procesos de descentralizaci\u00f3n. Durante la primer Asamblea de Alcaldes de Alianza que sesionara el pasado mes de junio, Larra\u00f1aga anunci\u00f3 que el sector est\u00e1 dise\u00f1ando modificaciones a la ley de descentralizaci\u00f3n. En ese mismo sentido, la pasada semana el Diputado Edgardo Mier, anunci\u00f3 que la bancada de diputados aliancista presentar\u00e1 un proyecto para institucionalizar el Congreso Nacional de Ediles.<\/p>\n<p>De esta manera Alianza contin\u00faa el desarrollo de su agenda dirigida a alcanzar una federalizaci\u00f3n de algunos cometidos asociando esfuerzos nacionales con escala regional y local   de manera de  profundizar y acentuar el proceso de descentralizaci\u00f3n de los recursos para lograr mayor eficacia de las respuestas de los gobiernos departamentales y locales.<\/p>\n<p>La apertura del evento se realizar\u00e1 a las 10 de la ma\u00f1ana y estar\u00e1 a cargo del senador de la Rep\u00fablica, Carlos Camy, y del Alcalde anfitri\u00f3n, N\u00faber Medina.<\/p>\n<p>En el encuentro, la Alcaldesa de Nueva Helvecia, Mar\u00eda de Lima realizar\u00e1 una puesta a punto sobre el funcionamiento general de los Municipios. Del mismo modo, el prosecretario de la C\u00e1mara de Diputados Fernando Ripoll conducir\u00e1 la charla con los dirigentes sobre las inquietudes y posibles modificaciones de la Ley de Descentralizaci\u00f3n Nro. 19272; la misma contar\u00e1 con el aporte de legisladores de Alianza Nacional.<\/p>\n<p>Sobre el  mediod\u00eda,  el Senador y l\u00edder de Alianza Nacional, Jorge Larra\u00f1aga, participar\u00e1 de una mesa redonda junto a dirigentes. <\/p>\n<p>En el encuentro tambi\u00e9n se trabajar\u00e1 en la preparaci\u00f3n para la elaboraci\u00f3n de los presupuestos y la administraci\u00f3n de recursos, contando con las exposiciones de los especialistas Cr. Daniel Sureda y el Dr. Ferm\u00edn Fari\u00f1a.<br \/>\nLa reuni\u00f3n contar\u00e1 asimismo con el aporte, en el \u00e1rea de Comunicaci\u00f3n Institucional y Redes Sociales, de la Licenciada en Comunicaci\u00f3n, Mar\u00eda Sara Abella, quien se enfocar\u00e1 en el uso de las redes sociales como herramienta de comunicaci\u00f3n pol\u00edtica y social.<br \/>\nSobre las 17 horas se realizar\u00e1 el cierre del evento a cargo del Intendente de Cerro Largo y Presidente del Congreso de Intendentes, Sergio Botana.<\/p>\n","protected":false},"excerpt":{"rendered":"<p>Trabajar\u00e1n en formaci\u00f3n y capacitaci\u00f3n en materia presupuestal El pr\u00f3ximo viernes 14 de agosto se realizar\u00e1 en el Centro Recreativo Democr\u00e1tico en Villa del Carmen, departamento de Durazno, un nuevo Encuentro de Alcaldes y Concejales de Alianza Nacional. Dicha reuni\u00f3n congregar\u00e1 a m\u00e1s de 120 dirigentes de todo el pa\u00eds y contar\u00e1 con la presencia [&hellip;]<\/p>\n","protected":false},"author":1,"featured_media":27250,"comment_status":"open","ping_status":"open","sticky":false,"template":"","format":"standard","meta":{"footnotes":""},"categories":[4],"tags":[],"class_list":["post-27247","post","type-post","status-publish","format-standard","has-post-thumbnail","hentry","category-agenda"],"_links":{"self":[{"href":"https:\/\/alianzanacional.com.uy\/web\/wp-json\/wp\/v2\/posts\/27247","targetHints":{"allow":["GET"]}}],"collection":[{"href":"https:\/\/alianzanacional.com.uy\/web\/wp-json\/wp\/v2\/posts"}],"about":[{"href":"https:\/\/alianzanacional.com.uy\/web\/wp-json\/wp\/v2\/types\/post"}],"author":[{"embeddable":true,"href":"https:\/\/alianzanacional.com.uy\/web\/wp-json\/wp\/v2\/users\/1"}],"replies":[{"embeddable":true,"href":"https:\/\/alianzanacional.com.uy\/web\/wp-json\/wp\/v2\/comments?post=27247"}],"version-history":[{"count":2,"href":"https:\/\/alianzanacional.com.uy\/web\/wp-json\/wp\/v2\/posts\/27247\/revisions"}],"predecessor-version":[{"id":27251,"href":"https:\/\/alianzanacional.com.uy\/web\/wp-json\/wp\/v2\/posts\/27247\/revisions\/27251"}],"wp:featuredmedia":[{"embeddable":true,"href":"https:\/\/alianzanacional.com.uy\/web\/wp-json\/wp\/v2\/media\/27250"}],"wp:attachment":[{"href":"https:\/\/alianzanacional.com.uy\/web\/wp-json\/wp\/v2\/media?parent=27247"}],"wp:term":[{"taxonomy":"category","embeddable":true,"href":"https:\/\/alianzanacional.com.uy\/web\/wp-json\/wp\/v2\/categories?post=27247"},{"taxonomy":"post_tag","embeddable":true,"href":"https:\/\/alianzanacional.com.uy\/web\/wp-json\/wp\/v2\/tags?post=27247"}],"curies":[{"name":"wp","href":"https:\/\/api.w.org\/{rel}","templated":true}]}}