{"id":27289,"date":"2015-08-17T16:15:15","date_gmt":"2015-08-17T19:15:15","guid":{"rendered":"http:\/\/alianzanacional.com.uy\/web\/?p=27289"},"modified":"2015-08-17T16:18:33","modified_gmt":"2015-08-17T19:18:33","slug":"gandini-en-congreso-de-municipios-en-cordoba","status":"publish","type":"post","link":"https:\/\/alianzanacional.com.uy\/web\/gandini-en-congreso-de-municipios-en-cordoba\/","title":{"rendered":"Gandini en congreso de municipios en C\u00f3rdoba"},"content":{"rendered":"<p><a href=\"https:\/\/alianzanacional.com.uy\/web\/wp-content\/uploads\/2015\/08\/DiputadoJorgeGandini.jpg\"><img fetchpriority=\"high\" decoding=\"async\" src=\"https:\/\/alianzanacional.com.uy\/web\/wp-content\/uploads\/2015\/08\/DiputadoJorgeGandini.jpg\" alt=\"DiputadoJorgeGandini\" width=\"669\" height=\"418\" class=\"alignnone size-full wp-image-27290\" srcset=\"https:\/\/alianzanacional.com.uy\/web\/wp-content\/uploads\/2015\/08\/DiputadoJorgeGandini.jpg 669w, https:\/\/alianzanacional.com.uy\/web\/wp-content\/uploads\/2015\/08\/DiputadoJorgeGandini-400x250.jpg 400w\" sizes=\"(max-width: 669px) 100vw, 669px\" \/><\/a><\/p>\n<p>El Diputado Jorge Gandini, acompa\u00f1ado por el ex Edil \u00c1lvaro Viviano, participar\u00e1 de ExpoMunicipios 2015, feria y congreso internacional que se realizar\u00e1 los d\u00edas 18 y 19 de agosto en la ciudad de C\u00f3rdoba, Argentina.<\/p>\n<p>La tem\u00e1tica central que se tratar\u00e1 en este encuentro es la autonom\u00eda y alcance de los gobiernos municipales y los nuevos desaf\u00edos, haciendo \u00e9nfasis en la inserci\u00f3n de la problem\u00e1tica local en el debate nacional.<\/p>\n<p>Gandini participar\u00e1 motivado por su inter\u00e9s en los temas municipales y la necesidad de conocer, de primera mano, como transcurre el relacionamiento entre los municipios de la regi\u00f3n.<\/p>\n<p>En este marco, Gandini se reunir\u00e1 con el Gobernador de la Provincia de C\u00f3rdoba, Jos\u00e9 Manuel De La Sota. <\/p>\n","protected":false},"excerpt":{"rendered":"<p>El Diputado Jorge Gandini, acompa\u00f1ado por el ex Edil \u00c1lvaro Viviano, participar\u00e1 de ExpoMunicipios 2015, feria y congreso internacional que se realizar\u00e1 los d\u00edas 18 y 19 de agosto en la ciudad de C\u00f3rdoba, Argentina. La tem\u00e1tica central que se tratar\u00e1 en este encuentro es la autonom\u00eda y alcance de los gobiernos municipales y los [&hellip;]<\/p>\n","protected":false},"author":1,"featured_media":27290,"comment_status":"open","ping_status":"open","sticky":false,"template":"","format":"standard","meta":{"footnotes":""},"categories":[4],"tags":[],"class_list":["post-27289","post","type-post","status-publish","format-standard","has-post-thumbnail","hentry","category-agenda"],"_links":{"self":[{"href":"https:\/\/alianzanacional.com.uy\/web\/wp-json\/wp\/v2\/posts\/27289","targetHints":{"allow":["GET"]}}],"collection":[{"href":"https:\/\/alianzanacional.com.uy\/web\/wp-json\/wp\/v2\/posts"}],"about":[{"href":"https:\/\/alianzanacional.com.uy\/web\/wp-json\/wp\/v2\/types\/post"}],"author":[{"embeddable":true,"href":"https:\/\/alianzanacional.com.uy\/web\/wp-json\/wp\/v2\/users\/1"}],"replies":[{"embeddable":true,"href":"https:\/\/alianzanacional.com.uy\/web\/wp-json\/wp\/v2\/comments?post=27289"}],"version-history":[{"count":1,"href":"https:\/\/alianzanacional.com.uy\/web\/wp-json\/wp\/v2\/posts\/27289\/revisions"}],"predecessor-version":[{"id":27291,"href":"https:\/\/alianzanacional.com.uy\/web\/wp-json\/wp\/v2\/posts\/27289\/revisions\/27291"}],"wp:featuredmedia":[{"embeddable":true,"href":"https:\/\/alianzanacional.com.uy\/web\/wp-json\/wp\/v2\/media\/27290"}],"wp:attachment":[{"href":"https:\/\/alianzanacional.com.uy\/web\/wp-json\/wp\/v2\/media?parent=27289"}],"wp:term":[{"taxonomy":"category","embeddable":true,"href":"https:\/\/alianzanacional.com.uy\/web\/wp-json\/wp\/v2\/categories?post=27289"},{"taxonomy":"post_tag","embeddable":true,"href":"https:\/\/alianzanacional.com.uy\/web\/wp-json\/wp\/v2\/tags?post=27289"}],"curies":[{"name":"wp","href":"https:\/\/api.w.org\/{rel}","templated":true}]}}