{"id":27363,"date":"2015-08-23T22:33:03","date_gmt":"2015-08-24T01:33:03","guid":{"rendered":"http:\/\/alianzanacional.com.uy\/web\/?p=27363"},"modified":"2015-08-23T22:33:24","modified_gmt":"2015-08-24T01:33:24","slug":"aparicio-saravia-2","status":"publish","type":"post","link":"https:\/\/alianzanacional.com.uy\/web\/aparicio-saravia-2\/","title":{"rendered":"Aparicio Saravia"},"content":{"rendered":"<p><a href=\"https:\/\/alianzanacional.com.uy\/web\/wp-content\/uploads\/2015\/08\/ADR0657.jpg\"><img fetchpriority=\"high\" decoding=\"async\" src=\"https:\/\/alianzanacional.com.uy\/web\/wp-content\/uploads\/2015\/08\/ADR0657-700x394.jpg\" alt=\"_ADR0657\" width=\"620\" height=\"349\" class=\"alignnone size-large wp-image-27364\" srcset=\"https:\/\/alianzanacional.com.uy\/web\/wp-content\/uploads\/2015\/08\/ADR0657-700x394.jpg 700w, https:\/\/alianzanacional.com.uy\/web\/wp-content\/uploads\/2015\/08\/ADR0657-400x225.jpg 400w, https:\/\/alianzanacional.com.uy\/web\/wp-content\/uploads\/2015\/08\/ADR0657.jpg 1200w\" sizes=\"(max-width: 620px) 100vw, 620px\" \/><\/a><\/p>\n<p>La figura consular del Partido Nacional es obvio que fue el Libertador Manuel Oribe. No solo por ser su fundador o padre, sino fundamentalmente el ide\u00f3logo de la colectividad en el tiempo. Pero sin duda, la segunda figura trascendente fue Saravia. Particularmente por todo el romanticismo desinteresado y generoso que se desprende de su gesta. <\/p>\n<p>El 16 de agosto de 1856 nac\u00eda en el \u00c1guila del Cordob\u00e9s en una familia de trabajo, revolucionaria, nacionalista en su mayor\u00eda absoluta, comprometida con su tierra gaucha. El viejo \u201cChico\u201d su padre, aspiraba a que Aparicio fuera un \u201chombre de letras\u201d, lo envi\u00f3 a un colegio religioso de Montevideo (Belvedere). Fue por poco tiempo, admirador del \u201cmulato\u201d Timoteo y cuna blanca, escap\u00f3 a caballo del pupilaje para plegarse a su respetado caudillo, que levantaba su Partido en la Revoluci\u00f3n de las Lanzas (1872), la m\u00e1s gaucha de todas las revoluciones, como se la llam\u00f3. <\/p>\n<p>Al llegar a sus pagos de Treinta y Tres se top\u00f3 con un piquete revolucionario al mando de \u201cLanza Seca\u201d y conociendo su apellido y antecedentes lo pleg\u00f3 a sus fuerzas en el primer encontr\u00f3n con las tropas de l\u00ednea colorada, fue tanto el valor desplegado e idoneidad en el manejo de la lanza, que medio en broma y mucho en serio, se gan\u00f3 el mote de \u201cCabo Viejo\u201d, ten\u00eda entonces s\u00f3lo 13 a\u00f1os. Pasaron los a\u00f1os y ante la muerte de su hermano Gumersindo, al volver de la revoluci\u00f3n de los \u201cFarrapos\u201d en Brasil lo erigieron como jefe de la nuestra. <\/p>\n<p>Hereda la jefatura de los \u201cvecinos alzados\u201d contra la corrupci\u00f3n colgada del liderazgo de su propio partido, no obstante el resentimiento de la mayor\u00eda de los doctores de rancios apellidos atrincherados en el Honorable, enemigos del populismo humilde del caudillo que representaba el sentir del aut\u00e9ntico pueblo blanco. La oposici\u00f3n que reinaba, valga la an\u00e9cdota real, en la \u00faltima reuni\u00f3n del caudillo con el Honorable, coincidi\u00f3 que en la calle en torno a la plaza Matriz hubiera una parada militar, con bombos y fanfarrias. <\/p>\n<p>Uno de los doctores del Honorable se levant\u00f3 fastidiado despu\u00e9s de larga discusi\u00f3n y abriendo las ventanas le enrostr\u00f3: \u201cmire general, all\u00ed los tiene \u00bfa ese ej\u00e9rcito se quiere enfrentar?\u201d. Ante lo cual el gaucho, despacioso se anim\u00f3 y mir\u00e1ndolo respondi\u00f3: \u201ctiene usted raz\u00f3n no se puede pelear con ellos, tienen banda de m\u00fasica\u201d. Socarronamente se retir\u00f3 y al otro d\u00eda el \u201cnegro\u201d Camund\u00e1 sonaba su m\u00edtico clar\u00edn llamando a filas para rescatar la Patria. <\/p>\n<p>Gan\u00f3 la revoluci\u00f3n y por supuesto los doctores que la fustigaron, trataron de \u201cacomodarse\u201d como es de costumbre. La historia siempre se repiti\u00f3, Saravia y sus blancos jam\u00e1s hicieron revoluciones para obtener el poder e imponer ideolog\u00edas europeas ajenas, que nada ten\u00edan que ver con el celeste de nuestros cielos y la fresca risa libertaria de la Patria. <\/p>\n<p>Lucharon y murieron por el voto secreto, por la representaci\u00f3n proporcional de las minor\u00edas y por la moral p\u00fablica. Era el ejemplo cincelado del Libertador Don Manuel Oribe en el alma de su viejo Partido Blanco y que Saravia recog\u00eda como prenda inmaculada en ejemplo de generaciones futuras. <\/p>\n<p>A\u00f1os despu\u00e9s una bala lo alcanz\u00f3 en Masoller el 1\u00b0 de setiembre de 1904. Hab\u00eda ganado la oligarqu\u00eda corrupta antiimperialista, pero la semilla se hab\u00eda sembrado en tierra f\u00e9rtil. <\/p>\n<p>Lo vimos renacer con Herrera, con Carnelli, con Fern\u00e1ndez Crespo, con Wilson y hoy mismo, no con el fusil sino con la verdad de la pluma y el verbo nacionalista, sigue siendo ejemplo que obliga en cada visita a su tumba de Santa Clara de Olimar, con sus soldados imaginarios representados por su pueblo blanco, a dar nuestro p\u00f3stumo y rendido saludo. \u00a1Presente mi general!<\/p>\n<p>Leopoldo Amondarain<\/p>\n","protected":false},"excerpt":{"rendered":"<p>La figura consular del Partido Nacional es obvio que fue el Libertador Manuel Oribe. No solo por ser su fundador o padre, sino fundamentalmente el ide\u00f3logo de la colectividad en el tiempo. Pero sin duda, la segunda figura trascendente fue Saravia. Particularmente por todo el romanticismo desinteresado y generoso que se desprende de su gesta. [&hellip;]<\/p>\n","protected":false},"author":1,"featured_media":27364,"comment_status":"open","ping_status":"open","sticky":false,"template":"","format":"standard","meta":{"footnotes":""},"categories":[7],"tags":[],"class_list":["post-27363","post","type-post","status-publish","format-standard","has-post-thumbnail","hentry","category-columnistas"],"_links":{"self":[{"href":"https:\/\/alianzanacional.com.uy\/web\/wp-json\/wp\/v2\/posts\/27363","targetHints":{"allow":["GET"]}}],"collection":[{"href":"https:\/\/alianzanacional.com.uy\/web\/wp-json\/wp\/v2\/posts"}],"about":[{"href":"https:\/\/alianzanacional.com.uy\/web\/wp-json\/wp\/v2\/types\/post"}],"author":[{"embeddable":true,"href":"https:\/\/alianzanacional.com.uy\/web\/wp-json\/wp\/v2\/users\/1"}],"replies":[{"embeddable":true,"href":"https:\/\/alianzanacional.com.uy\/web\/wp-json\/wp\/v2\/comments?post=27363"}],"version-history":[{"count":1,"href":"https:\/\/alianzanacional.com.uy\/web\/wp-json\/wp\/v2\/posts\/27363\/revisions"}],"predecessor-version":[{"id":27365,"href":"https:\/\/alianzanacional.com.uy\/web\/wp-json\/wp\/v2\/posts\/27363\/revisions\/27365"}],"wp:featuredmedia":[{"embeddable":true,"href":"https:\/\/alianzanacional.com.uy\/web\/wp-json\/wp\/v2\/media\/27364"}],"wp:attachment":[{"href":"https:\/\/alianzanacional.com.uy\/web\/wp-json\/wp\/v2\/media?parent=27363"}],"wp:term":[{"taxonomy":"category","embeddable":true,"href":"https:\/\/alianzanacional.com.uy\/web\/wp-json\/wp\/v2\/categories?post=27363"},{"taxonomy":"post_tag","embeddable":true,"href":"https:\/\/alianzanacional.com.uy\/web\/wp-json\/wp\/v2\/tags?post=27363"}],"curies":[{"name":"wp","href":"https:\/\/api.w.org\/{rel}","templated":true}]}}