{"id":27443,"date":"2015-09-04T11:22:29","date_gmt":"2015-09-04T14:22:29","guid":{"rendered":"http:\/\/alianzanacional.com.uy\/web\/?p=27443"},"modified":"2015-09-04T11:46:59","modified_gmt":"2015-09-04T14:46:59","slug":"homenaje-a-manuel-singlet","status":"publish","type":"post","link":"https:\/\/alianzanacional.com.uy\/web\/homenaje-a-manuel-singlet\/","title":{"rendered":"Homenaje a Manuel Singlet"},"content":{"rendered":"<p><a href=\"https:\/\/alianzanacional.com.uy\/web\/wp-content\/uploads\/2015\/09\/20150901_171140.jpg\"><img fetchpriority=\"high\" decoding=\"async\" src=\"https:\/\/alianzanacional.com.uy\/web\/wp-content\/uploads\/2015\/09\/20150901_171140-700x394.jpg\" alt=\"20150901_171140\" width=\"620\" height=\"349\" class=\"alignnone size-large wp-image-27444\" srcset=\"https:\/\/alianzanacional.com.uy\/web\/wp-content\/uploads\/2015\/09\/20150901_171140-700x394.jpg 700w, https:\/\/alianzanacional.com.uy\/web\/wp-content\/uploads\/2015\/09\/20150901_171140-400x225.jpg 400w, https:\/\/alianzanacional.com.uy\/web\/wp-content\/uploads\/2015\/09\/20150901_171140.jpg 1200w\" sizes=\"(max-width: 620px) 100vw, 620px\" \/><\/a><\/p>\n<p>A iniciativa del senador Jorge Larra\u00f1aga, el pr\u00f3ximo mi\u00e9rcoles 9 de setiembre la C\u00e1mara de Senadores rendir\u00e1 homenaje al Ex Senador del Partido Nacional, Manuel Singlet.<\/p>\n<p>Har\u00e1 uso de la palabra el l\u00edder de Alianza Nacional, Jorge Larra\u00f1aga.<\/p>\n<p>Invitamos a familiares, amigos y p\u00fablico en general a participar de la solemne sesi\u00f3n recordatoria del legado de nuestro estimado \u201cQuique\u201d.<\/p>\n<p><strong>Homenaje a Manuel Singlet<br \/>\nMi\u00e9rcoles 9 de setiembre | 9:30 horas.<br \/>\nC\u00e1mara de Senadores \u2013 Palacio Legislativo.<br \/>\nAvda. de las leyes s\/n<\/strong><\/p>\n","protected":false},"excerpt":{"rendered":"<p>A iniciativa del senador Jorge Larra\u00f1aga, el pr\u00f3ximo mi\u00e9rcoles 9 de setiembre la C\u00e1mara de Senadores rendir\u00e1 homenaje al Ex Senador del Partido Nacional, Manuel Singlet. Har\u00e1 uso de la palabra el l\u00edder de Alianza Nacional, Jorge Larra\u00f1aga. Invitamos a familiares, amigos y p\u00fablico en general a participar de la solemne sesi\u00f3n recordatoria del legado [&hellip;]<\/p>\n","protected":false},"author":1,"featured_media":27444,"comment_status":"open","ping_status":"open","sticky":false,"template":"","format":"standard","meta":{"footnotes":""},"categories":[4],"tags":[],"class_list":["post-27443","post","type-post","status-publish","format-standard","has-post-thumbnail","hentry","category-agenda"],"_links":{"self":[{"href":"https:\/\/alianzanacional.com.uy\/web\/wp-json\/wp\/v2\/posts\/27443","targetHints":{"allow":["GET"]}}],"collection":[{"href":"https:\/\/alianzanacional.com.uy\/web\/wp-json\/wp\/v2\/posts"}],"about":[{"href":"https:\/\/alianzanacional.com.uy\/web\/wp-json\/wp\/v2\/types\/post"}],"author":[{"embeddable":true,"href":"https:\/\/alianzanacional.com.uy\/web\/wp-json\/wp\/v2\/users\/1"}],"replies":[{"embeddable":true,"href":"https:\/\/alianzanacional.com.uy\/web\/wp-json\/wp\/v2\/comments?post=27443"}],"version-history":[{"count":1,"href":"https:\/\/alianzanacional.com.uy\/web\/wp-json\/wp\/v2\/posts\/27443\/revisions"}],"predecessor-version":[{"id":27445,"href":"https:\/\/alianzanacional.com.uy\/web\/wp-json\/wp\/v2\/posts\/27443\/revisions\/27445"}],"wp:featuredmedia":[{"embeddable":true,"href":"https:\/\/alianzanacional.com.uy\/web\/wp-json\/wp\/v2\/media\/27444"}],"wp:attachment":[{"href":"https:\/\/alianzanacional.com.uy\/web\/wp-json\/wp\/v2\/media?parent=27443"}],"wp:term":[{"taxonomy":"category","embeddable":true,"href":"https:\/\/alianzanacional.com.uy\/web\/wp-json\/wp\/v2\/categories?post=27443"},{"taxonomy":"post_tag","embeddable":true,"href":"https:\/\/alianzanacional.com.uy\/web\/wp-json\/wp\/v2\/tags?post=27443"}],"curies":[{"name":"wp","href":"https:\/\/api.w.org\/{rel}","templated":true}]}}