{"id":27499,"date":"2015-09-10T16:43:20","date_gmt":"2015-09-10T19:43:20","guid":{"rendered":"http:\/\/alianzanacional.com.uy\/web\/?p=27499"},"modified":"2015-09-10T16:43:33","modified_gmt":"2015-09-10T19:43:33","slug":"enrique-singlet-jorge-fue-la-persona-que-se-acerco-a-papa-y-con-el-cual-el-compartio-muchos-ideales","status":"publish","type":"post","link":"https:\/\/alianzanacional.com.uy\/web\/enrique-singlet-jorge-fue-la-persona-que-se-acerco-a-papa-y-con-el-cual-el-compartio-muchos-ideales\/","title":{"rendered":"Enrique Singlet: \u201cJorge fue la persona que se acerc\u00f3 a pap\u00e1 y con el cual \u00e9l comparti\u00f3 muchos ideales\u201d."},"content":{"rendered":"<p><a href=\"https:\/\/alianzanacional.com.uy\/web\/wp-content\/uploads\/2015\/09\/IMG_0832.jpg\"><img fetchpriority=\"high\" decoding=\"async\" src=\"https:\/\/alianzanacional.com.uy\/web\/wp-content\/uploads\/2015\/09\/IMG_0832-700x394.jpg\" alt=\"IMG_0832\" width=\"620\" height=\"349\" class=\"alignnone size-large wp-image-27483\" srcset=\"https:\/\/alianzanacional.com.uy\/web\/wp-content\/uploads\/2015\/09\/IMG_0832-700x394.jpg 700w, https:\/\/alianzanacional.com.uy\/web\/wp-content\/uploads\/2015\/09\/IMG_0832-400x225.jpg 400w, https:\/\/alianzanacional.com.uy\/web\/wp-content\/uploads\/2015\/09\/IMG_0832.jpg 1280w\" sizes=\"(max-width: 620px) 100vw, 620px\" \/><\/a><\/p>\n<p>En la jornada de ayer, el Senador Jorge Larra\u00f1aga llev\u00f3 adelante en la C\u00e1mara de Senadores un homenaje al ex Senador y compa\u00f1ero Manuel Singlet, a poco tiempo de su desaparici\u00f3n f\u00edsica.<\/p>\n<p>Al t\u00e9rmino del mismo, uno de sus hijos, Enrique Singlet, nos contaba sobre su padre, el hombre, el pol\u00edtico, y la amistad que uni\u00f3 a Manuel Singlet y Jorge Larra\u00f1aga.<\/p>\n<p>Expres\u00f3: \u201cEs imposible ser objetivos\u2026 la verdad  que lo que sentimos en el homenaje fue muy fuerte, no solo con Jorge, que adem\u00e1s de una relaci\u00f3n pol\u00edtica ya a esta altura nos une una relaci\u00f3n de amistad y es como un familiar m\u00e1s el que hablaba. El reconocimiento que hizo todo el Parlamento de su figura, la verdad que nos enorgullece mucho y adem\u00e1s nos ratifica la condici\u00f3n de blancos que tenemos\u201d.<\/p>\n<p>Consultado sobre c\u00f3mo era Manuel Singlet, el pol\u00edtico, Enrique indic\u00f3: \u201cManuel Singlet era un pol\u00edtico que amaba lo que hac\u00eda, muy firme en sus ideales y convicciones. \u00c9l siempre nos dec\u00eda, en familia\u2026 qu\u00e9 mal que est\u00e1 el Uruguay que a \u00e9l lo reconoc\u00edan por un gesto que era lo que correspond\u00eda\u201d.<\/p>\n<p><strong>\u201cCon \u00e9l comparti\u00f3 muchos ideales, hicieron una linda amistad\u201d<br \/>\n<\/strong><br \/>\nHablando acerca de la relaci\u00f3n que un\u00eda a Manuel Singlet y Jorge Larra\u00f1aga, su hijo coment\u00f3: \u201cCuando mi padre se alej\u00f3 de la pol\u00edtica y volvi\u00f3 al llano, lo sinti\u00f3 mucho an\u00edmicamente  y Jorge fue, siendo Senador, luego de haber sido Intendente de Paysand\u00fa, la persona que se acerc\u00f3 a pap\u00e1, y con el cual \u00e9l comparti\u00f3 muchos ideales.<br \/>\nRealmente llegaron a formar una muy linda amistad adem\u00e1s de la relaci\u00f3n pol\u00edtica que tuvieron. Jorge concurr\u00eda asiduamente a nuestro hogar\u201d.<\/p>\n","protected":false},"excerpt":{"rendered":"<p>En la jornada de ayer, el Senador Jorge Larra\u00f1aga llev\u00f3 adelante en la C\u00e1mara de Senadores un homenaje al ex Senador y compa\u00f1ero Manuel Singlet, a poco tiempo de su desaparici\u00f3n f\u00edsica. Al t\u00e9rmino del mismo, uno de sus hijos, Enrique Singlet, nos contaba sobre su padre, el hombre, el pol\u00edtico, y la amistad que [&hellip;]<\/p>\n","protected":false},"author":1,"featured_media":27483,"comment_status":"open","ping_status":"open","sticky":false,"template":"","format":"standard","meta":{"footnotes":""},"categories":[163],"tags":[],"class_list":["post-27499","post","type-post","status-publish","format-standard","has-post-thumbnail","hentry","category-entrevistas"],"_links":{"self":[{"href":"https:\/\/alianzanacional.com.uy\/web\/wp-json\/wp\/v2\/posts\/27499","targetHints":{"allow":["GET"]}}],"collection":[{"href":"https:\/\/alianzanacional.com.uy\/web\/wp-json\/wp\/v2\/posts"}],"about":[{"href":"https:\/\/alianzanacional.com.uy\/web\/wp-json\/wp\/v2\/types\/post"}],"author":[{"embeddable":true,"href":"https:\/\/alianzanacional.com.uy\/web\/wp-json\/wp\/v2\/users\/1"}],"replies":[{"embeddable":true,"href":"https:\/\/alianzanacional.com.uy\/web\/wp-json\/wp\/v2\/comments?post=27499"}],"version-history":[{"count":2,"href":"https:\/\/alianzanacional.com.uy\/web\/wp-json\/wp\/v2\/posts\/27499\/revisions"}],"predecessor-version":[{"id":27501,"href":"https:\/\/alianzanacional.com.uy\/web\/wp-json\/wp\/v2\/posts\/27499\/revisions\/27501"}],"wp:featuredmedia":[{"embeddable":true,"href":"https:\/\/alianzanacional.com.uy\/web\/wp-json\/wp\/v2\/media\/27483"}],"wp:attachment":[{"href":"https:\/\/alianzanacional.com.uy\/web\/wp-json\/wp\/v2\/media?parent=27499"}],"wp:term":[{"taxonomy":"category","embeddable":true,"href":"https:\/\/alianzanacional.com.uy\/web\/wp-json\/wp\/v2\/categories?post=27499"},{"taxonomy":"post_tag","embeddable":true,"href":"https:\/\/alianzanacional.com.uy\/web\/wp-json\/wp\/v2\/tags?post=27499"}],"curies":[{"name":"wp","href":"https:\/\/api.w.org\/{rel}","templated":true}]}}