{"id":27544,"date":"2015-09-27T11:35:12","date_gmt":"2015-09-27T14:35:12","guid":{"rendered":"http:\/\/alianzanacional.com.uy\/web\/?p=27544"},"modified":"2015-09-27T11:35:51","modified_gmt":"2015-09-27T14:35:51","slug":"martes-29-de-setiembre-ministra-de-educacion-al-senado-convocada-por-jorge-larranaga","status":"publish","type":"post","link":"https:\/\/alianzanacional.com.uy\/web\/martes-29-de-setiembre-ministra-de-educacion-al-senado-convocada-por-jorge-larranaga\/","title":{"rendered":"Martes 29 de setiembre: Ministra de Educaci\u00f3n al Senado convocada por Jorge Larra\u00f1aga"},"content":{"rendered":"<p>&nbsp;<\/p>\n<p><a href=\"https:\/\/alianzanacional.com.uy\/web\/wp-content\/uploads\/2015\/09\/20111109JC_1050.jpg\"><img fetchpriority=\"high\" decoding=\"async\" class=\"alignnone size-large wp-image-27545\" src=\"https:\/\/alianzanacional.com.uy\/web\/wp-content\/uploads\/2015\/09\/20111109JC_1050-700x465.jpg\" alt=\"20111109JC_1050\" width=\"620\" height=\"412\" srcset=\"https:\/\/alianzanacional.com.uy\/web\/wp-content\/uploads\/2015\/09\/20111109JC_1050-700x465.jpg 700w, https:\/\/alianzanacional.com.uy\/web\/wp-content\/uploads\/2015\/09\/20111109JC_1050-400x266.jpg 400w, https:\/\/alianzanacional.com.uy\/web\/wp-content\/uploads\/2015\/09\/20111109JC_1050.jpg 787w\" sizes=\"(max-width: 620px) 100vw, 620px\" \/><\/a><\/p>\n<p>El pr\u00f3ximo martes 29 de setiembre, a la hora 10, concurrir\u00e1 al Senado de la Rep\u00fablica, en R\u00e9gimen de Comisi\u00f3n General, la Ministra de Educaci\u00f3n y Cultura, Mar\u00eda Julia Mu\u00f1oz, convocada por el Senador Jorge Larra\u00f1aga.<\/p>\n<p><strong>MARTES 29 DE SETIEMBRE<\/strong><br \/>\n<strong> HORA 10<\/strong><br \/>\n<strong> SENADO DE LA REP\u00daBLICA<\/strong><br \/>\n<strong> R\u00c9GIMEN DE COMISI\u00d3N GENERAL<\/strong><\/p>\n","protected":false},"excerpt":{"rendered":"<p>&nbsp; El pr\u00f3ximo martes 29 de setiembre, a la hora 10, concurrir\u00e1 al Senado de la Rep\u00fablica, en R\u00e9gimen de Comisi\u00f3n General, la Ministra de Educaci\u00f3n y Cultura, Mar\u00eda Julia Mu\u00f1oz, convocada por el Senador Jorge Larra\u00f1aga. MARTES 29 DE SETIEMBRE HORA 10 SENADO DE LA REP\u00daBLICA R\u00c9GIMEN DE COMISI\u00d3N GENERAL<\/p>\n","protected":false},"author":1,"featured_media":27545,"comment_status":"open","ping_status":"open","sticky":false,"template":"","format":"standard","meta":{"footnotes":""},"categories":[4],"tags":[],"class_list":["post-27544","post","type-post","status-publish","format-standard","has-post-thumbnail","hentry","category-agenda"],"_links":{"self":[{"href":"https:\/\/alianzanacional.com.uy\/web\/wp-json\/wp\/v2\/posts\/27544","targetHints":{"allow":["GET"]}}],"collection":[{"href":"https:\/\/alianzanacional.com.uy\/web\/wp-json\/wp\/v2\/posts"}],"about":[{"href":"https:\/\/alianzanacional.com.uy\/web\/wp-json\/wp\/v2\/types\/post"}],"author":[{"embeddable":true,"href":"https:\/\/alianzanacional.com.uy\/web\/wp-json\/wp\/v2\/users\/1"}],"replies":[{"embeddable":true,"href":"https:\/\/alianzanacional.com.uy\/web\/wp-json\/wp\/v2\/comments?post=27544"}],"version-history":[{"count":2,"href":"https:\/\/alianzanacional.com.uy\/web\/wp-json\/wp\/v2\/posts\/27544\/revisions"}],"predecessor-version":[{"id":27547,"href":"https:\/\/alianzanacional.com.uy\/web\/wp-json\/wp\/v2\/posts\/27544\/revisions\/27547"}],"wp:featuredmedia":[{"embeddable":true,"href":"https:\/\/alianzanacional.com.uy\/web\/wp-json\/wp\/v2\/media\/27545"}],"wp:attachment":[{"href":"https:\/\/alianzanacional.com.uy\/web\/wp-json\/wp\/v2\/media?parent=27544"}],"wp:term":[{"taxonomy":"category","embeddable":true,"href":"https:\/\/alianzanacional.com.uy\/web\/wp-json\/wp\/v2\/categories?post=27544"},{"taxonomy":"post_tag","embeddable":true,"href":"https:\/\/alianzanacional.com.uy\/web\/wp-json\/wp\/v2\/tags?post=27544"}],"curies":[{"name":"wp","href":"https:\/\/api.w.org\/{rel}","templated":true}]}}