{"id":27582,"date":"2015-10-05T15:22:32","date_gmt":"2015-10-05T18:22:32","guid":{"rendered":"http:\/\/alianzanacional.com.uy\/web\/?p=27582"},"modified":"2015-10-05T15:29:55","modified_gmt":"2015-10-05T18:29:55","slug":"panel-sobre-educacion-publica-6-para-que","status":"publish","type":"post","link":"https:\/\/alianzanacional.com.uy\/web\/panel-sobre-educacion-publica-6-para-que\/","title":{"rendered":"Panel sobre Educaci\u00f3n P\u00fablica: \u00ab6% \u00bfpara qu\u00e9?\u00bb"},"content":{"rendered":"<p><a href=\"https:\/\/alianzanacional.com.uy\/web\/wp-content\/uploads\/2015\/10\/0.jpg\"><img fetchpriority=\"high\" decoding=\"async\" class=\"alignnone size-full wp-image-27583\" src=\"https:\/\/alianzanacional.com.uy\/web\/wp-content\/uploads\/2015\/10\/0.jpg\" alt=\"0\" width=\"574\" height=\"523\" srcset=\"https:\/\/alianzanacional.com.uy\/web\/wp-content\/uploads\/2015\/10\/0.jpg 574w, https:\/\/alianzanacional.com.uy\/web\/wp-content\/uploads\/2015\/10\/0-329x300.jpg 329w\" sizes=\"(max-width: 574px) 100vw, 574px\" \/><\/a><\/p>\n<p>La Agrupaci\u00f3n \u00abH\u00e9ctor Guti\u00e9rrez Ruiz\u00bb, Lista 250, convoca al Panel <strong>\u00abEducaci\u00f3n P\u00fablica: 6% \u00bfpara qu\u00e9?\u00bb<\/strong> en su sede central.<\/p>\n<p>Este panel estar\u00e1 integrado por:<\/p>\n<ul>\n<li>Lic. Daniel Corbo (Ex Consejero del Codicen)<\/li>\n<li>Diputado Jorge Gandini (Comisi\u00f3n de Hacienda y Presupuesto)<\/li>\n<li>Diputado Mario Garc\u00eda (Comisi\u00f3n de Educaci\u00f3n)<\/li>\n<li>Maestro Gustavo Macedo (Docente. Ex Secretario General de la FUM-TEP)<\/li>\n<\/ul>\n<p><strong>Panel \u00abEducaci\u00f3n P\u00fablica: 6% \u00bfpara qu\u00e9?\u00bb<\/strong><br \/>\n<strong> Martes 6 de octubre. 19 hs.<\/strong><br \/>\n<strong> Rivera 2582 Entre Sim\u00f3n Bol\u00edvar y Obligado).<\/strong><\/p>\n","protected":false},"excerpt":{"rendered":"<p>La Agrupaci\u00f3n \u00abH\u00e9ctor Guti\u00e9rrez Ruiz\u00bb, Lista 250, convoca al Panel \u00abEducaci\u00f3n P\u00fablica: 6% \u00bfpara qu\u00e9?\u00bb en su sede central. Este panel estar\u00e1 integrado por: Lic. Daniel Corbo (Ex Consejero del Codicen) Diputado Jorge Gandini (Comisi\u00f3n de Hacienda y Presupuesto) Diputado Mario Garc\u00eda (Comisi\u00f3n de Educaci\u00f3n) Maestro Gustavo Macedo (Docente. Ex Secretario General de la FUM-TEP) [&hellip;]<\/p>\n","protected":false},"author":1,"featured_media":27583,"comment_status":"open","ping_status":"open","sticky":false,"template":"","format":"standard","meta":{"footnotes":""},"categories":[4],"tags":[],"class_list":["post-27582","post","type-post","status-publish","format-standard","has-post-thumbnail","hentry","category-agenda"],"_links":{"self":[{"href":"https:\/\/alianzanacional.com.uy\/web\/wp-json\/wp\/v2\/posts\/27582","targetHints":{"allow":["GET"]}}],"collection":[{"href":"https:\/\/alianzanacional.com.uy\/web\/wp-json\/wp\/v2\/posts"}],"about":[{"href":"https:\/\/alianzanacional.com.uy\/web\/wp-json\/wp\/v2\/types\/post"}],"author":[{"embeddable":true,"href":"https:\/\/alianzanacional.com.uy\/web\/wp-json\/wp\/v2\/users\/1"}],"replies":[{"embeddable":true,"href":"https:\/\/alianzanacional.com.uy\/web\/wp-json\/wp\/v2\/comments?post=27582"}],"version-history":[{"count":3,"href":"https:\/\/alianzanacional.com.uy\/web\/wp-json\/wp\/v2\/posts\/27582\/revisions"}],"predecessor-version":[{"id":27586,"href":"https:\/\/alianzanacional.com.uy\/web\/wp-json\/wp\/v2\/posts\/27582\/revisions\/27586"}],"wp:featuredmedia":[{"embeddable":true,"href":"https:\/\/alianzanacional.com.uy\/web\/wp-json\/wp\/v2\/media\/27583"}],"wp:attachment":[{"href":"https:\/\/alianzanacional.com.uy\/web\/wp-json\/wp\/v2\/media?parent=27582"}],"wp:term":[{"taxonomy":"category","embeddable":true,"href":"https:\/\/alianzanacional.com.uy\/web\/wp-json\/wp\/v2\/categories?post=27582"},{"taxonomy":"post_tag","embeddable":true,"href":"https:\/\/alianzanacional.com.uy\/web\/wp-json\/wp\/v2\/tags?post=27582"}],"curies":[{"name":"wp","href":"https:\/\/api.w.org\/{rel}","templated":true}]}}