{"id":27816,"date":"2015-11-12T10:50:05","date_gmt":"2015-11-12T13:50:05","guid":{"rendered":"http:\/\/alianzanacional.com.uy\/web\/?p=27816"},"modified":"2015-11-12T10:50:05","modified_gmt":"2015-11-12T13:50:05","slug":"unidad-oriental","status":"publish","type":"post","link":"https:\/\/alianzanacional.com.uy\/web\/unidad-oriental\/","title":{"rendered":"Unidad oriental"},"content":{"rendered":"<p><a href=\"https:\/\/alianzanacional.com.uy\/web\/wp-content\/uploads\/2015\/11\/diario-el-pais-una-pagina-final-FINAL.jpg\"><img fetchpriority=\"high\" decoding=\"async\" src=\"https:\/\/alianzanacional.com.uy\/web\/wp-content\/uploads\/2015\/11\/diario-el-pais-una-pagina-final-FINAL-700x394.jpg\" alt=\"diario-el-pais-una-pagina-final-FINAL\" width=\"620\" height=\"349\" class=\"alignnone size-large wp-image-27818\" srcset=\"https:\/\/alianzanacional.com.uy\/web\/wp-content\/uploads\/2015\/11\/diario-el-pais-una-pagina-final-FINAL-700x394.jpg 700w, https:\/\/alianzanacional.com.uy\/web\/wp-content\/uploads\/2015\/11\/diario-el-pais-una-pagina-final-FINAL-400x225.jpg 400w, https:\/\/alianzanacional.com.uy\/web\/wp-content\/uploads\/2015\/11\/diario-el-pais-una-pagina-final-FINAL.jpg 2028w\" sizes=\"(max-width: 620px) 100vw, 620px\" \/><\/a><\/p>\n<p>Es notorio que las unidades son preferibles a las divisiones en materia pol\u00edtica. No es precisamente este principio que caracteriza a la gente de nuestro pa\u00eds, donde las divisiones son notorias. En los \u00faltimos quince a\u00f1os frenteamplistas se ha marcado superlativamente esta caracter\u00edstica. <\/p>\n<p>El proceso es complejo, se ha trabajado con ah\u00ednco en la divisi\u00f3n y diferencia entre partidos. El Frente despu\u00e9s de haber cultivado esa caracter\u00edstica realiz\u00f3 una argumentaci\u00f3n en que todo lo bueno part\u00eda de esas filas y todo los que no compart\u00edamos las mismas \u00e9ramos los malos. Se lleg\u00f3 a decir incluso que nuestros ni\u00f1os com\u00edan pasto antes de su advenimiento, \u201cvende patria\u201d y dem\u00e1s era lo corriente que se pintaba hasta en las paredes o sea, se invent\u00f3 una divisi\u00f3n entre orientales enquist\u00e1ndola en la cultura nacional. \u00bfAlguien tuvo \u00e9xito esgrimiendo esta tesis? Es obvio que el Frente gan\u00f3 en tres oportunidades, obteniendo un brazo pol\u00edtico sindical fortificando al radical PIT-CNT. Que en materia de conflictos tiene m\u00e1s poder que cualquier ministerio. <\/p>\n<p>Pero claro est\u00e1, el que perdi\u00f3 fue el Uruguay, divididos en sectores radicales. La exageraci\u00f3n fundamental es la mentira real. Decir que somos buenos o malos unos de un lado y los otros del otro, es una inmoralidad intachable. Realidades posteriores han derribado esos muros, ya lo se\u00f1al\u00f3 el Senador Larra\u00f1aga. Plantearon y est\u00e1 escrito, en m\u00e1s de una oportunidad que el Uruguay naci\u00f3 el 1\u00b0 de marzo del 2005, todo lo anterior, remont\u00e1ndose casi al mismo Artigas, nada fue bueno. Todos los adelantos y logros obtenidos durante casi 180 a\u00f1os eran iniciativa del Frente. <\/p>\n<p>Por otra parte, en funci\u00f3n de eso, est\u00e1 la exageraci\u00f3n con mentira hist\u00f3rica, lo pasado era recortado, cambiando por una nueva tesis que se acomodaba a los intereses de la actual mayor\u00eda. A blancos o colorados cuando les ten\u00edan que reconocer aciertos, eran presentados casi como frentistas arrepentidos o el Frente como heredero de aquellos. <\/p>\n<p>Hasta el propio Artigas se tambale\u00f3. La intenci\u00f3n no era otra que se repiti\u00f3 insistentemente que en c\u00edrculos de opini\u00f3n reprodujeran convenciendo un mensaje mentiroso. Claro, como consecuencia, al tomar incremento esos reflejos se consigue que sectores sociales y pol\u00edticos y dem\u00e1s c\u00edrculos de opini\u00f3n, se consustancien de ese mensaje falso. <\/p>\n<p>Como consecuencia se cerr\u00f3 lo que m\u00e1s caracteriz\u00f3 al viejo Uruguay, el di\u00e1logo, la negociaci\u00f3n y el respeto. El Frente cerr\u00f3 los caminos, se aisl\u00f3 y dej\u00f3 del otro lado de la muralla el resto del pa\u00eds. Se nota f\u00e1cilmente al observarse el Parlamento, que no hay di\u00e1logo entre el Frente y la oposici\u00f3n. Y no es porque no lo necesiten. Siendo el di\u00e1logo necesario pero se le niega a la oposici\u00f3n el derecho a participar. Tienen una visi\u00f3n global \u201cabsoluta\u201d. <\/p>\n<p>En su diversidad frentista tendr\u00edan todo. Los que no participan del Frente estar\u00edan ajenos a intervenir en el destino del pa\u00eds. Y no debe ser as\u00ed, el di\u00e1logo o el intercambio de opiniones siempre es necesario. No se habla s\u00f3lo cuando es indispensable, se debe adem\u00e1s hablar porque as\u00ed se constituye la calidad de una democracia. Por ser como lo han definido surge un desprecio hacia la rep\u00fablica. Sus leyes, sus normas pueden ser violadas o transformadas a gusto de cualquier paladar que le convenga. Vemos a diario un notorio desprecio por la noci\u00f3n de rep\u00fablica independiente.  <\/p>\n<p>Ejemplo de lo cual el presupuesto nacional no les otorga los recursos necesarios ni al Poder Judicial, ni a los organismos de contralor como el Tribunal de Cuentas, Contencioso Administrativo o Corte Electoral. O sea, en buen romance, el mensaje es que lo que controla el Ejecutivo, tiene como destino carecer de presupuesto. Morirse de hambre.  Dice el senador Larra\u00f1aga \u201cla disgregaci\u00f3n no es pol\u00edtica es social y cultural. <\/p>\n<p>Han instalado sentimientos radicales que no estaban en el Uruguay\u201d. Este proceso debe detenerse y debe construir la unidad nacional. Hay que decir basta a la divisi\u00f3n y por supuesto detener el paso de los que la dividen. Es hora de construir un Uruguay juntos, alega el senador. <\/p>\n<p>Todos juntos estemos en cualquier bando y en cualquier lugar, seamos de la capital o del interior, estemos en la pol\u00edtica sindical, social, comercial o lo que sea, trabajadores o empresarios, sin perjuicio de la religi\u00f3n que se profese. <\/p>\n<p>Nada de todo lo dicho es obst\u00e1culo para emprender una senda juntos que nos lleve a devolverle al Uruguay el di\u00e1logo, el respeto y la b\u00fasqueda de las mejores pol\u00edticas. O sea, resumiendo, hay que cerrar esa separaci\u00f3n. No es con pol\u00edticas sectoriales en que las mitades de un todo se puedan volver a unir y formar una naci\u00f3n futura. Antes la hubo, hay que concientizarse que es necesario volver a hacerlo. La naci\u00f3n que promueve estos valores premiando el esfuerzo y el sacrificio es la que debe triunfar y no castigar el \u00e9xito desde posiciones resentidas y mezquinas. <\/p>\n<p>Tambi\u00e9n es obvio, que as\u00ed como la izquierda construy\u00f3 un relato tan trabajoso, desmantelarlo conllevar\u00e1 el esfuerzo consabido contrario.  No es excluyendo gente o partidos que no est\u00e1n identificados 100% con el gobierno que se logra rehacer una naci\u00f3n, el paradigma frentista est\u00e1 agotado, superado y expuesto por la realidad. <\/p>\n<p>Los continuos desfasajes que sus tesis han sufrido, PLUNA, Casinos, etc. son ejemplo de eso. Un pa\u00eds no se reconstruye unos meses antes de la elecci\u00f3n. Para obtener cambios y recuperar la patria, como gobierno y como proyecto hay que empezar hoy. <\/p>\n<p>Leopoldo Amondarain<\/p>\n","protected":false},"excerpt":{"rendered":"<p>Es notorio que las unidades son preferibles a las divisiones en materia pol\u00edtica. No es precisamente este principio que caracteriza a la gente de nuestro pa\u00eds, donde las divisiones son notorias. En los \u00faltimos quince a\u00f1os frenteamplistas se ha marcado superlativamente esta caracter\u00edstica. El proceso es complejo, se ha trabajado con ah\u00ednco en la divisi\u00f3n [&hellip;]<\/p>\n","protected":false},"author":1,"featured_media":27818,"comment_status":"open","ping_status":"open","sticky":false,"template":"","format":"standard","meta":{"footnotes":""},"categories":[7],"tags":[],"class_list":["post-27816","post","type-post","status-publish","format-standard","has-post-thumbnail","hentry","category-columnistas"],"_links":{"self":[{"href":"https:\/\/alianzanacional.com.uy\/web\/wp-json\/wp\/v2\/posts\/27816","targetHints":{"allow":["GET"]}}],"collection":[{"href":"https:\/\/alianzanacional.com.uy\/web\/wp-json\/wp\/v2\/posts"}],"about":[{"href":"https:\/\/alianzanacional.com.uy\/web\/wp-json\/wp\/v2\/types\/post"}],"author":[{"embeddable":true,"href":"https:\/\/alianzanacional.com.uy\/web\/wp-json\/wp\/v2\/users\/1"}],"replies":[{"embeddable":true,"href":"https:\/\/alianzanacional.com.uy\/web\/wp-json\/wp\/v2\/comments?post=27816"}],"version-history":[{"count":1,"href":"https:\/\/alianzanacional.com.uy\/web\/wp-json\/wp\/v2\/posts\/27816\/revisions"}],"predecessor-version":[{"id":27819,"href":"https:\/\/alianzanacional.com.uy\/web\/wp-json\/wp\/v2\/posts\/27816\/revisions\/27819"}],"wp:featuredmedia":[{"embeddable":true,"href":"https:\/\/alianzanacional.com.uy\/web\/wp-json\/wp\/v2\/media\/27818"}],"wp:attachment":[{"href":"https:\/\/alianzanacional.com.uy\/web\/wp-json\/wp\/v2\/media?parent=27816"}],"wp:term":[{"taxonomy":"category","embeddable":true,"href":"https:\/\/alianzanacional.com.uy\/web\/wp-json\/wp\/v2\/categories?post=27816"},{"taxonomy":"post_tag","embeddable":true,"href":"https:\/\/alianzanacional.com.uy\/web\/wp-json\/wp\/v2\/tags?post=27816"}],"curies":[{"name":"wp","href":"https:\/\/api.w.org\/{rel}","templated":true}]}}