{"id":27876,"date":"2015-11-25T09:58:17","date_gmt":"2015-11-25T12:58:17","guid":{"rendered":"http:\/\/alianzanacional.com.uy\/web\/?p=27876"},"modified":"2015-11-25T14:40:26","modified_gmt":"2015-11-25T17:40:26","slug":"jorge-larranaga-en-reunion-de-alcaldes-de-alianza-nacional-en-rio","status":"publish","type":"post","link":"https:\/\/alianzanacional.com.uy\/web\/jorge-larranaga-en-reunion-de-alcaldes-de-alianza-nacional-en-rio\/","title":{"rendered":"Jorge Larra\u00f1aga en reuni\u00f3n de Alcaldes de Alianza Nacional en R\u00edo Negro"},"content":{"rendered":"<p><a href=\"https:\/\/alianzanacional.com.uy\/web\/wp-content\/uploads\/2015\/11\/YOUNG-BANNER.jpg\"><img fetchpriority=\"high\" decoding=\"async\" class=\"alignnone size-large wp-image-27877\" src=\"https:\/\/alianzanacional.com.uy\/web\/wp-content\/uploads\/2015\/11\/YOUNG-BANNER-700x394.jpg\" alt=\"YOUNG-BANNER\" width=\"620\" height=\"349\" srcset=\"https:\/\/alianzanacional.com.uy\/web\/wp-content\/uploads\/2015\/11\/YOUNG-BANNER-700x394.jpg 700w, https:\/\/alianzanacional.com.uy\/web\/wp-content\/uploads\/2015\/11\/YOUNG-BANNER-400x225.jpg 400w, https:\/\/alianzanacional.com.uy\/web\/wp-content\/uploads\/2015\/11\/YOUNG-BANNER.jpg 878w\" sizes=\"(max-width: 620px) 100vw, 620px\" \/><\/a><\/p>\n<p>El pr\u00f3ximo jueves 26 de noviembre, diputados, senadores y el l\u00edder de Alianza Nacional, Jorge Larra\u00f1aga, se encontrar\u00e1n desde las 10 de la ma\u00f1ana el departamento de R\u00edo Negro manteniendo reuniones con organizaciones de diferentes grupos del departamento.<\/p>\n<p>A las 12 horas, en la ciudad de Young, en el Club Social y Deportivo Young, comenzar\u00e1 el Encuentro con Alcaldes de Alianza Nacional, el cual finalizar\u00e1 cercano a las 14:30 horas con las palabras del l\u00edder del sector, Jorge Larra\u00f1aga.<\/p>\n<p>A las 17 horas se trasladar\u00e1n a la ciudad de Fray Bentos donde realizar\u00e1n actividades con vecinos y organizaciones.<\/p>\n<p>A continuaci\u00f3n transcribimos agenda de actividades.<\/p>\n<p><strong>Young<br \/>\n<\/strong><\/p>\n<ul>\n<li>10: 00 hs &#8211; Reuni\u00f3n con organizaciones sociales &#8211; Sociedad Rural R\u00edo Negro (Lavalleja y Montevideo)<\/li>\n<li>11:30 hs &#8211; Conferencia de Prensa &#8211; Sociedad Rural de R\u00edo Negro<\/li>\n<li>12:00 hs &#8211; Reuni\u00f3n nacional de alcaldes de Alianza &#8211; Club Social y Deportivo Young.<\/li>\n<li>14:30 hs &#8211; Cierra Senador Jorge Larra\u00f1aga.<\/li>\n<\/ul>\n<p><strong>Fray Bentos<\/strong><\/p>\n<ul>\n<li>17:00 hs &#8211; Conferencia de Prensa (Centro de Choferes Fray Bentos).<\/li>\n<li>17:30 hs &#8211; Reuni\u00f3n con Instituciones, Organizaciones, Agrupaciones Sindicales y Legisladores.<\/li>\n<\/ul>\n","protected":false},"excerpt":{"rendered":"<p>El pr\u00f3ximo jueves 26 de noviembre, diputados, senadores y el l\u00edder de Alianza Nacional, Jorge Larra\u00f1aga, se encontrar\u00e1n desde las 10 de la ma\u00f1ana el departamento de R\u00edo Negro manteniendo reuniones con organizaciones de diferentes grupos del departamento. A las 12 horas, en la ciudad de Young, en el Club Social y Deportivo Young, comenzar\u00e1 [&hellip;]<\/p>\n","protected":false},"author":1,"featured_media":27877,"comment_status":"open","ping_status":"open","sticky":false,"template":"","format":"standard","meta":{"footnotes":""},"categories":[4],"tags":[],"class_list":["post-27876","post","type-post","status-publish","format-standard","has-post-thumbnail","hentry","category-agenda"],"_links":{"self":[{"href":"https:\/\/alianzanacional.com.uy\/web\/wp-json\/wp\/v2\/posts\/27876","targetHints":{"allow":["GET"]}}],"collection":[{"href":"https:\/\/alianzanacional.com.uy\/web\/wp-json\/wp\/v2\/posts"}],"about":[{"href":"https:\/\/alianzanacional.com.uy\/web\/wp-json\/wp\/v2\/types\/post"}],"author":[{"embeddable":true,"href":"https:\/\/alianzanacional.com.uy\/web\/wp-json\/wp\/v2\/users\/1"}],"replies":[{"embeddable":true,"href":"https:\/\/alianzanacional.com.uy\/web\/wp-json\/wp\/v2\/comments?post=27876"}],"version-history":[{"count":2,"href":"https:\/\/alianzanacional.com.uy\/web\/wp-json\/wp\/v2\/posts\/27876\/revisions"}],"predecessor-version":[{"id":27879,"href":"https:\/\/alianzanacional.com.uy\/web\/wp-json\/wp\/v2\/posts\/27876\/revisions\/27879"}],"wp:featuredmedia":[{"embeddable":true,"href":"https:\/\/alianzanacional.com.uy\/web\/wp-json\/wp\/v2\/media\/27877"}],"wp:attachment":[{"href":"https:\/\/alianzanacional.com.uy\/web\/wp-json\/wp\/v2\/media?parent=27876"}],"wp:term":[{"taxonomy":"category","embeddable":true,"href":"https:\/\/alianzanacional.com.uy\/web\/wp-json\/wp\/v2\/categories?post=27876"},{"taxonomy":"post_tag","embeddable":true,"href":"https:\/\/alianzanacional.com.uy\/web\/wp-json\/wp\/v2\/tags?post=27876"}],"curies":[{"name":"wp","href":"https:\/\/api.w.org\/{rel}","templated":true}]}}