{"id":27904,"date":"2015-11-27T13:41:30","date_gmt":"2015-11-27T16:41:30","guid":{"rendered":"http:\/\/alianzanacional.com.uy\/web\/?p=27904"},"modified":"2015-11-27T13:41:30","modified_gmt":"2015-11-27T16:41:30","slug":"video-larranaga-en-rio-negro-en-argentina-triunfo-la-democracia","status":"publish","type":"post","link":"https:\/\/alianzanacional.com.uy\/web\/video-larranaga-en-rio-negro-en-argentina-triunfo-la-democracia\/","title":{"rendered":"VIDEO | Larra\u00f1aga en R\u00edo Negro: \u00abEn Argentina triunf\u00f3 la democracia\u00bb"},"content":{"rendered":"<p><a href=\"https:\/\/alianzanacional.com.uy\/web\/wp-content\/uploads\/2015\/11\/Jorge-Larra\u00f1aga-Young.Imagen-fija0011.jpg\"><img fetchpriority=\"high\" decoding=\"async\" src=\"https:\/\/alianzanacional.com.uy\/web\/wp-content\/uploads\/2015\/11\/Jorge-Larra\u00f1aga-Young.Imagen-fija0011-700x394.jpg\" alt=\"Jorge-Larra\u00f1aga-Young.Imagen-fija001\" width=\"620\" height=\"349\" class=\"alignnone size-large wp-image-27906\" srcset=\"https:\/\/alianzanacional.com.uy\/web\/wp-content\/uploads\/2015\/11\/Jorge-Larra\u00f1aga-Young.Imagen-fija0011-700x394.jpg 700w, https:\/\/alianzanacional.com.uy\/web\/wp-content\/uploads\/2015\/11\/Jorge-Larra\u00f1aga-Young.Imagen-fija0011-400x225.jpg 400w, https:\/\/alianzanacional.com.uy\/web\/wp-content\/uploads\/2015\/11\/Jorge-Larra\u00f1aga-Young.Imagen-fija0011.jpg 933w\" sizes=\"(max-width: 620px) 100vw, 620px\" \/><\/a><\/p>\n<p>En el Encuentro de Alcaldes de Alianza Nacional, el l\u00edder nacionalista expres\u00f3 que \u00abLas afirmaciones de Mujica son temerarias. No se puede decir que porque gan\u00f3 Macri, Argentina est\u00e1 en una situaci\u00f3n de crisis institucional. Triunf\u00f3 la democracia y hay que respetar el resultado de las urnas\u00bb.<\/p>\n<p>Afirm\u00f3 que \u00abEl FA me descoloca con sus enormes contradicciones en pol\u00edtica internacional. Para no pronunciarse sobre Venezuela recurren al principio de no intervenci\u00f3n, sin embargo en Argentina se pronunciaron por Scioli\u00bb.<\/p>\n<p><iframe width=\"640\" height=\"360\" src=\"https:\/\/www.youtube.com\/embed\/XT7c5WqZCCM?rel=0\" frameborder=\"0\" allowfullscreen><\/iframe><\/p>\n","protected":false},"excerpt":{"rendered":"<p>En el Encuentro de Alcaldes de Alianza Nacional, el l\u00edder nacionalista expres\u00f3 que \u00abLas afirmaciones de Mujica son temerarias. No se puede decir que porque gan\u00f3 Macri, Argentina est\u00e1 en una situaci\u00f3n de crisis institucional. Triunf\u00f3 la democracia y hay que respetar el resultado de las urnas\u00bb. Afirm\u00f3 que \u00abEl FA me descoloca con sus [&hellip;]<\/p>\n","protected":false},"author":1,"featured_media":27905,"comment_status":"open","ping_status":"open","sticky":false,"template":"","format":"standard","meta":{"footnotes":""},"categories":[20],"tags":[],"class_list":["post-27904","post","type-post","status-publish","format-standard","has-post-thumbnail","hentry","category-videos"],"_links":{"self":[{"href":"https:\/\/alianzanacional.com.uy\/web\/wp-json\/wp\/v2\/posts\/27904","targetHints":{"allow":["GET"]}}],"collection":[{"href":"https:\/\/alianzanacional.com.uy\/web\/wp-json\/wp\/v2\/posts"}],"about":[{"href":"https:\/\/alianzanacional.com.uy\/web\/wp-json\/wp\/v2\/types\/post"}],"author":[{"embeddable":true,"href":"https:\/\/alianzanacional.com.uy\/web\/wp-json\/wp\/v2\/users\/1"}],"replies":[{"embeddable":true,"href":"https:\/\/alianzanacional.com.uy\/web\/wp-json\/wp\/v2\/comments?post=27904"}],"version-history":[{"count":1,"href":"https:\/\/alianzanacional.com.uy\/web\/wp-json\/wp\/v2\/posts\/27904\/revisions"}],"predecessor-version":[{"id":27907,"href":"https:\/\/alianzanacional.com.uy\/web\/wp-json\/wp\/v2\/posts\/27904\/revisions\/27907"}],"wp:featuredmedia":[{"embeddable":true,"href":"https:\/\/alianzanacional.com.uy\/web\/wp-json\/wp\/v2\/media\/27905"}],"wp:attachment":[{"href":"https:\/\/alianzanacional.com.uy\/web\/wp-json\/wp\/v2\/media?parent=27904"}],"wp:term":[{"taxonomy":"category","embeddable":true,"href":"https:\/\/alianzanacional.com.uy\/web\/wp-json\/wp\/v2\/categories?post=27904"},{"taxonomy":"post_tag","embeddable":true,"href":"https:\/\/alianzanacional.com.uy\/web\/wp-json\/wp\/v2\/tags?post=27904"}],"curies":[{"name":"wp","href":"https:\/\/api.w.org\/{rel}","templated":true}]}}