{"id":27926,"date":"2015-12-02T12:57:28","date_gmt":"2015-12-02T15:57:28","guid":{"rendered":"http:\/\/alianzanacional.com.uy\/web\/?p=27926"},"modified":"2015-12-02T12:57:28","modified_gmt":"2015-12-02T15:57:28","slug":"despedida-del-ano-de-la-lista-250-2","status":"publish","type":"post","link":"https:\/\/alianzanacional.com.uy\/web\/despedida-del-ano-de-la-lista-250-2\/","title":{"rendered":"Despedida del a\u00f1o de la lista 250"},"content":{"rendered":"<p><a href=\"https:\/\/alianzanacional.com.uy\/web\/wp-content\/uploads\/2015\/12\/image001.jpg\"><img fetchpriority=\"high\" decoding=\"async\" class=\"alignnone size-full wp-image-27927\" src=\"https:\/\/alianzanacional.com.uy\/web\/wp-content\/uploads\/2015\/12\/image001.jpg\" alt=\"image001\" width=\"644\" height=\"417\" srcset=\"https:\/\/alianzanacional.com.uy\/web\/wp-content\/uploads\/2015\/12\/image001.jpg 644w, https:\/\/alianzanacional.com.uy\/web\/wp-content\/uploads\/2015\/12\/image001-400x259.jpg 400w\" sizes=\"(max-width: 644px) 100vw, 644px\" \/><\/a><\/p>\n<p>La lista 250 realizar\u00e1 este\u00a0<strong>jueves 3 de diciembre <\/strong><strong>la Despedida del A\u00f1o .<\/strong><\/p>\n<p>Ser\u00e1 en<strong>\u00a0el Parque de Cambadu, Luis A.de Herrera y Burgues.<\/strong><\/p>\n<p>La invitaci\u00f3n est\u00e1 cursada a partir de las 19:00 hrs. y la oratoria comenzar\u00e1 puntualmente a las 20:00 y contar\u00e1 con la participaci\u00f3n de Jorge Gandini y Jorge Larra\u00f1aga.<\/p>\n<p>A\u00a0continuaci\u00f3n se compartir\u00e1 una noche de celebraci\u00f3n entre\u00a0compa\u00f1eros y familias, disfrutando de un espacio de m\u00fasica partidaria y la actuaci\u00f3n de Los Z\u00edngaros. El evento es de entrada libre y los tickets por alimentos y bebidas se podr\u00e1n adquirir en el predio.<\/p>\n","protected":false},"excerpt":{"rendered":"<p>La lista 250 realizar\u00e1 este\u00a0jueves 3 de diciembre la Despedida del A\u00f1o . Ser\u00e1 en\u00a0el Parque de Cambadu, Luis A.de Herrera y Burgues. La invitaci\u00f3n est\u00e1 cursada a partir de las 19:00 hrs. y la oratoria comenzar\u00e1 puntualmente a las 20:00 y contar\u00e1 con la participaci\u00f3n de Jorge Gandini y Jorge Larra\u00f1aga. A\u00a0continuaci\u00f3n se compartir\u00e1 [&hellip;]<\/p>\n","protected":false},"author":1,"featured_media":27927,"comment_status":"open","ping_status":"open","sticky":false,"template":"","format":"standard","meta":{"footnotes":""},"categories":[4],"tags":[],"class_list":["post-27926","post","type-post","status-publish","format-standard","has-post-thumbnail","hentry","category-agenda"],"_links":{"self":[{"href":"https:\/\/alianzanacional.com.uy\/web\/wp-json\/wp\/v2\/posts\/27926","targetHints":{"allow":["GET"]}}],"collection":[{"href":"https:\/\/alianzanacional.com.uy\/web\/wp-json\/wp\/v2\/posts"}],"about":[{"href":"https:\/\/alianzanacional.com.uy\/web\/wp-json\/wp\/v2\/types\/post"}],"author":[{"embeddable":true,"href":"https:\/\/alianzanacional.com.uy\/web\/wp-json\/wp\/v2\/users\/1"}],"replies":[{"embeddable":true,"href":"https:\/\/alianzanacional.com.uy\/web\/wp-json\/wp\/v2\/comments?post=27926"}],"version-history":[{"count":1,"href":"https:\/\/alianzanacional.com.uy\/web\/wp-json\/wp\/v2\/posts\/27926\/revisions"}],"predecessor-version":[{"id":27928,"href":"https:\/\/alianzanacional.com.uy\/web\/wp-json\/wp\/v2\/posts\/27926\/revisions\/27928"}],"wp:featuredmedia":[{"embeddable":true,"href":"https:\/\/alianzanacional.com.uy\/web\/wp-json\/wp\/v2\/media\/27927"}],"wp:attachment":[{"href":"https:\/\/alianzanacional.com.uy\/web\/wp-json\/wp\/v2\/media?parent=27926"}],"wp:term":[{"taxonomy":"category","embeddable":true,"href":"https:\/\/alianzanacional.com.uy\/web\/wp-json\/wp\/v2\/categories?post=27926"},{"taxonomy":"post_tag","embeddable":true,"href":"https:\/\/alianzanacional.com.uy\/web\/wp-json\/wp\/v2\/tags?post=27926"}],"curies":[{"name":"wp","href":"https:\/\/api.w.org\/{rel}","templated":true}]}}