{"id":28163,"date":"2016-02-28T11:26:17","date_gmt":"2016-02-28T14:26:17","guid":{"rendered":"http:\/\/alianzanacional.com.uy\/web\/?p=28163"},"modified":"2016-02-28T12:03:14","modified_gmt":"2016-02-28T15:03:14","slug":"larranaga-la-oposicion-debe-construir-un-proyecto-superador-al-fa","status":"publish","type":"post","link":"https:\/\/alianzanacional.com.uy\/web\/larranaga-la-oposicion-debe-construir-un-proyecto-superador-al-fa\/","title":{"rendered":"Larra\u00f1aga: \u00abLa oposici\u00f3n debe construir un proyecto superador al FA\u00bb"},"content":{"rendered":"<p><a href=\"https:\/\/alianzanacional.com.uy\/web\/wp-content\/uploads\/2016\/02\/20160224JC_0010.jpg\" rel=\"attachment wp-att-28164\"><img fetchpriority=\"high\" decoding=\"async\" class=\"alignnone wp-image-28164 size-large\" src=\"https:\/\/alianzanacional.com.uy\/web\/wp-content\/uploads\/2016\/02\/20160224JC_0010-700x465.jpg\" alt=\"\" width=\"620\" height=\"412\" srcset=\"https:\/\/alianzanacional.com.uy\/web\/wp-content\/uploads\/2016\/02\/20160224JC_0010-700x465.jpg 700w, https:\/\/alianzanacional.com.uy\/web\/wp-content\/uploads\/2016\/02\/20160224JC_0010-400x266.jpg 400w, https:\/\/alianzanacional.com.uy\/web\/wp-content\/uploads\/2016\/02\/20160224JC_0010-768x510.jpg 768w\" sizes=\"(max-width: 620px) 100vw, 620px\" \/><\/a><\/p>\n<p><em>El senador nacionalista sostiene que el Frente Amplio como proyecto pol\u00edtico \u201cest\u00e1 agotado\u201d, que el gobierno est\u00e1 \u201cen punto muerto\u201d y \u201csin ideas\u201d y no tiene resultados para mostrar.\u00a0Asimismo considera que ha sufrido \u201cuna derrota ideol\u00f3gica\u201d que se refleja en que \u201cfundi\u00f3 Pluna y casi quiebra Ancap\u201d. Larra\u00f1aga en entrevista con El Pa\u00eds afirm\u00f3 que es partidario de que la oposici\u00f3n \u201cconstruya una agenda com\u00fan, un proyecto superador al Frente Amplio\u201d. Para esto dijo que har\u00e1 un relanzamiento de la Fundaci\u00f3n Wilson Ferreira Aldunate para \u201cpresentar un proyecto pol\u00edtico con la idea de reconstruir el pa\u00eds\u201d.<\/em><\/p>\n<p><strong>\u2014Est\u00e1 al frente de un espacio wilsonista en el Partido Nacional. \u00bfHa pensado en delegar la conducci\u00f3n o va a seguir al frente?<\/strong><\/p>\n<p>\u2014Alianza Nacional es uno de los sectores m\u00e1s importantes del partido. Tengo una enorme responsabilidad y represento en el Senado a much\u00edsima gente. Es una visi\u00f3n wilsonista, federal, con ra\u00edces en el nacionalismo independiente. Adem\u00e1s, <strong>lo m\u00e1s moderno y removedor que tiene el pa\u00eds es el wilsonismo<\/strong>. Parad\u00f3jicamente sigue siendo lo m\u00e1s nuevo de la pol\u00edtica uruguaya, lo menos conservador en su visi\u00f3n de justicia social, de pa\u00eds productivo, inclusivo, la expresi\u00f3n que convoca a uruguayos por encima de los colores partidarios. Yo reafirmo esta corriente pol\u00edtica. Vamos a relanzar la Fundaci\u00f3n Wilson Ferreira Aldunate para presentar un proyecto pol\u00edtico con la idea de reconstruir el pa\u00eds. El partido tiene que tener columnas fuertes, sectores fuertes, y Alianza Nacional es un sector.<\/p>\n<p><strong>\u2014Desde la \u00faltima elecci\u00f3n interna de 2014 en que usted perdi\u00f3 la nominaci\u00f3n presidencial, Alianza Nacional no ha tenido desmembramientos, sino que por el contrario ha sumado a alguno en el interior. \u00bfA qu\u00e9 se debe?<\/strong><\/p>\n<p>\u2014He impulsado un proyecto pol\u00edtico que tiene una representaci\u00f3n parlamentaria con la misma cantidad de diputados que el sector mayoritario de Luis Lacalle Pou, aunque con dos senadores menos. En la elecci\u00f3n departamental la representaci\u00f3n de los intendentes ha sido fuerte y en su mayor\u00eda son de Alianza Nacional. Entre los alcaldes y concejales tambi\u00e9n siento el respaldo. Estoy satisfecho con lo que hacen los legisladores.<\/p>\n<p><strong>\u2014Cuando habla del relanzamiento del sector, \u00bfse enfoca en Montevideo?<\/strong><\/p>\n<p>\u2014Hablo del pa\u00eds entero. Hoy hay una debilidad en el sistema pol\u00edtico. El Frente Amplio est\u00e1 en condiciones de perder la pr\u00f3xima elecci\u00f3n por lo cual se necesita mostrarle a los uruguayos que la oposici\u00f3n puede ganar la elecci\u00f3n. Eso hace que la oposici\u00f3n tenga que ser madura, que coordinen entre todos los partidos permanentemente. No basta que lo hagan de octubre en adelante para la segunda vuelta. Yo estoy convencido que tras la elecci\u00f3n pr\u00f3xima ning\u00fan partido va a tener mayor\u00edas parlamentarias y que por eso va a ser necesario tener contacto con todos los partidos. Por eso me he juntado con referentes de todos los partidos y por eso concret\u00e9 una reuni\u00f3n in\u00e9dita para presentar una denuncia com\u00fan sobre Ancap. Eso era impensable y hay que ampliarlo a figuras del sindicalismo y la cultura.<\/p>\n<p><strong>\u2014\u00bfEso no es convalidar lo que dice el Frente Amplio en cuanto a que la oposici\u00f3n est\u00e1 en campa\u00f1a los cinco a\u00f1os?<\/strong><\/p>\n<p>\u2014Mire, aquel pol\u00edtico que diga que no est\u00e1 en campa\u00f1a, miente. Todos los pol\u00edticos est\u00e1n en permanente campa\u00f1a, esa es la realidad de la pol\u00edtica. Los referentes pol\u00edticos quieren agradar al votante, captar voluntades. Eso no es nada nuevo. De lo que se trata es que la oposici\u00f3n pueda construir una agenda com\u00fan, un proyecto superador al Frente Amplio, y para eso hay que convocar a todos. Hay miles de ciudadanos que votaron al Frente Amplio que est\u00e1n desencantados, desilusionados con la gesti\u00f3n del gobierno. Por eso digo que ning\u00fan partido va a tener mayor\u00eda parlamentaria. El Frente como proyecto pol\u00edtico est\u00e1 agotado y eso lo ven los frenteamplistas.<\/p>\n<p><strong>\u2014En ese esquema de di\u00e1logo con los referentes de la oposici\u00f3n usted tiene a Edgardo Novick como interlocutor, ya que lo ha convocado a reuniones. \u00bfPiensa que tiene validez el instrumento de la Concertaci\u00f3n en una proyecci\u00f3n de nivel nacional m\u00e1s que departamental?<\/strong><\/p>\n<p>\u2014Yo ya he dicho que el partido de la Concertaci\u00f3n desde que se gest\u00f3 fue un proyecto pol\u00edtico departamental para Montevideo. A cada referente pol\u00edtico hay que respetarlo y por eso convoco a Novick. Los lazos de confianza son fundamentales porque despu\u00e9s van a ser necesarios todos para gobernar si ning\u00fan partido tiene mayor\u00eda parlamentaria. Por eso voy a repetir mil veces la expresi\u00f3n juntos porque as\u00ed tenemos que avanzar.<\/p>\n<p><strong>\u2014\u00bfCon el modelo de la alianza opositora que hubo en Argentina?<\/strong><\/p>\n<p>\u2014Algo as\u00ed, a la uruguaya, una alianza que no supone renegar de los partidos de origen. En la primera vuelta electoral de octubre se definir\u00e1n quienes pasan a la segunda vuelta. Entonces cada partido va a querer tener la mayor cantidad de votos. Pero quiero que en ese espacio opositor com\u00fan haya v\u00ednculos, confianza, perspectiva de trabajar juntos, de forma que en la segunda vuelta los apoyos se den naturalmente con vistas al pr\u00f3ximo gobierno y sin dejar de lado las referencias sectoriales.<\/p>\n<p><strong>\u2014\u00bfC\u00f3mo ve el primer a\u00f1o de gobierno de Tabar\u00e9 V\u00e1zquez?<\/strong><\/p>\n<p>\u2014El gobierno est\u00e1 sin ideas, en punto muerto, est\u00e1tico, paralizado, con graves problemas internos en la fuerza pol\u00edtica. Hemos tenido 11 a\u00f1os de bonanza econ\u00f3mica y sin embargo no pudimos avanzar en temas vitales como la seguridad y la educaci\u00f3n. Les he dicho a empresarios que la lucha en los pr\u00f3ximos tiempos va a ser no por salarios sino por mantener puestos de trabajo. Ojal\u00e1 el pa\u00eds no siga perdiendo puestos de trabajo, en un pa\u00eds donde la econom\u00eda se ha desacelerado. Hay acechanzas preocupantes en el mundo. La inflaci\u00f3n quiz\u00e1s supere el 10%. Estos sensores de alerta no los ha atendido el gobierno. El Frente le ha hecho perder oportunidades al pa\u00eds y se ha quedado en un Estado clientelar durante los a\u00f1os de gobierno del expresidente Jos\u00e9 Mujica. Ha sufrido derrotas ideol\u00f3gicas con la pol\u00edtica de las empresas p\u00fablicas: fundieron a Pluna, llegamos casi al quiebre de Ancap por una administraci\u00f3n lamentable. El Frente Amplio hoy no tiene qu\u00e9 mostrar, no tiene resultados.<\/p>\n<p><strong>\u2014\u00bfComparte que se destinen militares en tareas de seguridad como custodia de embajadas y edificios p\u00fablicos, como propone el ministro del Interior Eduardo Bonomi pero a lo que se opone su colega de Defensa Fern\u00e1ndez Huidobro?<\/strong><\/p>\n<p>\u2014Seguro, porque para el gobierno no ha sido problema convocar a militares para recoger la basura, pero tiene un atavismo ideol\u00f3gico y se opone a convocar a esos mismos militares para que puedan ayudar a la polic\u00eda en el combate a la delincuencia. Previo tiene que haber una ley que los habilite, una instrucci\u00f3n precisa y una remuneraci\u00f3n acorde a la de los polic\u00edas. Es una forma de jerarquizar a las Fuerzas Armadas, todo dentro del marco del Estado de derecho. Pero terminan oponi\u00e9ndose en un pa\u00eds donde pasamos de 2.000 rapi\u00f1as hace diez a\u00f1os a unas 22.000 rapi\u00f1as anuales.<\/p>\n<p><strong>\u2014\u00bfTiene resuelto si va a volver a competir en la interna nacionalista?<\/strong><\/p>\n<p>\u2014No es tiempo de candidaturas. Pero creo que el partido tiene que tener una competencia interna con dos o m\u00e1s precandidatos presidenciales. Eso fortalece al partido. En lo personal, ver\u00e9 si me presento.<\/p>\n<p>Fuente: El Pa\u00eds<\/p>\n","protected":false},"excerpt":{"rendered":"<p>El senador nacionalista sostiene que el Frente Amplio como proyecto pol\u00edtico \u201cest\u00e1 agotado\u201d, que el gobierno est\u00e1 \u201cen punto muerto\u201d y \u201csin ideas\u201d y no tiene resultados para mostrar.\u00a0Asimismo considera que ha sufrido \u201cuna derrota ideol\u00f3gica\u201d que se refleja en que \u201cfundi\u00f3 Pluna y casi quiebra Ancap\u201d. Larra\u00f1aga en entrevista con El Pa\u00eds afirm\u00f3 que [&hellip;]<\/p>\n","protected":false},"author":1,"featured_media":28164,"comment_status":"open","ping_status":"open","sticky":false,"template":"","format":"standard","meta":{"footnotes":""},"categories":[163],"tags":[],"class_list":["post-28163","post","type-post","status-publish","format-standard","has-post-thumbnail","hentry","category-entrevistas"],"_links":{"self":[{"href":"https:\/\/alianzanacional.com.uy\/web\/wp-json\/wp\/v2\/posts\/28163","targetHints":{"allow":["GET"]}}],"collection":[{"href":"https:\/\/alianzanacional.com.uy\/web\/wp-json\/wp\/v2\/posts"}],"about":[{"href":"https:\/\/alianzanacional.com.uy\/web\/wp-json\/wp\/v2\/types\/post"}],"author":[{"embeddable":true,"href":"https:\/\/alianzanacional.com.uy\/web\/wp-json\/wp\/v2\/users\/1"}],"replies":[{"embeddable":true,"href":"https:\/\/alianzanacional.com.uy\/web\/wp-json\/wp\/v2\/comments?post=28163"}],"version-history":[{"count":3,"href":"https:\/\/alianzanacional.com.uy\/web\/wp-json\/wp\/v2\/posts\/28163\/revisions"}],"predecessor-version":[{"id":28167,"href":"https:\/\/alianzanacional.com.uy\/web\/wp-json\/wp\/v2\/posts\/28163\/revisions\/28167"}],"wp:featuredmedia":[{"embeddable":true,"href":"https:\/\/alianzanacional.com.uy\/web\/wp-json\/wp\/v2\/media\/28164"}],"wp:attachment":[{"href":"https:\/\/alianzanacional.com.uy\/web\/wp-json\/wp\/v2\/media?parent=28163"}],"wp:term":[{"taxonomy":"category","embeddable":true,"href":"https:\/\/alianzanacional.com.uy\/web\/wp-json\/wp\/v2\/categories?post=28163"},{"taxonomy":"post_tag","embeddable":true,"href":"https:\/\/alianzanacional.com.uy\/web\/wp-json\/wp\/v2\/tags?post=28163"}],"curies":[{"name":"wp","href":"https:\/\/api.w.org\/{rel}","templated":true}]}}