{"id":28202,"date":"2016-03-09T12:22:35","date_gmt":"2016-03-09T15:22:35","guid":{"rendered":"http:\/\/alianzanacional.com.uy\/web\/?p=28202"},"modified":"2016-03-09T12:32:04","modified_gmt":"2016-03-09T15:32:04","slug":"homenaje-a-wilson-ferreira-aldunate-2","status":"publish","type":"post","link":"https:\/\/alianzanacional.com.uy\/web\/homenaje-a-wilson-ferreira-aldunate-2\/","title":{"rendered":"Homenaje a Wilson Ferreira Aldunate"},"content":{"rendered":"<p><a href=\"https:\/\/alianzanacional.com.uy\/web\/wp-content\/uploads\/2016\/03\/bsas1980.jpg\" rel=\"attachment wp-att-28203\"><img fetchpriority=\"high\" decoding=\"async\" src=\"https:\/\/alianzanacional.com.uy\/web\/wp-content\/uploads\/2016\/03\/bsas1980-700x394.jpg\" alt=\"bsas1980\" width=\"620\" height=\"349\" class=\"alignnone size-large wp-image-28203\" srcset=\"https:\/\/alianzanacional.com.uy\/web\/wp-content\/uploads\/2016\/03\/bsas1980-700x394.jpg 700w, https:\/\/alianzanacional.com.uy\/web\/wp-content\/uploads\/2016\/03\/bsas1980-400x225.jpg 400w, https:\/\/alianzanacional.com.uy\/web\/wp-content\/uploads\/2016\/03\/bsas1980-768x432.jpg 768w, https:\/\/alianzanacional.com.uy\/web\/wp-content\/uploads\/2016\/03\/bsas1980.jpg 1140w\" sizes=\"(max-width: 620px) 100vw, 620px\" \/><\/a><\/p>\n<p>El pr\u00f3ximo martes 15 de marzo, al cumplirse 28 a\u00f1os de la desaparici\u00f3n f\u00edsica del caudillo del Partido Nacional, Wilson Ferreira Aldunate, el Partido Nacional, en el marco de su 180 aniversario, le rinde homenaje recordando su legado eterno.<\/p>\n<p>Ser\u00e1 a las 19 horas en el Sal\u00f3n de los Pasos Perdidos del Palacio Legislativo y har\u00e1n uso de la palabra los senadores Jorge Larra\u00f1aga y Luis Lacalle Pou.<\/p>\n<p>\u00a1Los esperamos!<\/p>\n","protected":false},"excerpt":{"rendered":"<p>El pr\u00f3ximo martes 15 de marzo, al cumplirse 28 a\u00f1os de la desaparici\u00f3n f\u00edsica del caudillo del Partido Nacional, Wilson Ferreira Aldunate, el Partido Nacional, en el marco de su 180 aniversario, le rinde homenaje recordando su legado eterno. Ser\u00e1 a las 19 horas en el Sal\u00f3n de los Pasos Perdidos del Palacio Legislativo y [&hellip;]<\/p>\n","protected":false},"author":1,"featured_media":28203,"comment_status":"open","ping_status":"open","sticky":false,"template":"","format":"standard","meta":{"footnotes":""},"categories":[4],"tags":[],"class_list":["post-28202","post","type-post","status-publish","format-standard","has-post-thumbnail","hentry","category-agenda"],"_links":{"self":[{"href":"https:\/\/alianzanacional.com.uy\/web\/wp-json\/wp\/v2\/posts\/28202","targetHints":{"allow":["GET"]}}],"collection":[{"href":"https:\/\/alianzanacional.com.uy\/web\/wp-json\/wp\/v2\/posts"}],"about":[{"href":"https:\/\/alianzanacional.com.uy\/web\/wp-json\/wp\/v2\/types\/post"}],"author":[{"embeddable":true,"href":"https:\/\/alianzanacional.com.uy\/web\/wp-json\/wp\/v2\/users\/1"}],"replies":[{"embeddable":true,"href":"https:\/\/alianzanacional.com.uy\/web\/wp-json\/wp\/v2\/comments?post=28202"}],"version-history":[{"count":2,"href":"https:\/\/alianzanacional.com.uy\/web\/wp-json\/wp\/v2\/posts\/28202\/revisions"}],"predecessor-version":[{"id":28205,"href":"https:\/\/alianzanacional.com.uy\/web\/wp-json\/wp\/v2\/posts\/28202\/revisions\/28205"}],"wp:featuredmedia":[{"embeddable":true,"href":"https:\/\/alianzanacional.com.uy\/web\/wp-json\/wp\/v2\/media\/28203"}],"wp:attachment":[{"href":"https:\/\/alianzanacional.com.uy\/web\/wp-json\/wp\/v2\/media?parent=28202"}],"wp:term":[{"taxonomy":"category","embeddable":true,"href":"https:\/\/alianzanacional.com.uy\/web\/wp-json\/wp\/v2\/categories?post=28202"},{"taxonomy":"post_tag","embeddable":true,"href":"https:\/\/alianzanacional.com.uy\/web\/wp-json\/wp\/v2\/tags?post=28202"}],"curies":[{"name":"wp","href":"https:\/\/api.w.org\/{rel}","templated":true}]}}