{"id":28254,"date":"2016-04-05T19:30:43","date_gmt":"2016-04-05T22:30:43","guid":{"rendered":"http:\/\/alianzanacional.com.uy\/web\/?p=28254"},"modified":"2016-04-05T19:30:43","modified_gmt":"2016-04-05T22:30:43","slug":"maria-de-lima-fue-elegida-para-presidir-el-plenario-de-alcaldes","status":"publish","type":"post","link":"https:\/\/alianzanacional.com.uy\/web\/maria-de-lima-fue-elegida-para-presidir-el-plenario-de-alcaldes\/","title":{"rendered":"Mar\u00eda de Lima fue elegida para presidir el Plenario de Alcaldes"},"content":{"rendered":"<p><a href=\"https:\/\/alianzanacional.com.uy\/web\/wp-content\/uploads\/2016\/04\/IMG_7469.jpg\" rel=\"attachment wp-att-28256\"><img fetchpriority=\"high\" decoding=\"async\" src=\"https:\/\/alianzanacional.com.uy\/web\/wp-content\/uploads\/2016\/04\/IMG_7469-700x394.jpg\" alt=\"IMG_7469\" width=\"620\" height=\"349\" class=\"alignnone size-large wp-image-28256\" srcset=\"https:\/\/alianzanacional.com.uy\/web\/wp-content\/uploads\/2016\/04\/IMG_7469-700x394.jpg 700w, https:\/\/alianzanacional.com.uy\/web\/wp-content\/uploads\/2016\/04\/IMG_7469-400x225.jpg 400w, https:\/\/alianzanacional.com.uy\/web\/wp-content\/uploads\/2016\/04\/IMG_7469-768x432.jpg 768w, https:\/\/alianzanacional.com.uy\/web\/wp-content\/uploads\/2016\/04\/IMG_7469.jpg 1200w\" sizes=\"(max-width: 620px) 100vw, 620px\" \/><\/a><\/p>\n<p>En la jornada de hoy, martes 5 de abril, se instal\u00f3 el Plenario Nacional de Alcaldes. En el mismo participaron los 112 Municipios del pa\u00eds.<\/p>\n<p>En dicha reuni\u00f3n se eligi\u00f3 la mesa de representantes del Plenario, la misma est\u00e1 integrada por 5 alcaldes del Partido Nacional, 3 del Frente Amplio y 1 del Partido Colorado.<\/p>\n<p>Dentro de los cinco representantes nacionalistas, 3 son del sector Alianza Nacional, liderado por Jorge Larra\u00f1aga. Mar\u00eda de Lima, alcaldesa de Nueva Helvecia, Lourdes Suarez, alcaldesa de Guich\u00f3n y Miguel Plada, alcalde de Pan de Az\u00facar.<\/p>\n<p>La alcaldesa Mar\u00eda de Lima fue electa para presidir dicho Plenario.<\/p>\n<p>Consultada sobre el nuevo rol que deber\u00e1 ejercer, De lima expres\u00f3: \u201cLo principal es fortalecer el di\u00e1logo entre los tres niveles de gobierno para as\u00ed llegar a lograr una base de igualdad a la hora de distribuir los recursos entre los Municipios del pa\u00eds, y trabajar intensamente con los Intendentes para obtener equidad en el trato\u201d.<\/p>\n<p>Indic\u00f3 que es una gran responsabilidad la que le toca asumir y destac\u00f3 que \u201ceste es un gran  logro de Alianza Nacional, y se llega a \u00e9l fruto de los varios encuentros promovidos desde el sector con las diferentes autoridades departamentales, fortaleciendo el di\u00e1logo, el intercambio de experiencias y planes a futuro en los diferentes municipios del pa\u00eds\u201d.<\/p>\n<p>Agreg\u00f3 que \u201cse logr\u00f3 una fuerte unidad entre concejales y alcaldes al momento de trabajar por municipio, defendiendo de ese modo el voto de la gente, que fue quien nos eligi\u00f3 para los diferentes cargos de responsabilidad\u201d<\/p>\n<p>De Lima indic\u00f3 que \u201ctodo este di\u00e1logo hace que hoy Alianza Nacional tenga una fuerte presencia en la mesa del Plenario\u201d.<\/p>\n<p>Culmin\u00f3 indicando que la mesa se comprometi\u00f3 a visitar todas las intendencias para dialogar con sus autoridades y as\u00ed delinear el camino a seguir en estos 5 a\u00f1os\u201d<\/p>\n","protected":false},"excerpt":{"rendered":"<p>En la jornada de hoy, martes 5 de abril, se instal\u00f3 el Plenario Nacional de Alcaldes. En el mismo participaron los 112 Municipios del pa\u00eds. En dicha reuni\u00f3n se eligi\u00f3 la mesa de representantes del Plenario, la misma est\u00e1 integrada por 5 alcaldes del Partido Nacional, 3 del Frente Amplio y 1 del Partido Colorado. [&hellip;]<\/p>\n","protected":false},"author":1,"featured_media":28256,"comment_status":"open","ping_status":"open","sticky":false,"template":"","format":"standard","meta":{"footnotes":""},"categories":[232],"tags":[],"class_list":["post-28254","post","type-post","status-publish","format-standard","has-post-thumbnail","hentry","category-departamentales"],"_links":{"self":[{"href":"https:\/\/alianzanacional.com.uy\/web\/wp-json\/wp\/v2\/posts\/28254","targetHints":{"allow":["GET"]}}],"collection":[{"href":"https:\/\/alianzanacional.com.uy\/web\/wp-json\/wp\/v2\/posts"}],"about":[{"href":"https:\/\/alianzanacional.com.uy\/web\/wp-json\/wp\/v2\/types\/post"}],"author":[{"embeddable":true,"href":"https:\/\/alianzanacional.com.uy\/web\/wp-json\/wp\/v2\/users\/1"}],"replies":[{"embeddable":true,"href":"https:\/\/alianzanacional.com.uy\/web\/wp-json\/wp\/v2\/comments?post=28254"}],"version-history":[{"count":2,"href":"https:\/\/alianzanacional.com.uy\/web\/wp-json\/wp\/v2\/posts\/28254\/revisions"}],"predecessor-version":[{"id":28257,"href":"https:\/\/alianzanacional.com.uy\/web\/wp-json\/wp\/v2\/posts\/28254\/revisions\/28257"}],"wp:featuredmedia":[{"embeddable":true,"href":"https:\/\/alianzanacional.com.uy\/web\/wp-json\/wp\/v2\/media\/28256"}],"wp:attachment":[{"href":"https:\/\/alianzanacional.com.uy\/web\/wp-json\/wp\/v2\/media?parent=28254"}],"wp:term":[{"taxonomy":"category","embeddable":true,"href":"https:\/\/alianzanacional.com.uy\/web\/wp-json\/wp\/v2\/categories?post=28254"},{"taxonomy":"post_tag","embeddable":true,"href":"https:\/\/alianzanacional.com.uy\/web\/wp-json\/wp\/v2\/tags?post=28254"}],"curies":[{"name":"wp","href":"https:\/\/api.w.org\/{rel}","templated":true}]}}