{"id":28261,"date":"2016-04-06T15:52:35","date_gmt":"2016-04-06T18:52:35","guid":{"rendered":"http:\/\/alianzanacional.com.uy\/web\/?p=28261"},"modified":"2016-04-06T15:52:35","modified_gmt":"2016-04-06T18:52:35","slug":"roselli-se-refirio-a-la-situacion-de-ferrylineas-argentina","status":"publish","type":"post","link":"https:\/\/alianzanacional.com.uy\/web\/roselli-se-refirio-a-la-situacion-de-ferrylineas-argentina\/","title":{"rendered":"Roselli se refiri\u00f3 a la situaci\u00f3n de Ferrylineas Argentina"},"content":{"rendered":"<p><a href=\"https:\/\/alianzanacional.com.uy\/web\/wp-content\/uploads\/2015\/07\/MHP-Diputado-Roselli-.jpg\" rel=\"attachment wp-att-26139\"><img fetchpriority=\"high\" decoding=\"async\" src=\"https:\/\/alianzanacional.com.uy\/web\/wp-content\/uploads\/2015\/07\/MHP-Diputado-Roselli--700x465.jpg\" alt=\"MHP - Diputado Roselli\" width=\"620\" height=\"412\" class=\"alignnone size-large wp-image-26139\" srcset=\"https:\/\/alianzanacional.com.uy\/web\/wp-content\/uploads\/2015\/07\/MHP-Diputado-Roselli--700x465.jpg 700w, https:\/\/alianzanacional.com.uy\/web\/wp-content\/uploads\/2015\/07\/MHP-Diputado-Roselli--400x266.jpg 400w, https:\/\/alianzanacional.com.uy\/web\/wp-content\/uploads\/2015\/07\/MHP-Diputado-Roselli-.jpg 1920w\" sizes=\"(max-width: 620px) 100vw, 620px\" \/><\/a><\/p>\n<p>En la jornada de ayer, el diputado por Colonia, Edmundo Roselli, hizo uso de la palabra en la c\u00e1mara de Representantes para referirse a la situaci\u00f3n que atraviesa la agencia mar\u00edtima de transporte Ferrylineas Argentina, la cual se dedica a llevar camiones a Buenos Aires<\/p>\n<p>Roselli indic\u00f3 que dicha empresa lleva alrededor de veintid\u00f3s camiones; \u201cva con veintid\u00f3s camiones y regresa con veintid\u00f3s camiones\u201d. Expres\u00f3 que en la misma de forma directa e indirectamente, trabajan doscientas personas.<\/p>\n<p>El diputado nacionalista hizo expresa su preocupaci\u00f3n frente a que a esta empresa le lleg\u00f3 una carta de cese de actividades, fechada en Buenos Aires el 14 de marzo de 2016. La misma, escueta, indica \u201cla cancelaci\u00f3n de toda la<br \/>\noperativa del mencionado buque, a partir del arribo al puerto de Colonia, del d\u00eda viernes 18\/03\/2016\u201d.<\/p>\n<p>Roselli indic\u00f3 que d\u00edas atr\u00e1s se reuni\u00f3 con las autoridades de dicha empresa por esta situaci\u00f3n.<\/p>\n<p>El legislador manifest\u00f3 que \u201cesto ha preocupado much\u00edsimo a Colonia, ya que quedar\u00eda de lado el negocio de los camiones de Ferrylineas, desde Colonia a Buenos Aires y desde Buenos Aires a Colonia. Los armadores y empresarios est\u00e1n preocupados, debido a que pasaron la peor crisis, cuando Argentina no compraba y no hab\u00eda negocios con Uruguay. Todos sabemos lo que pasaba: ten\u00edamos los puentes cerrados. <\/p>\n<p>Ellos sufrieron esa d\u00e9cada en la que no hab\u00eda intercambio comercial. Precisamente ahora, que est\u00e1n los puertos abiertos y se vislumbra un posible negocio comercial con el hermano pa\u00eds, sucede que a Ferrylineas se le cort\u00f3 la operativa\u201d.<\/p>\n<p>Culmin\u00f3 sus palabras subrayando que \u201cColonia est\u00e1 desmotivada, angustiada y preocupada por lo que pasa\u201d.<\/p>\n","protected":false},"excerpt":{"rendered":"<p>En la jornada de ayer, el diputado por Colonia, Edmundo Roselli, hizo uso de la palabra en la c\u00e1mara de Representantes para referirse a la situaci\u00f3n que atraviesa la agencia mar\u00edtima de transporte Ferrylineas Argentina, la cual se dedica a llevar camiones a Buenos Aires Roselli indic\u00f3 que dicha empresa lleva alrededor de veintid\u00f3s camiones; [&hellip;]<\/p>\n","protected":false},"author":1,"featured_media":27096,"comment_status":"open","ping_status":"open","sticky":false,"template":"","format":"standard","meta":{"footnotes":""},"categories":[232],"tags":[],"class_list":["post-28261","post","type-post","status-publish","format-standard","has-post-thumbnail","hentry","category-departamentales"],"_links":{"self":[{"href":"https:\/\/alianzanacional.com.uy\/web\/wp-json\/wp\/v2\/posts\/28261","targetHints":{"allow":["GET"]}}],"collection":[{"href":"https:\/\/alianzanacional.com.uy\/web\/wp-json\/wp\/v2\/posts"}],"about":[{"href":"https:\/\/alianzanacional.com.uy\/web\/wp-json\/wp\/v2\/types\/post"}],"author":[{"embeddable":true,"href":"https:\/\/alianzanacional.com.uy\/web\/wp-json\/wp\/v2\/users\/1"}],"replies":[{"embeddable":true,"href":"https:\/\/alianzanacional.com.uy\/web\/wp-json\/wp\/v2\/comments?post=28261"}],"version-history":[{"count":1,"href":"https:\/\/alianzanacional.com.uy\/web\/wp-json\/wp\/v2\/posts\/28261\/revisions"}],"predecessor-version":[{"id":28262,"href":"https:\/\/alianzanacional.com.uy\/web\/wp-json\/wp\/v2\/posts\/28261\/revisions\/28262"}],"wp:featuredmedia":[{"embeddable":true,"href":"https:\/\/alianzanacional.com.uy\/web\/wp-json\/wp\/v2\/media\/27096"}],"wp:attachment":[{"href":"https:\/\/alianzanacional.com.uy\/web\/wp-json\/wp\/v2\/media?parent=28261"}],"wp:term":[{"taxonomy":"category","embeddable":true,"href":"https:\/\/alianzanacional.com.uy\/web\/wp-json\/wp\/v2\/categories?post=28261"},{"taxonomy":"post_tag","embeddable":true,"href":"https:\/\/alianzanacional.com.uy\/web\/wp-json\/wp\/v2\/tags?post=28261"}],"curies":[{"name":"wp","href":"https:\/\/api.w.org\/{rel}","templated":true}]}}