{"id":28263,"date":"2016-04-06T15:33:39","date_gmt":"2016-04-06T18:33:39","guid":{"rendered":"http:\/\/alianzanacional.com.uy\/web\/?p=28263"},"modified":"2016-04-06T15:55:55","modified_gmt":"2016-04-06T18:55:55","slug":"barrios-bove-recargar-la-tarjeta-stm-tiene-que-ser-tan-facil-como-recargar-el-celular","status":"publish","type":"post","link":"https:\/\/alianzanacional.com.uy\/web\/barrios-bove-recargar-la-tarjeta-stm-tiene-que-ser-tan-facil-como-recargar-el-celular\/","title":{"rendered":"Barrios Bove: \u00abRecargar la tarjeta STM tiene que ser tan f\u00e1cil como recargar el celular\u00bb"},"content":{"rendered":"<p><a href=\"https:\/\/alianzanacional.com.uy\/web\/wp-content\/uploads\/2015\/07\/DSC00476.jpg\" rel=\"attachment wp-att-26319\"><img fetchpriority=\"high\" decoding=\"async\" src=\"https:\/\/alianzanacional.com.uy\/web\/wp-content\/uploads\/2015\/07\/DSC00476-700x394.jpg\" alt=\"DSC00476\" width=\"620\" height=\"349\" class=\"alignnone size-large wp-image-26319\" srcset=\"https:\/\/alianzanacional.com.uy\/web\/wp-content\/uploads\/2015\/07\/DSC00476-700x394.jpg 700w, https:\/\/alianzanacional.com.uy\/web\/wp-content\/uploads\/2015\/07\/DSC00476-400x225.jpg 400w, https:\/\/alianzanacional.com.uy\/web\/wp-content\/uploads\/2015\/07\/DSC00476-212x120.jpg 212w\" sizes=\"(max-width: 620px) 100vw, 620px\" \/><\/a><\/p>\n<p>Con respecto a la decisi\u00f3n de las autoridades nacionales de sacar de circulaci\u00f3n el dinero de los taxis y de las estaciones de servicio, el Edil Javier Barrios Bove no cree que esta sea la soluci\u00f3n para \u201cel grave problema de inseguridad que atraviesa nuestra la sociedad.\u201d<\/p>\n<p>\u201cPara combatir la delincuencia hay que ser m\u00e1s efectivos en la aprensi\u00f3n y en el juzgamiento. Si las cosas no cambian, sacar el dinero del transporte y las estaciones de servicio, indefectiblemente va a conducir a que el delito se traslade a otros comercios, y lo sufran otros grupos de trabajadores\u201d, opin\u00f3.<\/p>\n<p>Consultado sobre la reuni\u00f3n que se realiz\u00f3 en el Ministerio de Econom\u00eda y Finanzas, de la cual surge esta propuesta, Barrios dijo que \u201ceste es otro ejemplo de descoordinaci\u00f3n entre el gobierno nacional y el departamental, ambos del Frente Amplio, teniendo en cuenta que hace menos de un mes se instal\u00f3 a nivel departamental un grupo de trabajo vinculado al tema taxi, con todas las partes: Intendencia, Patronal, Sindicato y Junta Departamental; que, entre otros aspectos vinculados al sector, ten\u00eda la eliminaci\u00f3n del efectivo. Creo que la tr\u00e1gica muerte de los dos trabajadores d\u00edas atr\u00e1s apresur\u00f3 todos los tiempos.\u201d<\/p>\n<p>\u201cEl grave problema de la tarjeta STM radica en la recarga\u201d<\/p>\n<p>El edil nacionalista entiende \u201cque incluir la tarjeta STM en el abanico de posibilidades para el pago de los viajes en taxi es un muy buena decisi\u00f3n, ya que de cierto modo unifica la forma de pagar en el transporte p\u00fablico de Montevideo. Tengamos presente que, seg\u00fan cifras difundidas, ya hay emitidas m\u00e1s de 1,2 millones de estas tarjetas.\u201d<\/p>\n<p>Pero este sistema de tarjetas seg\u00fan Barrios es ineficiente. \u201cEl grave problema de la tarjeta STM  radica en  la recarga, en la actualidad existen menos de 40 locales donde se puede realizar la misma. Esperemos que con esta iniciativa del Ministerio de Econom\u00eda y Finanzas, y los plazos establecidos, las autoridades municipales cierren de una vez por todas las negociaciones que llevan m\u00e1s de 4 a\u00f1os, y que posibilite la recarga de la STM en cualquier quiosco, red de cobranza, supermercados, de forma similar a lo que ocurre con la recarga de los celulares\u201d, manifest\u00f3 el Edil Javier Barrios Bove.<\/p>\n","protected":false},"excerpt":{"rendered":"<p>Con respecto a la decisi\u00f3n de las autoridades nacionales de sacar de circulaci\u00f3n el dinero de los taxis y de las estaciones de servicio, el Edil Javier Barrios Bove no cree que esta sea la soluci\u00f3n para \u201cel grave problema de inseguridad que atraviesa nuestra la sociedad.\u201d \u201cPara combatir la delincuencia hay que ser m\u00e1s [&hellip;]<\/p>\n","protected":false},"author":1,"featured_media":26319,"comment_status":"open","ping_status":"open","sticky":false,"template":"","format":"standard","meta":{"footnotes":""},"categories":[232],"tags":[],"class_list":["post-28263","post","type-post","status-publish","format-standard","has-post-thumbnail","hentry","category-departamentales"],"_links":{"self":[{"href":"https:\/\/alianzanacional.com.uy\/web\/wp-json\/wp\/v2\/posts\/28263","targetHints":{"allow":["GET"]}}],"collection":[{"href":"https:\/\/alianzanacional.com.uy\/web\/wp-json\/wp\/v2\/posts"}],"about":[{"href":"https:\/\/alianzanacional.com.uy\/web\/wp-json\/wp\/v2\/types\/post"}],"author":[{"embeddable":true,"href":"https:\/\/alianzanacional.com.uy\/web\/wp-json\/wp\/v2\/users\/1"}],"replies":[{"embeddable":true,"href":"https:\/\/alianzanacional.com.uy\/web\/wp-json\/wp\/v2\/comments?post=28263"}],"version-history":[{"count":1,"href":"https:\/\/alianzanacional.com.uy\/web\/wp-json\/wp\/v2\/posts\/28263\/revisions"}],"predecessor-version":[{"id":28264,"href":"https:\/\/alianzanacional.com.uy\/web\/wp-json\/wp\/v2\/posts\/28263\/revisions\/28264"}],"wp:featuredmedia":[{"embeddable":true,"href":"https:\/\/alianzanacional.com.uy\/web\/wp-json\/wp\/v2\/media\/26319"}],"wp:attachment":[{"href":"https:\/\/alianzanacional.com.uy\/web\/wp-json\/wp\/v2\/media?parent=28263"}],"wp:term":[{"taxonomy":"category","embeddable":true,"href":"https:\/\/alianzanacional.com.uy\/web\/wp-json\/wp\/v2\/categories?post=28263"},{"taxonomy":"post_tag","embeddable":true,"href":"https:\/\/alianzanacional.com.uy\/web\/wp-json\/wp\/v2\/tags?post=28263"}],"curies":[{"name":"wp","href":"https:\/\/api.w.org\/{rel}","templated":true}]}}