{"id":28273,"date":"2016-04-08T13:11:05","date_gmt":"2016-04-08T16:11:05","guid":{"rendered":"http:\/\/alianzanacional.com.uy\/web\/?p=28273"},"modified":"2016-04-08T13:11:42","modified_gmt":"2016-04-08T16:11:42","slug":"yala-manifesto-preocupacion-por-el-avance-de-la-reconstruccion-de-la-ruta-30","status":"publish","type":"post","link":"https:\/\/alianzanacional.com.uy\/web\/yala-manifesto-preocupacion-por-el-avance-de-la-reconstruccion-de-la-ruta-30\/","title":{"rendered":"Ayala manifest\u00f3 preocupaci\u00f3n por el avance de la reconstrucci\u00f3n de la Ruta 30"},"content":{"rendered":"<p><a href=\"https:\/\/alianzanacional.com.uy\/web\/wp-content\/uploads\/2015\/10\/15.02.15-Dip.-M.-Ayala.jpg-3.jpg\" rel=\"attachment wp-att-27592\"><img fetchpriority=\"high\" decoding=\"async\" src=\"https:\/\/alianzanacional.com.uy\/web\/wp-content\/uploads\/2015\/10\/15.02.15-Dip.-M.-Ayala.jpg-3-700x466.jpg\" alt=\"\" width=\"620\" height=\"413\" class=\"alignnone size-large wp-image-27592\" srcset=\"https:\/\/alianzanacional.com.uy\/web\/wp-content\/uploads\/2015\/10\/15.02.15-Dip.-M.-Ayala.jpg-3-700x466.jpg 700w, https:\/\/alianzanacional.com.uy\/web\/wp-content\/uploads\/2015\/10\/15.02.15-Dip.-M.-Ayala.jpg-3-400x267.jpg 400w, https:\/\/alianzanacional.com.uy\/web\/wp-content\/uploads\/2015\/10\/15.02.15-Dip.-M.-Ayala.jpg-3.jpg 1280w\" sizes=\"(max-width: 620px) 100vw, 620px\" \/><\/a><\/p>\n<p>El diputado Mario Ayala manifest\u00f3 su preocupaci\u00f3n por el avance de la reconstrucci\u00f3n de la Ruta 30, en el tramo Masoller-Ruta 5, siendo \u00e9sta la \u00fanica parte de la ruta cuya recuperaci\u00f3n est\u00e1 en ejecuci\u00f3n, lo que se constata es que \u201cel deterioro le gana al arreglo\u201d, seg\u00fan las palabras del diputado.<\/p>\n<p>Esto lamentablemente, viene a confirmar las dudas que el legislador de Artigas manifest\u00f3 al ministro Rossi, cuando reclam\u00f3 por la excesiva amplitud del plazo para la obra: con sesenta meses para su ejecuci\u00f3n, es razonable esperar que el deterioro supere al arreglo.<\/p>\n<p>En otro orden, asisti\u00f3 a la apertura de la licitaci\u00f3n para el estudio de los puentes sobre los arroyos Cuar\u00f3 y Tres Cruces. La apertura de la licitaci\u00f3n para la reconstrucci\u00f3n de los tramos Catal\u00e1n-Chiflero fue prorrogada hasta el 14 de abril.<\/p>\n<p><strong>Vertederos de Tom\u00e1s Gomensoro y Bella Uni\u00f3n<br \/>\n<\/strong><br \/>\nEl diputado Mario Ayala acompa\u00f1\u00f3 a los alcaldes y concejales de Bella Uni\u00f3n y Gomensoro, en la reuni\u00f3n con autoridades de la DINAMA para analizar la situaci\u00f3n de la deposici\u00f3n de residuos en ambas localidades, explorando posibles alternativas que faciliten el servicio, con el menor impacto ambiental posible.<\/p>\n<p><strong>Greenfrozen<\/strong><\/p>\n<p>En la misma oportunidad, plante\u00f3 la preocupaci\u00f3n por el estado de 380.000 kilos de alimentos que se echaron a perder y se mantienen en las c\u00e1maras de la planta.<\/p>\n<p><strong>\u00c1gatas y Amatistas<br \/>\n<\/strong><br \/>\nEn respuesta al planteo al Consejo de Ministros realizado por el diputado Ayala, el Poder Ejecutivo estatuy\u00f3 el Consejo Sectorial de \u00c1gatas y Amatistas. Este \u00f3rgano creado por la Res. 66\/016 del Presidente de la Rep\u00fablica en acuerdo con los ministros de Industria, Energ\u00eda y Miner\u00eda, de Econom\u00eda y Finanzas, de Trabajo y Seguridad Social y de Vivienda, Ordenamiento Territorial y Medio Ambiente, tiene como prop\u00f3sito contribuir a:<\/p>\n<p>1. el dise\u00f1o, desarrollo e implementaci\u00f3n de pol\u00edticas sectoriales, definidas por el PE;<br \/>\n2. la supervisi\u00f3n y evaluaci\u00f3n del desarrollo de dichas pol\u00edticas;<br \/>\n3. el ajuste o redise\u00f1o de las pol\u00edticas y la adecuaci\u00f3n de las herramientas correspondientes en funci\u00f3n de la evoluci\u00f3n del sector;<br \/>\n4. la identificaci\u00f3n de restricciones e imperfecciones del mercado, as\u00ed como necesidades del desarrollo productivo que se presentan coyunturalmente, para la propuesta de medidas paliativas que permitan preservar los objetivos de mediano y largo plazo.<\/p>\n<p><strong>Pol\u00edticas de Frontera<br \/>\n<\/strong><br \/>\nEl diputado Ayala ha expresado su preocupaci\u00f3n por la lentitud en los avances del comit\u00e9 creado para entender en asuntos de la frontera. Llevar\u00e1 este asunto al ministro de Relaciones Exteriores la semana pr\u00f3xima, cuando el canciller de la Rep\u00fablica retorne al Pa\u00eds.<\/p>\n","protected":false},"excerpt":{"rendered":"<p>El diputado Mario Ayala manifest\u00f3 su preocupaci\u00f3n por el avance de la reconstrucci\u00f3n de la Ruta 30, en el tramo Masoller-Ruta 5, siendo \u00e9sta la \u00fanica parte de la ruta cuya recuperaci\u00f3n est\u00e1 en ejecuci\u00f3n, lo que se constata es que \u201cel deterioro le gana al arreglo\u201d, seg\u00fan las palabras del diputado. Esto lamentablemente, viene [&hellip;]<\/p>\n","protected":false},"author":1,"featured_media":27592,"comment_status":"open","ping_status":"open","sticky":false,"template":"","format":"standard","meta":{"footnotes":""},"categories":[232],"tags":[],"class_list":["post-28273","post","type-post","status-publish","format-standard","has-post-thumbnail","hentry","category-departamentales"],"_links":{"self":[{"href":"https:\/\/alianzanacional.com.uy\/web\/wp-json\/wp\/v2\/posts\/28273","targetHints":{"allow":["GET"]}}],"collection":[{"href":"https:\/\/alianzanacional.com.uy\/web\/wp-json\/wp\/v2\/posts"}],"about":[{"href":"https:\/\/alianzanacional.com.uy\/web\/wp-json\/wp\/v2\/types\/post"}],"author":[{"embeddable":true,"href":"https:\/\/alianzanacional.com.uy\/web\/wp-json\/wp\/v2\/users\/1"}],"replies":[{"embeddable":true,"href":"https:\/\/alianzanacional.com.uy\/web\/wp-json\/wp\/v2\/comments?post=28273"}],"version-history":[{"count":2,"href":"https:\/\/alianzanacional.com.uy\/web\/wp-json\/wp\/v2\/posts\/28273\/revisions"}],"predecessor-version":[{"id":28276,"href":"https:\/\/alianzanacional.com.uy\/web\/wp-json\/wp\/v2\/posts\/28273\/revisions\/28276"}],"wp:featuredmedia":[{"embeddable":true,"href":"https:\/\/alianzanacional.com.uy\/web\/wp-json\/wp\/v2\/media\/27592"}],"wp:attachment":[{"href":"https:\/\/alianzanacional.com.uy\/web\/wp-json\/wp\/v2\/media?parent=28273"}],"wp:term":[{"taxonomy":"category","embeddable":true,"href":"https:\/\/alianzanacional.com.uy\/web\/wp-json\/wp\/v2\/categories?post=28273"},{"taxonomy":"post_tag","embeddable":true,"href":"https:\/\/alianzanacional.com.uy\/web\/wp-json\/wp\/v2\/tags?post=28273"}],"curies":[{"name":"wp","href":"https:\/\/api.w.org\/{rel}","templated":true}]}}