{"id":28277,"date":"2016-04-08T11:11:47","date_gmt":"2016-04-08T14:11:47","guid":{"rendered":"http:\/\/alianzanacional.com.uy\/web\/?p=28277"},"modified":"2016-04-08T11:36:33","modified_gmt":"2016-04-08T14:36:33","slug":"olivera-promovio-planteos-concretos-para-diferentes-localidades-de-paysandu","status":"publish","type":"post","link":"https:\/\/alianzanacional.com.uy\/web\/olivera-promovio-planteos-concretos-para-diferentes-localidades-de-paysandu\/","title":{"rendered":"Olivera promovi\u00f3 planteos concretos para diferentes localidades de Paysand\u00fa."},"content":{"rendered":"<p><a href=\"https:\/\/alianzanacional.com.uy\/web\/wp-content\/uploads\/2016\/03\/olivera.jpg\" rel=\"attachment wp-att-28231\"><img fetchpriority=\"high\" decoding=\"async\" src=\"https:\/\/alianzanacional.com.uy\/web\/wp-content\/uploads\/2016\/03\/olivera-700x394.jpg\" alt=\"olivera\" width=\"620\" height=\"349\" class=\"alignnone size-large wp-image-28231\" srcset=\"https:\/\/alianzanacional.com.uy\/web\/wp-content\/uploads\/2016\/03\/olivera-700x394.jpg 700w, https:\/\/alianzanacional.com.uy\/web\/wp-content\/uploads\/2016\/03\/olivera-400x225.jpg 400w, https:\/\/alianzanacional.com.uy\/web\/wp-content\/uploads\/2016\/03\/olivera-768x432.jpg 768w, https:\/\/alianzanacional.com.uy\/web\/wp-content\/uploads\/2016\/03\/olivera.jpg 1154w\" sizes=\"(max-width: 620px) 100vw, 620px\" \/><\/a><\/p>\n<p>En la presente semana el Diputado Dr. Nicol\u00e1s Olivera promovi\u00f3 una serie de planteos concretos respecto de situaciones vinculadas a diferentes localidades del Departamento de Paysand\u00fa.<\/p>\n<p>En la presente semana, el Diputado Dr. Nicol\u00e1s Olivera promovi\u00f3 por intermedio de la C\u00e1mara de Representantes diversos planteos concretos sobre temas relativos a los Municipios de Lorenzo Geyres, Guich\u00f3n y Piedras Coloradas; as\u00ed como de la propia ciudad de Paysand\u00fa.<\/p>\n<p>Las propuestas formuladas partieron a ra\u00edz de las diferentes instancias de reuniones, visitas y contactos realizados por el Diputado Aliancista en la propia ciudad de Paysand\u00fa como en las diferentes recorridas realizadas a localidades del interior del Departamento, en particular en las centros poblados que forman parte de la jurisdicci\u00f3n del Municipio de Lorenzo Geyres, Piedras Coloradas y Guich\u00f3n<br \/>\nEn este sentido se promovieron diferentes exposiciones escritas dirigidas a las autoridades nacionales y departamentales a fin de poder dar soluci\u00f3n definitiva a los diferentes problemas y situaciones presentadas. <\/p>\n<p><strong>Municipio de Lorenzo Geyres<br \/>\n<\/strong><br \/>\n&#8211; Se promovi\u00f3 solicitud dirigida a MEVIR y OSE en relaci\u00f3n a las carencias vinculadas a la falta de conexi\u00f3n del saneamiento del Barrio IC 42 de la localidad de Lorenzo Geyres, reafirmando la necesidad de concretar dicha obra ante los riesgos que el estado actual supone para el medio ambiente y la salubridad de los vecinos.<br \/>\n&#8211; Planteo relativo a la falta de mantenimiento peri\u00f3dico de los pozos ciegos de las 32 Viviendas de MEVIR en la localidad de Constancia, solicitando a MEVIR y OSE la adopci\u00f3n de medidas en este sentido, resaltando asimismo los problemas medio ambientales y de salubridad que la situaci\u00f3n supone.<br \/>\n&#8211; Exposici\u00f3n sobre la situaci\u00f3n del sistema colectivo de saneamiento por efluente decantado de los Planes de MEVIR en las localidades de Constancia, Queguayar y Lorenzo Geyres, solicitando a las autoridades respectivas el inmediato mantenimiento y limpieza de las cuatro piletas de tratamiento existentes.<\/p>\n<p><strong>Municipio de Guich\u00f3n<br \/>\n<\/strong><br \/>\nPuente \u00abPaso los Molles\u00bb o tambi\u00e9n conocido como el \u00abPuente de Tablas\u00bb: Se recogi\u00f3 un hist\u00f3rico pedido de re acondicionamiento y adecuaci\u00f3n de la mencionada obra vial, poniendo de manifiesto el grave estado estructural del mismo y solicitando al MTOP la articulaci\u00f3n de los medidas necesarias al efecto, con el fin de que el mismo sea funcional a las necesidades de la zona, resaltando en particular la problem\u00e1tica que esta  situaci\u00f3n supone para la salida de la producci\u00f3n agropecuaria.<br \/>\nEn la exposici\u00f3n cursada se hizo referencia a los antecedes obrantes al respecto, resaltando las diferentes gestiones que en su oportunidad emanaron del legislativo departamental.<\/p>\n<p><strong>Ciudad de Paysand\u00fa &#8211; \u00abBarrio China Mar\u00eda\u00bb<br \/>\n<\/strong><br \/>\nAl respecto y a partir del planteo realizado por los vecinos de la zona, se curs\u00f3 una solicitud dirigida a OSE a fin de que se articulen los mecanismos para viabilizar a la brevedad la construcci\u00f3n de un nuevo ramal de conexi\u00f3n al saneamiento, minimizando los costos para los usuarios y recurriendo a la complementariedad con el ejecutivo departamental.<br \/>\nEsta situaci\u00f3n afecta a m\u00e1s de 22 familias, que en forma permanente han reclamado una soluci\u00f3n definitiva a este problema.<\/p>\n<p>Se adjuntan las exposiciones escritas presentadas<\/p>\n<p><a href=\"https:\/\/alianzanacional.com.uy\/web\/wp-content\/uploads\/2016\/04\/Exposici\u00f3n-Escrita-Mevir-Constancia-05042016.pdf\"rel=\"\">Exposici\u00f3n Escrita Mevir Constancia 05042016<\/a><\/p>\n<p><a href=\"https:\/\/alianzanacional.com.uy\/web\/wp-content\/uploads\/2016\/04\/Exposici\u00f3n-Puente-Tablas-06042016.pdf\"rel=\"\">Exposici\u00f3n Puente Tablas 06042016<\/a><\/p>\n<p><a href=\"https:\/\/alianzanacional.com.uy\/web\/wp-content\/uploads\/2016\/04\/Exposici\u00f3n-Escrita-OSE-China-Mar\u00eda-06042016.pdf\"rel=\"\">Exposici\u00f3n Escrita OSE  China Mar\u00eda 06042016<\/a><\/p>\n<p><a href=\"https:\/\/alianzanacional.com.uy\/web\/wp-content\/uploads\/2016\/04\/Exposici\u00f3n-Escrita-OSE-Lorenzo-Geyres-conexi\u00f3n-OSE-06042016.pdf\"rel=\"\">Exposici\u00f3n Escrita OSE Lorenzo Geyres conexi\u00f3n OSE 06042016<\/a><\/p>\n<p><a href=\"https:\/\/alianzanacional.com.uy\/web\/wp-content\/uploads\/2016\/04\/Exposici\u00f3n-Escrita-OSE-Lorenzo-Geyres-05042016.pdf\"rel=\"\">Exposici\u00f3n Escrita OSE Lorenzo Geyres 05042016<\/a><\/p>\n","protected":false},"excerpt":{"rendered":"<p>En la presente semana el Diputado Dr. Nicol\u00e1s Olivera promovi\u00f3 una serie de planteos concretos respecto de situaciones vinculadas a diferentes localidades del Departamento de Paysand\u00fa. En la presente semana, el Diputado Dr. Nicol\u00e1s Olivera promovi\u00f3 por intermedio de la C\u00e1mara de Representantes diversos planteos concretos sobre temas relativos a los Municipios de Lorenzo Geyres, [&hellip;]<\/p>\n","protected":false},"author":1,"featured_media":28231,"comment_status":"open","ping_status":"open","sticky":false,"template":"","format":"standard","meta":{"footnotes":""},"categories":[232],"tags":[],"class_list":["post-28277","post","type-post","status-publish","format-standard","has-post-thumbnail","hentry","category-departamentales"],"_links":{"self":[{"href":"https:\/\/alianzanacional.com.uy\/web\/wp-json\/wp\/v2\/posts\/28277","targetHints":{"allow":["GET"]}}],"collection":[{"href":"https:\/\/alianzanacional.com.uy\/web\/wp-json\/wp\/v2\/posts"}],"about":[{"href":"https:\/\/alianzanacional.com.uy\/web\/wp-json\/wp\/v2\/types\/post"}],"author":[{"embeddable":true,"href":"https:\/\/alianzanacional.com.uy\/web\/wp-json\/wp\/v2\/users\/1"}],"replies":[{"embeddable":true,"href":"https:\/\/alianzanacional.com.uy\/web\/wp-json\/wp\/v2\/comments?post=28277"}],"version-history":[{"count":4,"href":"https:\/\/alianzanacional.com.uy\/web\/wp-json\/wp\/v2\/posts\/28277\/revisions"}],"predecessor-version":[{"id":28286,"href":"https:\/\/alianzanacional.com.uy\/web\/wp-json\/wp\/v2\/posts\/28277\/revisions\/28286"}],"wp:featuredmedia":[{"embeddable":true,"href":"https:\/\/alianzanacional.com.uy\/web\/wp-json\/wp\/v2\/media\/28231"}],"wp:attachment":[{"href":"https:\/\/alianzanacional.com.uy\/web\/wp-json\/wp\/v2\/media?parent=28277"}],"wp:term":[{"taxonomy":"category","embeddable":true,"href":"https:\/\/alianzanacional.com.uy\/web\/wp-json\/wp\/v2\/categories?post=28277"},{"taxonomy":"post_tag","embeddable":true,"href":"https:\/\/alianzanacional.com.uy\/web\/wp-json\/wp\/v2\/tags?post=28277"}],"curies":[{"name":"wp","href":"https:\/\/api.w.org\/{rel}","templated":true}]}}