{"id":28287,"date":"2016-04-08T13:09:22","date_gmt":"2016-04-08T16:09:22","guid":{"rendered":"http:\/\/alianzanacional.com.uy\/web\/?p=28287"},"modified":"2016-04-08T13:12:23","modified_gmt":"2016-04-08T16:12:23","slug":"olivera-se-reunio-con-el-dr-fernando-saralegui-por-continuidad-de-los-centros-de-atencion-ciudadana-en-paysandu","status":"publish","type":"post","link":"https:\/\/alianzanacional.com.uy\/web\/olivera-se-reunio-con-el-dr-fernando-saralegui-por-continuidad-de-los-centros-de-atencion-ciudadana-en-paysandu\/","title":{"rendered":"Olivera se reuni\u00f3 con el Dr. Fernando Saralegui por continuidad de los Centros de Atenci\u00f3n Ciudadana en Paysand\u00fa"},"content":{"rendered":"<p><a href=\"https:\/\/alianzanacional.com.uy\/web\/wp-content\/uploads\/2016\/04\/12928124_1028637003868897_7366756377259557665_n.jpg\" rel=\"attachment wp-att-28288\"><img fetchpriority=\"high\" decoding=\"async\" src=\"https:\/\/alianzanacional.com.uy\/web\/wp-content\/uploads\/2016\/04\/12928124_1028637003868897_7366756377259557665_n.jpg\" alt=\"12928124_1028637003868897_7366756377259557665_n\" width=\"669\" height=\"376\" class=\"alignnone size-full wp-image-28288\" srcset=\"https:\/\/alianzanacional.com.uy\/web\/wp-content\/uploads\/2016\/04\/12928124_1028637003868897_7366756377259557665_n.jpg 669w, https:\/\/alianzanacional.com.uy\/web\/wp-content\/uploads\/2016\/04\/12928124_1028637003868897_7366756377259557665_n-400x225.jpg 400w\" sizes=\"(max-width: 669px) 100vw, 669px\" \/><\/a><\/p>\n<p>El Diputado Dr. Nicol\u00e1s Olivera se reuni\u00f3 con el Director de la Administraci\u00f3n Nacional de Correos Dr. Fernando Saralegui, ocasi\u00f3n que fue oportuna para analizar una serie de planteos vinculados a diferentes localidades del Departamento de Paysand\u00fa.<\/p>\n<p>El pasado mi\u00e9rcoles 05 de Abril de 2016 se llev\u00f3 cabo la reuni\u00f3n entre el Director de la Administraci\u00f3n Nacional de Correos y el Diputado Dr. Nicol\u00e1s Olivera, ocasi\u00f3n que result\u00f3 propicia para realizar diversos planteos relativos al Departamento de Paysand\u00fa.<\/p>\n<p>En dicha oportunidad, el Diputado Nicol\u00e1s Olivera trasmiti\u00f3 al Director del Correo la necesidad que se ha expresado por muchas localidades del interior del Departamento, respecto de los problemas que deben enfrentar los vecinos al no tener acceso a lugares donde se puedan hacer efectivos los pagos de los servicios p\u00fablicos. Ante dicha situaci\u00f3n el Diputado Nicol\u00e1s Olivera plante\u00f3 la posibilidad de que el Correo, al poseer sucursales y dependencias en casi todas las localidades, se presente como una opci\u00f3n posible para brindar dicho servicio, solicitando en tal sentido que se estudie la viabilidad de la propuesta, como forma de hacer efectiva la verdadera descentralizaci\u00f3n.<\/p>\n<p>Otro de los aspectos analizados estuvo centrado en trasmitirle la preocupaci\u00f3n por la continuidad de los Centros de Atenci\u00f3n Ciudadana (CAC) de las localidades de Villa Tambores, El Eucalipto y Nuevo Paysand\u00fa.  <\/p>\n<p>Tambi\u00e9n fue objeto de la reuni\u00f3n trasmitirle al Dr. Saralegui  la inquietud relativa a los problemas de funcionamiento de la sucursal del Correo en Piedras Coloradas, cuyo local todav\u00eda no se ha concluido. En la ocasi\u00f3n se record\u00f3 que durante el periodo de obra \u2013 en  de forma provisoria &#8211;  el funcionario asignado a dicha sucursal cumpli\u00f3 tareas en la sede del Municipio de Piedras Coloradas, pero desde hace alguna semanas, lamentablemente  dicho funcionario ha dejado de prestar funciones en el Municipio, siendo de urgencia que se regularice la situaci\u00f3n para de esa manera pueda restablecerse el normal funcionamiento del servicio.<\/p>\n<p>Si bien resta muy poco para finalizar la reforma en la sede del servicio postal, el Diputado Dr. Nicol\u00e1s Olivera estim\u00f3 del caso trasmitir dicha situaci\u00f3n por intermedio de una exposici\u00f3n escrita, resaltando la importancia que supone la concreci\u00f3n de la obra, poniendo de manifiesto adem\u00e1s  que\u201cuna vez operativo el nuevo local, se presenta la necesidad de que en el mismo se pueda abonar el pago de las facturas de todos los servicios p\u00fablicos y no s\u00f3lo el de Mevir como hasta el momento. Es una afrenta a la descentralizaci\u00f3n que tanto pregonamos que los habitantes de distintas localidades del interior que cuentan con una sucursal del Correo Uruguayo no puedan pagar los m\u00ednimos y m\u00e1s b\u00e1sicos servicios, debiendo trasladarse muchas veces a la capital departamental, encareciendo injustificadamente el pago. El costo de la descentralizaci\u00f3n lo debe asumir el Estado apelando a fortalecer las capacidades instaladas y dependencias con presencia territorial, como es el caso del Correo.\u201d<\/p>\n<p>A continuaci\u00f3n transcribimos la exposici\u00f3n escrita presentada por el Legislador.<\/p>\n<p>                                                                              Montevideo, 6 de abril de 2016.-<\/p>\n<p>Sr. Presidente de la C\u00e1mara de Representantes<br \/>\nDr. Gerardo Amarilla<br \/>\nPresente.<\/p>\n<p>De nuestra mayor consideraci\u00f3n:<\/p>\n<p>            De conformidad con lo que determina el art\u00edculo 155 del Reglamento de este Cuerpo es que solicitamos a Usted se curse la siguiente exposici\u00f3n escrita  al Ministerio de Industria, Energ\u00eda y Miner\u00eda con destino a la Direcci\u00f3n Nacional de Correo, a la Intendencia Departamental de Paysand\u00fa;  a la Junta Departamental de Paysand\u00fa, a todos los Municipios del Departamento de Paysand\u00fa y a la los medios de prensa nacionales y en particular a los del Departamento de Paysand\u00fa, con el fin de poner en conocimiento de los mismos, la especial situaci\u00f3n vinculada a la Sucursal del Correo de la localidad de Piedras Coloradas del Departamento de Paysand\u00fa y los servicios que la misma presta, urgiendo la culminaci\u00f3n de las obras en dicha sucursal y que una vez habilitado se puedan cobrar todos los servicios p\u00fablicos.<\/p>\n<p>             La localidad de Piedras Coloradas del Departamento de Paysand\u00fa se encuentra ubicada a la margen de la ruta Nro. 90 distando 50 km de la capital departamental. En la actualidad cuenta con m\u00e1s de 1500 habitantes su centro poblado y zona de influencia y a su vez es cabecera del Municipio que lleva su nombre, que nuclea tambi\u00e9n a las localidades de Orgoroso, Pandule y Arroyo Negro.<\/p>\n<p>            En dicha localidad existe una sucursal del Correo Uruguayo que hace un tiempo se encuentra en etapa de refacci\u00f3n. Durante el periodo de obra, de forma provisoria el funcionario asignado a dicha sucursal cumpli\u00f3 tareas en la sede del Municipio.<\/p>\n<p>             Desde hace alguna semanas dicho funcionario ha dejado de prestar funciones en el Municipio, y la obra de la sucursal aun no ha sido concluida, por lo que urge se regularice la situaci\u00f3n para de esa manera pueda restablecerse el normal funcionamiento del servicio. Resta muy poco para finalizar la reforma en la sede del servicio postal, por lo que estimamos que extremando la diligencia pronto se estar\u00eda en condiciones de comenzar a funcionar.<\/p>\n<p>            Corresponde advertir que una vez operativo el nuevo local, se presenta la necesidad de que en el mismo se pueda abonar el pago de las facturas de todos los servicios p\u00fablicos y no s\u00f3lo el de Mevir como hasta el momento. Es una afrenta a la descentralizaci\u00f3n que tanto pregonamos que los habitantes de distintas localidades del interior que cuentan con una sucursal del Correo Uruguayo no puedan pagar los m\u00ednimos y m\u00e1s b\u00e1sicos servicios, debiendo trasladarse muchas veces a la capital departamental, encareciendo injustificadamente el pago. El costo de la descentralizaci\u00f3n lo debe asumir el Estado apelando a fortalecer las capacidades instaladas y dependencias con presencia territorial, como es el caso del Correo.<\/p>\n<p>            En base a lo expresado, solicitamos a las autoridades respectivas, la pronta finalizaci\u00f3n de la obra de la sucursal el Correo Uruguayo en la localidad de Piedras Coloradas Departamento de Paysand\u00fa, y que una vez operativa en la misma se pueda abonar el pago de todos los servicios p\u00fablicos.<\/p>\n<p>            Esperando se acceda a nuestro planteo se despide de Ud. atentamente,<\/p>\n<p>            Diputado. Nicol\u00e1s Olivera.<\/p>\n","protected":false},"excerpt":{"rendered":"<p>El Diputado Dr. Nicol\u00e1s Olivera se reuni\u00f3 con el Director de la Administraci\u00f3n Nacional de Correos Dr. Fernando Saralegui, ocasi\u00f3n que fue oportuna para analizar una serie de planteos vinculados a diferentes localidades del Departamento de Paysand\u00fa. El pasado mi\u00e9rcoles 05 de Abril de 2016 se llev\u00f3 cabo la reuni\u00f3n entre el Director de la [&hellip;]<\/p>\n","protected":false},"author":1,"featured_media":28288,"comment_status":"open","ping_status":"open","sticky":false,"template":"","format":"standard","meta":{"footnotes":""},"categories":[232],"tags":[],"class_list":["post-28287","post","type-post","status-publish","format-standard","has-post-thumbnail","hentry","category-departamentales"],"_links":{"self":[{"href":"https:\/\/alianzanacional.com.uy\/web\/wp-json\/wp\/v2\/posts\/28287","targetHints":{"allow":["GET"]}}],"collection":[{"href":"https:\/\/alianzanacional.com.uy\/web\/wp-json\/wp\/v2\/posts"}],"about":[{"href":"https:\/\/alianzanacional.com.uy\/web\/wp-json\/wp\/v2\/types\/post"}],"author":[{"embeddable":true,"href":"https:\/\/alianzanacional.com.uy\/web\/wp-json\/wp\/v2\/users\/1"}],"replies":[{"embeddable":true,"href":"https:\/\/alianzanacional.com.uy\/web\/wp-json\/wp\/v2\/comments?post=28287"}],"version-history":[{"count":1,"href":"https:\/\/alianzanacional.com.uy\/web\/wp-json\/wp\/v2\/posts\/28287\/revisions"}],"predecessor-version":[{"id":28289,"href":"https:\/\/alianzanacional.com.uy\/web\/wp-json\/wp\/v2\/posts\/28287\/revisions\/28289"}],"wp:featuredmedia":[{"embeddable":true,"href":"https:\/\/alianzanacional.com.uy\/web\/wp-json\/wp\/v2\/media\/28288"}],"wp:attachment":[{"href":"https:\/\/alianzanacional.com.uy\/web\/wp-json\/wp\/v2\/media?parent=28287"}],"wp:term":[{"taxonomy":"category","embeddable":true,"href":"https:\/\/alianzanacional.com.uy\/web\/wp-json\/wp\/v2\/categories?post=28287"},{"taxonomy":"post_tag","embeddable":true,"href":"https:\/\/alianzanacional.com.uy\/web\/wp-json\/wp\/v2\/tags?post=28287"}],"curies":[{"name":"wp","href":"https:\/\/api.w.org\/{rel}","templated":true}]}}