{"id":28292,"date":"2016-04-08T13:07:48","date_gmt":"2016-04-08T16:07:48","guid":{"rendered":"http:\/\/alianzanacional.com.uy\/web\/?p=28292"},"modified":"2016-04-08T13:23:44","modified_gmt":"2016-04-08T16:23:44","slug":"presupuesto-de-montevideo-edil-barrios-informo-en-minoria","status":"publish","type":"post","link":"https:\/\/alianzanacional.com.uy\/web\/presupuesto-de-montevideo-edil-barrios-informo-en-minoria\/","title":{"rendered":"Presupuesto de Montevideo: Edil Barrios inform\u00f3 en minor\u00eda"},"content":{"rendered":"<p><a href=\"https:\/\/alianzanacional.com.uy\/web\/wp-content\/uploads\/2015\/07\/DSC00476.jpg\" rel=\"attachment wp-att-26319\"><img fetchpriority=\"high\" decoding=\"async\" src=\"https:\/\/alianzanacional.com.uy\/web\/wp-content\/uploads\/2015\/07\/DSC00476-700x394.jpg\" alt=\"DSC00476\" width=\"620\" height=\"349\" class=\"alignnone size-large wp-image-26319\" srcset=\"https:\/\/alianzanacional.com.uy\/web\/wp-content\/uploads\/2015\/07\/DSC00476-700x394.jpg 700w, https:\/\/alianzanacional.com.uy\/web\/wp-content\/uploads\/2015\/07\/DSC00476-400x225.jpg 400w, https:\/\/alianzanacional.com.uy\/web\/wp-content\/uploads\/2015\/07\/DSC00476-212x120.jpg 212w\" sizes=\"(max-width: 620px) 100vw, 620px\" \/><\/a><\/p>\n<p>En estas horas se discute en la Junta Departamental de Montevideo, el Presupuesto Departamental. El Edil Javier Barrios Bove ha sido uno de los miembros informantes en minor\u00eda.<\/p>\n<p>En su exposici\u00f3n, Barrios comenz\u00f3 diciendo que \u201cesta administraci\u00f3n ha planteado, como una de las virtudes de este Presupuesto, que buscaba equilibrar los n\u00fameros de la Intendencia y evitar el d\u00e9ficit. Esta afirmaci\u00f3n, es solo una expresi\u00f3n de deseos.\u201d<\/p>\n<p>Record\u00f3 \u201cque los presupuestos de anteriores administraciones, \u00fanicamente generaron d\u00e9ficit, endeudamiento y le dejaron al Intendente Mart\u00ednez una Intendencia en rojo total.\u201d Esto llev\u00f3 a que \u201cen este presupuesto tuvieran que engrosar los ingresos proyectados, incluyendo como recursos, aportes de financiamiento externo que a\u00fan no han sido aprobados por la Junta Departamental, como las restantes etapas del Fondo Capital y del Pr\u00e9stamo BID para el Centro de Gesti\u00f3n de Movilidad. Se est\u00e1 vendiendo la piel del oso, antes de cazarlo\u201d, enfatiz\u00f3.<\/p>\n<p>\u201cLa inclusi\u00f3n de todo el Fondo, no solo aumenta los recursos, sino que  tambi\u00e9n incide y modifica el porcentaje que se va a destinar a Inversiones, impactando de esa forma en el porcentaje de otros rubros como retribuciones personales o gastos de funcionamiento. Va a impactar en el monto global de los egresos proyectados.\u201d<\/p>\n<p><strong>La IM esconde informaci\u00f3n a la Junta<br \/>\n<\/strong><br \/>\nBarrios agreg\u00f3, adem\u00e1s, que \u201ceste Presupuesto se realiza en base a proyecciones de crecimiento del pa\u00eds que hoy ya no tenemos, y como ocurri\u00f3 en el Presupuesto Nacional, se parte de premisas de crecimiento ut\u00f3picas y, por ende, que llevan a n\u00fameros irreales. Tan irreales son algunos de esos n\u00fameros, que se nos ocultan. Cuando solicitamos informaci\u00f3n a la IM del Flujo de Fondos para 2016, se nos niega diciendo que esa informaci\u00f3n no se brinda por ser una herramienta de trabajo interna. Nuevamente se le esconde informaci\u00f3n a esta Junta. Las dudas de c\u00f3mo se gasta el dinero de los contribuyentes persiste.\u201d<\/p>\n<p>\u201cPretender o presuponer hoy que la recaudaci\u00f3n va a crecer un 1% anual en moneda constante, con el enlentecimiento de la econom\u00eda nacional, eso ya ni se atreven a pronosticarlo los m\u00e1s optimistas del equipo econ\u00f3mico nacional; por eso decimos que son n\u00fameros ut\u00f3picos. Este, como los anteriores presupuestos, ser\u00e1 deficitario\u201d, recalc\u00f3.<\/p>\n<p>Atento a esto, el legislador departamental explic\u00f3 que en 2016 \u201cya tenemos un d\u00e9ficit de 56 millones pesos, se diga lo que se diga y se pretenda maquillar.\u201d<\/p>\n<p><strong>No hay proyecci\u00f3n de inversi\u00f3n en grandes obras<br \/>\n<\/strong><br \/>\n\u201cNo viene en este presupuesto, como lo esper\u00e1bamos, la proyecci\u00f3n de inversi\u00f3n en grandes obras, como podr\u00eda ser la transformaci\u00f3n de Avda. Italia; el ensanche de Luis Alberto de Herrera o alguna otra arteria de nuestra ciudad que ayude a viabilizar una mayor movilidad. Un d\u00e9ficit que tiene nuestra ciudad y que se agrava a\u00f1o a a\u00f1o\u201d, manifest\u00f3 el edil en sala.<\/p>\n<p>\u201cCon esta nueva administraci\u00f3n esper\u00e1bamos un Montevideo m\u00e1s inclusivo, m\u00e1s justo, con una ciudad con sus problemas b\u00e1sicos y centrales resueltos, como son la limpieza, el transporte y la movilidad urbana.\u201d<\/p>\n<p>Barrios enfatiz\u00f3 en que este Presupuesto \u201ces m\u00e1s de lo mismo, que no rompe el corset de las estructuras del gasto. Este presupuesto no innova, ni modifica los modelos de gesti\u00f3n. Por ende Montevideo va a seguir padeciendo los mismos problemas de los \u00faltimos 25 a\u00f1os. Esta realidad nos obligan a votar en contra de este presupuesto\u201d, indic\u00f3.<\/p>\n","protected":false},"excerpt":{"rendered":"<p>En estas horas se discute en la Junta Departamental de Montevideo, el Presupuesto Departamental. El Edil Javier Barrios Bove ha sido uno de los miembros informantes en minor\u00eda. En su exposici\u00f3n, Barrios comenz\u00f3 diciendo que \u201cesta administraci\u00f3n ha planteado, como una de las virtudes de este Presupuesto, que buscaba equilibrar los n\u00fameros de la Intendencia [&hellip;]<\/p>\n","protected":false},"author":1,"featured_media":26319,"comment_status":"open","ping_status":"open","sticky":false,"template":"","format":"standard","meta":{"footnotes":""},"categories":[232],"tags":[],"class_list":["post-28292","post","type-post","status-publish","format-standard","has-post-thumbnail","hentry","category-departamentales"],"_links":{"self":[{"href":"https:\/\/alianzanacional.com.uy\/web\/wp-json\/wp\/v2\/posts\/28292","targetHints":{"allow":["GET"]}}],"collection":[{"href":"https:\/\/alianzanacional.com.uy\/web\/wp-json\/wp\/v2\/posts"}],"about":[{"href":"https:\/\/alianzanacional.com.uy\/web\/wp-json\/wp\/v2\/types\/post"}],"author":[{"embeddable":true,"href":"https:\/\/alianzanacional.com.uy\/web\/wp-json\/wp\/v2\/users\/1"}],"replies":[{"embeddable":true,"href":"https:\/\/alianzanacional.com.uy\/web\/wp-json\/wp\/v2\/comments?post=28292"}],"version-history":[{"count":1,"href":"https:\/\/alianzanacional.com.uy\/web\/wp-json\/wp\/v2\/posts\/28292\/revisions"}],"predecessor-version":[{"id":28293,"href":"https:\/\/alianzanacional.com.uy\/web\/wp-json\/wp\/v2\/posts\/28292\/revisions\/28293"}],"wp:featuredmedia":[{"embeddable":true,"href":"https:\/\/alianzanacional.com.uy\/web\/wp-json\/wp\/v2\/media\/26319"}],"wp:attachment":[{"href":"https:\/\/alianzanacional.com.uy\/web\/wp-json\/wp\/v2\/media?parent=28292"}],"wp:term":[{"taxonomy":"category","embeddable":true,"href":"https:\/\/alianzanacional.com.uy\/web\/wp-json\/wp\/v2\/categories?post=28292"},{"taxonomy":"post_tag","embeddable":true,"href":"https:\/\/alianzanacional.com.uy\/web\/wp-json\/wp\/v2\/tags?post=28292"}],"curies":[{"name":"wp","href":"https:\/\/api.w.org\/{rel}","templated":true}]}}