{"id":28305,"date":"2016-04-12T11:24:20","date_gmt":"2016-04-12T14:24:20","guid":{"rendered":"http:\/\/alianzanacional.com.uy\/web\/?p=28305"},"modified":"2016-04-12T12:26:29","modified_gmt":"2016-04-12T15:26:29","slug":"arrieta-se-entrevista-con-la-directora-general-de-utu-por-situacion-en-maldonado","status":"publish","type":"post","link":"https:\/\/alianzanacional.com.uy\/web\/arrieta-se-entrevista-con-la-directora-general-de-utu-por-situacion-en-maldonado\/","title":{"rendered":"Arrieta se entrevista con la directora general de UTU por situaci\u00f3n en Maldonado"},"content":{"rendered":"<p><a href=\"https:\/\/alianzanacional.com.uy\/web\/wp-content\/uploads\/2015\/08\/17.06.15-.-E.-Arrieta.jpg\" rel=\"attachment wp-att-27341\"><img fetchpriority=\"high\" decoding=\"async\" src=\"https:\/\/alianzanacional.com.uy\/web\/wp-content\/uploads\/2015\/08\/17.06.15-.-E.-Arrieta-700x393.jpg\" alt=\"17.06.15-.-E.-Arrieta\" width=\"620\" height=\"348\" class=\"alignnone size-large wp-image-27341\" srcset=\"https:\/\/alianzanacional.com.uy\/web\/wp-content\/uploads\/2015\/08\/17.06.15-.-E.-Arrieta-700x393.jpg 700w, https:\/\/alianzanacional.com.uy\/web\/wp-content\/uploads\/2015\/08\/17.06.15-.-E.-Arrieta-400x225.jpg 400w, https:\/\/alianzanacional.com.uy\/web\/wp-content\/uploads\/2015\/08\/17.06.15-.-E.-Arrieta.jpg 1107w\" sizes=\"(max-width: 620px) 100vw, 620px\" \/><\/a><\/p>\n<p>Con motivo de las inquietudes planteadas por estudiantes, padres, docentes y funcionarios de UTU &#8211; Maldonado, la Diputada Ing. Elisabeth Arrieta solicit\u00f3 una entrevista con la Directora General de UTU Ing. Nilsa P\u00e9rez.<\/p>\n<p>La entrevista fue concedida para el pr\u00f3ximo jueves 14 de abril, a la hora 11 en oficinas de UTU en Montevideo.<\/p>\n<p>La Diputada Arrieta ha trasladado la invitaci\u00f3n de concurrir a la reuni\u00f3n, a la Comisi\u00f3n de Cultura de la Junta Departamental de Maldonado, al Edil Adolfo Varela que hiciera un planteamiento recientemente, y a todos los Diputados representantes por el Dpto. de Maldonado. <\/p>\n<p>En la oportunidad, se har\u00e1n llegar a las m\u00e1ximas autoridades de UTU a nivel nacional, la problem\u00e1tica y las inquietudes relativas a los cursos en el departamento, as\u00ed como las carencias edilicias, esperando poder generar un \u00e1mbito de trabajo en procura de r\u00e1pidas soluciones.<\/p>\n<p><strong>ANTECEDENTES:<br \/>\n<\/strong><br \/>\nEn el mes de noviembre se realiz\u00f3 una reuni\u00f3n de la Comisi\u00f3n de Cultura de la Junta Departamental de Maldonado, en la cual se convoc\u00f3 a los Diputados por el departamento.<\/p>\n<p>A la misma asisti\u00f3 la Diputada Ing. Elisabeth Arrieta, quien recibi\u00f3 de los Sres.\/as. Ediles la preocupaci\u00f3n y planteos por una serie de temas relativos a los cursos de UTU.<\/p>\n<p>La Diputada Arrieta elev\u00f3 inmediatamente a continuaci\u00f3n las actas con el planteo y pedidos de docentes, padres, y funcionarios, a las autoridades del CODICEN y a la Direcci\u00f3n General de UTU. Se solicit\u00f3 tambi\u00e9n una reuni\u00f3n para tratar estos temas, la cual se concretar\u00e1 el pr\u00f3ximo jueves<\/p>\n","protected":false},"excerpt":{"rendered":"<p>Con motivo de las inquietudes planteadas por estudiantes, padres, docentes y funcionarios de UTU &#8211; Maldonado, la Diputada Ing. Elisabeth Arrieta solicit\u00f3 una entrevista con la Directora General de UTU Ing. Nilsa P\u00e9rez. La entrevista fue concedida para el pr\u00f3ximo jueves 14 de abril, a la hora 11 en oficinas de UTU en Montevideo. La [&hellip;]<\/p>\n","protected":false},"author":1,"featured_media":27341,"comment_status":"open","ping_status":"open","sticky":false,"template":"","format":"standard","meta":{"footnotes":""},"categories":[232],"tags":[],"class_list":["post-28305","post","type-post","status-publish","format-standard","has-post-thumbnail","hentry","category-departamentales"],"_links":{"self":[{"href":"https:\/\/alianzanacional.com.uy\/web\/wp-json\/wp\/v2\/posts\/28305","targetHints":{"allow":["GET"]}}],"collection":[{"href":"https:\/\/alianzanacional.com.uy\/web\/wp-json\/wp\/v2\/posts"}],"about":[{"href":"https:\/\/alianzanacional.com.uy\/web\/wp-json\/wp\/v2\/types\/post"}],"author":[{"embeddable":true,"href":"https:\/\/alianzanacional.com.uy\/web\/wp-json\/wp\/v2\/users\/1"}],"replies":[{"embeddable":true,"href":"https:\/\/alianzanacional.com.uy\/web\/wp-json\/wp\/v2\/comments?post=28305"}],"version-history":[{"count":1,"href":"https:\/\/alianzanacional.com.uy\/web\/wp-json\/wp\/v2\/posts\/28305\/revisions"}],"predecessor-version":[{"id":28306,"href":"https:\/\/alianzanacional.com.uy\/web\/wp-json\/wp\/v2\/posts\/28305\/revisions\/28306"}],"wp:featuredmedia":[{"embeddable":true,"href":"https:\/\/alianzanacional.com.uy\/web\/wp-json\/wp\/v2\/media\/27341"}],"wp:attachment":[{"href":"https:\/\/alianzanacional.com.uy\/web\/wp-json\/wp\/v2\/media?parent=28305"}],"wp:term":[{"taxonomy":"category","embeddable":true,"href":"https:\/\/alianzanacional.com.uy\/web\/wp-json\/wp\/v2\/categories?post=28305"},{"taxonomy":"post_tag","embeddable":true,"href":"https:\/\/alianzanacional.com.uy\/web\/wp-json\/wp\/v2\/tags?post=28305"}],"curies":[{"name":"wp","href":"https:\/\/api.w.org\/{rel}","templated":true}]}}