{"id":28307,"date":"2016-04-12T16:35:53","date_gmt":"2016-04-12T19:35:53","guid":{"rendered":"http:\/\/alianzanacional.com.uy\/web\/?p=28307"},"modified":"2016-04-12T16:35:53","modified_gmt":"2016-04-12T19:35:53","slug":"wilson-aparicio-ezquerra-realizo-pedido-de-informe-por-falta-de-medicos-forenses-en-la-ciudad-de-tacuarembo","status":"publish","type":"post","link":"https:\/\/alianzanacional.com.uy\/web\/wilson-aparicio-ezquerra-realizo-pedido-de-informe-por-falta-de-medicos-forenses-en-la-ciudad-de-tacuarembo\/","title":{"rendered":"Wilson Aparicio Ezquerra realiz\u00f3 pedido de informe por falta de m\u00e9dicos forenses en la ciudad de Tacuaremb\u00f3."},"content":{"rendered":"<p><a href=\"https:\/\/alianzanacional.com.uy\/web\/wp-content\/uploads\/2015\/08\/ezquerra.jpg\" rel=\"attachment wp-att-27397\"><img fetchpriority=\"high\" decoding=\"async\" src=\"https:\/\/alianzanacional.com.uy\/web\/wp-content\/uploads\/2015\/08\/ezquerra.jpg\" alt=\"ezquerra\" width=\"640\" height=\"430\" class=\"alignnone size-full wp-image-27397\" srcset=\"https:\/\/alianzanacional.com.uy\/web\/wp-content\/uploads\/2015\/08\/ezquerra.jpg 640w, https:\/\/alianzanacional.com.uy\/web\/wp-content\/uploads\/2015\/08\/ezquerra-400x269.jpg 400w\" sizes=\"(max-width: 640px) 100vw, 640px\" \/><\/a><br \/>\nEn la jornada de hoy, el Diputado por Tacuaremb\u00f3, Wilson Aparicio Ezquerra presento un pedido de informe dirigido a la Suprema Corte de Justicia, y por su intermedio al Instituto M\u00e9dico Forense.<br \/>\nEl mismo refiere a la problem\u00e1tica que se vive en la ciudad de Tacuaremb\u00f3 a causa de la falta de profesionales M\u00e9dicos Forenses. El legislador nacionalista indica en su misiva que se trata de una capital departamental donde residen m\u00e1s de 55 mil habitantes y que se cuenta con un solo M\u00e9dico Forense.<br \/>\nExplica que por la falta de profesionales en la materia se debe de recurrir en muchas oportunidades a ciudades vecinas. Indica que se trata de un tema de mucha sensibilidad, ya que las familias deben de esperar en muchos casos, horas, para que les sea entregado el cuerpo de un familiar fallecido.<br \/>\nEzquerra indica: \u201cEstamos en conocimiento sobre la resoluci\u00f3n 948\/15\/43 con fecha 23 de noviembre del pasado a\u00f1o, realizado por la Suprema Corte de Justicia a fin de realizar un llamado abierto para proveer un cargo de M\u00e9dico Forense a fin de desempe\u00f1arse en la ciudad de marras siendo que al d\u00eda de hoy se sigue en la misma situaci\u00f3n, sin noticia alguna\u201d.<\/p>\n<p>A continuaci\u00f3n transcribimos el pedido de informe realizado por el legislador nacionalista.<\/p>\n<p>                                                                  Montevideo, 11 de abril de 2016.-<br \/>\nPresidente de la c\u00e1mara de Representantes,<br \/>\nDr. Gerardo Amarilla.-<br \/>\nEn ejercicio de la facultad que me confiere el art\u00edculo 118\u00b0 de la Constituci\u00f3n de la Rep\u00fablica, solicito tenga a bien remitir el siguiente pedido de informes a la Suprema Corte de Justicia, y por su intermedio al Instituto M\u00e9dico Forense,<br \/>\nEn virtud de la problem\u00e1tica que se vive en la ciudad de Tacuaremb\u00f3 a causa de la falta de profesionales M\u00e9dicos Forenses, se trata de una capital departamental donde residen m\u00e1s de 55 mil habitantes, a lo que coexiste con esto un solo M\u00e9dico Forense para atender las necesidades propias de su profesi\u00f3n.<br \/>\nDebido a esto \u2013por razones l\u00f3gicas- se tiene que recurrir en m\u00e1s de una ocasi\u00f3n como ha sucedido \u00faltimamente, a m\u00e9dicos de ciudades vecinas como lo son Rivera y Paso de los Toros.<br \/>\nConsideramos importante haciendo \u00e9nfasis en el dolor de las familias que han perdido a un ser querido, y en virtud de esta problem\u00e1tica estas tengan que esperar m\u00e1s de 7 horas para que se les entregue el cuerpo de la persona fallecida y proceder a su velatorio, en varios caso con muy pocas horas antes de su sepelio.<br \/>\nEstamos en conocimiento sobre la resoluci\u00f3n 948\/15\/43 con fecha 23 de noviembre del pasado a\u00f1o, realizado por la Suprema Corte de Justicia a fin de realizar un llamado abierto para proveer un cargo de M\u00e9dico Forense a fin de desempe\u00f1arse en la ciudad de marras siendo que al d\u00eda de hoy se sigue en la misma situaci\u00f3n, sin noticia alguna.<br \/>\nAnalizando la importancia de la situaci\u00f3n se solicita que se remita el siguiente informe:<br \/>\n1.      En qu\u00e9 situaci\u00f3n se encuentra dicho proceso de selecci\u00f3n.<\/p>\n<p>2.      Cu\u00e1l es el plazo estimado para la designaci\u00f3n y comenzar a desempe\u00f1arse.<\/p>\n<p>3.      Existe alguna medida provisional en caso que no sea posible una designaci\u00f3n a la brevedad.<\/p>\n<p>Saluda atte.<br \/>\nWilson Aparicio Ezquerra<br \/>\nRepresentante Nacional por Tacuaremb\u00f3<\/p>\n","protected":false},"excerpt":{"rendered":"<p>En la jornada de hoy, el Diputado por Tacuaremb\u00f3, Wilson Aparicio Ezquerra presento un pedido de informe dirigido a la Suprema Corte de Justicia, y por su intermedio al Instituto M\u00e9dico Forense. El mismo refiere a la problem\u00e1tica que se vive en la ciudad de Tacuaremb\u00f3 a causa de la falta de profesionales M\u00e9dicos Forenses. [&hellip;]<\/p>\n","protected":false},"author":1,"featured_media":27397,"comment_status":"open","ping_status":"open","sticky":false,"template":"","format":"standard","meta":{"footnotes":""},"categories":[232],"tags":[],"class_list":["post-28307","post","type-post","status-publish","format-standard","has-post-thumbnail","hentry","category-departamentales"],"_links":{"self":[{"href":"https:\/\/alianzanacional.com.uy\/web\/wp-json\/wp\/v2\/posts\/28307","targetHints":{"allow":["GET"]}}],"collection":[{"href":"https:\/\/alianzanacional.com.uy\/web\/wp-json\/wp\/v2\/posts"}],"about":[{"href":"https:\/\/alianzanacional.com.uy\/web\/wp-json\/wp\/v2\/types\/post"}],"author":[{"embeddable":true,"href":"https:\/\/alianzanacional.com.uy\/web\/wp-json\/wp\/v2\/users\/1"}],"replies":[{"embeddable":true,"href":"https:\/\/alianzanacional.com.uy\/web\/wp-json\/wp\/v2\/comments?post=28307"}],"version-history":[{"count":1,"href":"https:\/\/alianzanacional.com.uy\/web\/wp-json\/wp\/v2\/posts\/28307\/revisions"}],"predecessor-version":[{"id":28308,"href":"https:\/\/alianzanacional.com.uy\/web\/wp-json\/wp\/v2\/posts\/28307\/revisions\/28308"}],"wp:featuredmedia":[{"embeddable":true,"href":"https:\/\/alianzanacional.com.uy\/web\/wp-json\/wp\/v2\/media\/27397"}],"wp:attachment":[{"href":"https:\/\/alianzanacional.com.uy\/web\/wp-json\/wp\/v2\/media?parent=28307"}],"wp:term":[{"taxonomy":"category","embeddable":true,"href":"https:\/\/alianzanacional.com.uy\/web\/wp-json\/wp\/v2\/categories?post=28307"},{"taxonomy":"post_tag","embeddable":true,"href":"https:\/\/alianzanacional.com.uy\/web\/wp-json\/wp\/v2\/tags?post=28307"}],"curies":[{"name":"wp","href":"https:\/\/api.w.org\/{rel}","templated":true}]}}