{"id":28344,"date":"2016-04-27T08:51:29","date_gmt":"2016-04-27T11:51:29","guid":{"rendered":"http:\/\/alianzanacional.com.uy\/web\/?p=28344"},"modified":"2016-04-27T08:51:29","modified_gmt":"2016-04-27T11:51:29","slug":"rompiendo-etiquetas","status":"publish","type":"post","link":"https:\/\/alianzanacional.com.uy\/web\/rompiendo-etiquetas\/","title":{"rendered":"Rompiendo Etiquetas"},"content":{"rendered":"<p><a href=\"https:\/\/alianzanacional.com.uy\/web\/wp-content\/uploads\/2016\/04\/10405521_10153744245379930_2194328038114496134_n.jpg\"><img fetchpriority=\"high\" decoding=\"async\" src=\"https:\/\/alianzanacional.com.uy\/web\/wp-content\/uploads\/2016\/04\/10405521_10153744245379930_2194328038114496134_n.jpg\" alt=\"10405521_10153744245379930_2194328038114496134_n\" width=\"670\" height=\"377\" class=\"alignnone size-full wp-image-28345\" srcset=\"https:\/\/alianzanacional.com.uy\/web\/wp-content\/uploads\/2016\/04\/10405521_10153744245379930_2194328038114496134_n.jpg 670w, https:\/\/alianzanacional.com.uy\/web\/wp-content\/uploads\/2016\/04\/10405521_10153744245379930_2194328038114496134_n-400x225.jpg 400w\" sizes=\"(max-width: 670px) 100vw, 670px\" \/><\/a><\/p>\n<p>En las pasadas horas se conoci\u00f3 p\u00fablicamente que el  Ejercito Nacional llevara a la mesa de di\u00e1logo social la iniciativa de generar un plan que sea destinado a quienes denomina como los j\u00f3venes \u201cni ni\u201d.<br \/>\nPor otra parte y de forma muy r\u00e1pida actores pol\u00edticos y sociales vinculados  al \u00e1rea de juventud nos  expresamos  de formas diversas sobre el tema.  Algunos  haciendo alusi\u00f3n a la terminolog\u00eda utilizada por el comandante en jefe al referirse a los j\u00f3venes como los \u201cni ni \u201c, otros sobre los aspectos vinculados a la  formaci\u00f3n en disciplina y h\u00e1bitos, otros favor y otros en contra. <\/p>\n<p>Uno se pregunta : \u00bfhacia donde debemos centrar la discusi\u00f3n?<br \/>\nLa discusi\u00f3n debe centrarse en los j\u00f3venes y la realidad que enfrentan; en que se est\u00e1 haciendo hoy por ellos; y que queremos para el ma\u00f1ana.<br \/>\nComparto a modo personal que debemos de llevar el tema al di\u00e1logo social, pero rompiendo etiquetas y cuando hago alusi\u00f3n a esto me refiero a los r\u00f3tulos y preconceptos que ponemos sobre los j\u00f3venes, pero tambi\u00e9n sobre las instituciones puntualmente sobre el Ejercito Nacional.<br \/>\nHay que terminar de mirar de donde vienen las ideas  y quien las  propone, hay que tomar lo que sirve de ellas y adecuarlas a las necesidades y al contexto actual.<br \/>\nLa intervenci\u00f3n en el \u00e1rea de juventud no es tan simple  como a veces se expresa en los discursos, por el contrario es una franja etaria sumamente vol\u00e1til que sufre cambios radicales en corto plazo y la participaci\u00f3n de los j\u00f3venes no solo depende la voluntad pol\u00edtica de escribir un plan sino del inter\u00e9s que demuestren los j\u00f3venes en la propuesta. <\/p>\n<p>En s\u00edntesis muchas veces a los j\u00f3venes no les importa de d\u00f3nde o quien propone un espacio de participaci\u00f3n solo se involucraran si este  atractivo y los motiva.<br \/>\nPor este raz\u00f3n si  bien es importante la voluntad pol\u00edtica y llevar el tema a un dialogo social, no menos importantes es la voz de los j\u00f3venes.<br \/>\nComo sociedad no podemos seguir perdiendo el tiempo en discusiones simplistas.<br \/>\n El desaf\u00edo de nuestra generaci\u00f3n es repensar que modelo de sociedad queremos, no repetir errores ajenos  cometer los propios; pero comprometernos en las causas que son nuestras y de los que vienen.<br \/>\nTenemos la obligaci\u00f3n de dialogar, debatir, proponer y construir para transformar. <\/p>\n<p>Lic. Cecilia Sena<br \/>\nSecretaria General de la Juventud de Alianza<\/p>\n","protected":false},"excerpt":{"rendered":"<p>En las pasadas horas se conoci\u00f3 p\u00fablicamente que el Ejercito Nacional llevara a la mesa de di\u00e1logo social la iniciativa de generar un plan que sea destinado a quienes denomina como los j\u00f3venes \u201cni ni\u201d. Por otra parte y de forma muy r\u00e1pida actores pol\u00edticos y sociales vinculados al \u00e1rea de juventud nos expresamos de [&hellip;]<\/p>\n","protected":false},"author":1,"featured_media":28345,"comment_status":"open","ping_status":"open","sticky":false,"template":"","format":"standard","meta":{"footnotes":""},"categories":[17],"tags":[],"class_list":["post-28344","post","type-post","status-publish","format-standard","has-post-thumbnail","hentry","category-columna"],"_links":{"self":[{"href":"https:\/\/alianzanacional.com.uy\/web\/wp-json\/wp\/v2\/posts\/28344","targetHints":{"allow":["GET"]}}],"collection":[{"href":"https:\/\/alianzanacional.com.uy\/web\/wp-json\/wp\/v2\/posts"}],"about":[{"href":"https:\/\/alianzanacional.com.uy\/web\/wp-json\/wp\/v2\/types\/post"}],"author":[{"embeddable":true,"href":"https:\/\/alianzanacional.com.uy\/web\/wp-json\/wp\/v2\/users\/1"}],"replies":[{"embeddable":true,"href":"https:\/\/alianzanacional.com.uy\/web\/wp-json\/wp\/v2\/comments?post=28344"}],"version-history":[{"count":1,"href":"https:\/\/alianzanacional.com.uy\/web\/wp-json\/wp\/v2\/posts\/28344\/revisions"}],"predecessor-version":[{"id":28346,"href":"https:\/\/alianzanacional.com.uy\/web\/wp-json\/wp\/v2\/posts\/28344\/revisions\/28346"}],"wp:featuredmedia":[{"embeddable":true,"href":"https:\/\/alianzanacional.com.uy\/web\/wp-json\/wp\/v2\/media\/28345"}],"wp:attachment":[{"href":"https:\/\/alianzanacional.com.uy\/web\/wp-json\/wp\/v2\/media?parent=28344"}],"wp:term":[{"taxonomy":"category","embeddable":true,"href":"https:\/\/alianzanacional.com.uy\/web\/wp-json\/wp\/v2\/categories?post=28344"},{"taxonomy":"post_tag","embeddable":true,"href":"https:\/\/alianzanacional.com.uy\/web\/wp-json\/wp\/v2\/tags?post=28344"}],"curies":[{"name":"wp","href":"https:\/\/api.w.org\/{rel}","templated":true}]}}