{"id":28454,"date":"2016-05-10T14:12:16","date_gmt":"2016-05-10T17:12:16","guid":{"rendered":"http:\/\/alianzanacional.com.uy\/web\/?p=28454"},"modified":"2016-05-10T14:12:42","modified_gmt":"2016-05-10T17:12:42","slug":"larranaga-en-colon","status":"publish","type":"post","link":"https:\/\/alianzanacional.com.uy\/web\/larranaga-en-colon\/","title":{"rendered":"Larra\u00f1aga en Col\u00f3n"},"content":{"rendered":"<p><a href=\"https:\/\/alianzanacional.com.uy\/web\/wp-content\/uploads\/2016\/05\/larranagacolon.jpg\"><img fetchpriority=\"high\" decoding=\"async\" src=\"https:\/\/alianzanacional.com.uy\/web\/wp-content\/uploads\/2016\/05\/larranagacolon-700x383.jpg\" alt=\"larranagacolon\" width=\"620\" height=\"339\" class=\"alignnone size-large wp-image-28455\" srcset=\"https:\/\/alianzanacional.com.uy\/web\/wp-content\/uploads\/2016\/05\/larranagacolon-700x383.jpg 700w, https:\/\/alianzanacional.com.uy\/web\/wp-content\/uploads\/2016\/05\/larranagacolon-400x219.jpg 400w, https:\/\/alianzanacional.com.uy\/web\/wp-content\/uploads\/2016\/05\/larranagacolon-768x420.jpg 768w, https:\/\/alianzanacional.com.uy\/web\/wp-content\/uploads\/2016\/05\/larranagacolon.jpg 958w\" sizes=\"(max-width: 620px) 100vw, 620px\" \/><\/a><\/p>\n<p>En el marco del ciclo \u00abLarra\u00f1aga y la gente, juntos\u00bb, el pr\u00f3ximo mi\u00e9rcoles 11 de mayo a las 19 horas, el senador Jorge Larra\u00f1aga estar\u00e1 en Col\u00f3n participando de una reuni\u00f3n con vecinos, comerciantes y referentes de la zona\u200b, conversando y respondiendo las inquietudes que surjan.\u200b  <\/p>\n<p>Ser\u00e1 en el Sal\u00f3n de Eventos del \u200b\u201cPaseo Col\u00f3n\u201d, \u200bubicado en Lezica 5676 esquina Garz\u00f3n.  <\/p>\n<p>Desde ya, los invitamos.<\/p>\n","protected":false},"excerpt":{"rendered":"<p>En el marco del ciclo \u00abLarra\u00f1aga y la gente, juntos\u00bb, el pr\u00f3ximo mi\u00e9rcoles 11 de mayo a las 19 horas, el senador Jorge Larra\u00f1aga estar\u00e1 en Col\u00f3n participando de una reuni\u00f3n con vecinos, comerciantes y referentes de la zona\u200b, conversando y respondiendo las inquietudes que surjan.\u200b Ser\u00e1 en el Sal\u00f3n de Eventos del \u200b\u201cPaseo Col\u00f3n\u201d, [&hellip;]<\/p>\n","protected":false},"author":1,"featured_media":28455,"comment_status":"open","ping_status":"open","sticky":false,"template":"","format":"standard","meta":{"footnotes":""},"categories":[4],"tags":[],"class_list":["post-28454","post","type-post","status-publish","format-standard","has-post-thumbnail","hentry","category-agenda"],"_links":{"self":[{"href":"https:\/\/alianzanacional.com.uy\/web\/wp-json\/wp\/v2\/posts\/28454","targetHints":{"allow":["GET"]}}],"collection":[{"href":"https:\/\/alianzanacional.com.uy\/web\/wp-json\/wp\/v2\/posts"}],"about":[{"href":"https:\/\/alianzanacional.com.uy\/web\/wp-json\/wp\/v2\/types\/post"}],"author":[{"embeddable":true,"href":"https:\/\/alianzanacional.com.uy\/web\/wp-json\/wp\/v2\/users\/1"}],"replies":[{"embeddable":true,"href":"https:\/\/alianzanacional.com.uy\/web\/wp-json\/wp\/v2\/comments?post=28454"}],"version-history":[{"count":1,"href":"https:\/\/alianzanacional.com.uy\/web\/wp-json\/wp\/v2\/posts\/28454\/revisions"}],"predecessor-version":[{"id":28456,"href":"https:\/\/alianzanacional.com.uy\/web\/wp-json\/wp\/v2\/posts\/28454\/revisions\/28456"}],"wp:featuredmedia":[{"embeddable":true,"href":"https:\/\/alianzanacional.com.uy\/web\/wp-json\/wp\/v2\/media\/28455"}],"wp:attachment":[{"href":"https:\/\/alianzanacional.com.uy\/web\/wp-json\/wp\/v2\/media?parent=28454"}],"wp:term":[{"taxonomy":"category","embeddable":true,"href":"https:\/\/alianzanacional.com.uy\/web\/wp-json\/wp\/v2\/categories?post=28454"},{"taxonomy":"post_tag","embeddable":true,"href":"https:\/\/alianzanacional.com.uy\/web\/wp-json\/wp\/v2\/tags?post=28454"}],"curies":[{"name":"wp","href":"https:\/\/api.w.org\/{rel}","templated":true}]}}