{"id":28487,"date":"2016-05-18T10:25:47","date_gmt":"2016-05-18T13:25:47","guid":{"rendered":"http:\/\/alianzanacional.com.uy\/web\/?p=28487"},"modified":"2016-05-18T10:25:47","modified_gmt":"2016-05-18T13:25:47","slug":"sobre-la-extension-universitaria","status":"publish","type":"post","link":"https:\/\/alianzanacional.com.uy\/web\/sobre-la-extension-universitaria\/","title":{"rendered":"Sobre la extensi\u00f3n universitaria."},"content":{"rendered":"<p><a href=\"https:\/\/alianzanacional.com.uy\/web\/wp-content\/uploads\/2015\/03\/292817_20140610155217_iturralde2.jpg\"><img fetchpriority=\"high\" decoding=\"async\" src=\"https:\/\/alianzanacional.com.uy\/web\/wp-content\/uploads\/2015\/03\/292817_20140610155217_iturralde2-700x433.jpg\" alt=\"292817_20140610155217_iturralde2\" width=\"620\" height=\"384\" class=\"alignnone size-large wp-image-27094\" srcset=\"https:\/\/alianzanacional.com.uy\/web\/wp-content\/uploads\/2015\/03\/292817_20140610155217_iturralde2-700x433.jpg 700w, https:\/\/alianzanacional.com.uy\/web\/wp-content\/uploads\/2015\/03\/292817_20140610155217_iturralde2-400x247.jpg 400w, https:\/\/alianzanacional.com.uy\/web\/wp-content\/uploads\/2015\/03\/292817_20140610155217_iturralde2.jpg 760w\" sizes=\"(max-width: 620px) 100vw, 620px\" \/><\/a><\/p>\n<p>D\u00edas pasados remit\u00ed un pedido de informes acerca de convenios que hubiera realizado el MIDES con entidades no gubernamentales, como procedimiento de excepci\u00f3n y que supusieron importantes erogaciones de dineros p\u00fablicos. Seg\u00fan informaci\u00f3n que pude relevar previamente, en el marco del acuerdo con una organizaci\u00f3n en particular, el MIDES habr\u00eda destinado alrededor de U$$ 500.000 d\u00f3lares.<br \/>\nM\u00e1s all\u00e1 de la respuesta que remita el citado Ministerio, que a\u00fan no me ha llegado, el pedido ocasion\u00f3 que desde algunos sectores involucrados se ensayara una serie de justificaciones y explicaciones a la contrataci\u00f3n con el Ministerio. Pretendi\u00e9ndose responder al reclamo de las autoridades de Facultad de Derecho en el sentido de que la contrataci\u00f3n benefici\u00f3 a un gremio en lugar de beneficiar a la propia Facultad, se indic\u00f3 que el dinero p\u00fablico entregado por el MIDES est\u00e1 destinado a la \u201cextensi\u00f3n universitaria\u201d.<\/p>\n<p>Mi v\u00ednculo con la actividad gremial y universitaria es ampliamente conocido. No solo fui fundador y vice-presidente de ASCEEP en 1982 sino que particip\u00e9 en la refundaci\u00f3n del CED, fund\u00e9 la FEI y la Corriente Gremial Universitaria, adem\u00e1s de haber cursado y finalizado mis estudios en la Facultad de Derecho. Ello me confiere credenciales suficientes, adem\u00e1s de la obligaci\u00f3n moral, de desmentir afirmaciones, al menos, incorrectas.<\/p>\n<p>La extensi\u00f3n universitaria, una de las funciones b\u00e1sicas de la Universidad junto con la ense\u00f1anza y la investigaci\u00f3n, es un proceso a trav\u00e9s del cual la misma, con su conocimiento cient\u00edfico, human\u00edstico y cultural, entre otros, interact\u00faa con la sociedad. Esa vinculaci\u00f3n entre el saber cient\u00edfico y el saber popular, posibilita encontrar la soluci\u00f3n a los problemas sociales y enriquecer el conocimiento universitario con la realidad. De lo que viene de decirse surge que, evidentemente, para que una actividad pueda considerarse extensi\u00f3n universitaria deben, m\u00ednimamente, estar presentes dos actores, Universidad y Sociedad y ser\u00e1 su participaci\u00f3n la que brinde la necesaria institucionalidad a la actividad y opere como garant\u00eda de calidad de la misma.<\/p>\n<p>Las entidades gremiales son parte de la sociedad por lo que ese v\u00ednculo, especialmente en el caso de los gremios estudiantiles, no solo no es extensi\u00f3n universitaria sino que ni siquiera es extensi\u00f3n y, mucho menos, debe ser rentado. Los gremios estudiantiles interact\u00faan con la sociedad y su problem\u00e1tica porque son parte de la misma, por solidaridad y porque es su imperativo moral. Evidentemente el convenio celebrado entre el MIDES y el Centro de Estudiantes de Derecho, no financia extensi\u00f3n universitaria sino que solventa con dineros p\u00fablicos actividades que los gremios y sindicatos deben desarrollar y desarrollan por s\u00ed mismos.<br \/>\nComo gremialista ratifico a diario mi compromiso con el bienestar social y la b\u00fasqueda de espacios de encuentro entre los distintos actores y en ello me han encontrado y me encontrar\u00e1n porque all\u00ed radica la raz\u00f3n esencial de la existencia de la herramienta gremial. <\/p>\n<p>PABLO ITURRALDE VI\u00d1AS<\/p>\n","protected":false},"excerpt":{"rendered":"<p>D\u00edas pasados remit\u00ed un pedido de informes acerca de convenios que hubiera realizado el MIDES con entidades no gubernamentales, como procedimiento de excepci\u00f3n y que supusieron importantes erogaciones de dineros p\u00fablicos. Seg\u00fan informaci\u00f3n que pude relevar previamente, en el marco del acuerdo con una organizaci\u00f3n en particular, el MIDES habr\u00eda destinado alrededor de U$$ 500.000 [&hellip;]<\/p>\n","protected":false},"author":1,"featured_media":27094,"comment_status":"open","ping_status":"open","sticky":false,"template":"","format":"standard","meta":{"footnotes":""},"categories":[17],"tags":[],"class_list":["post-28487","post","type-post","status-publish","format-standard","has-post-thumbnail","hentry","category-columna"],"_links":{"self":[{"href":"https:\/\/alianzanacional.com.uy\/web\/wp-json\/wp\/v2\/posts\/28487","targetHints":{"allow":["GET"]}}],"collection":[{"href":"https:\/\/alianzanacional.com.uy\/web\/wp-json\/wp\/v2\/posts"}],"about":[{"href":"https:\/\/alianzanacional.com.uy\/web\/wp-json\/wp\/v2\/types\/post"}],"author":[{"embeddable":true,"href":"https:\/\/alianzanacional.com.uy\/web\/wp-json\/wp\/v2\/users\/1"}],"replies":[{"embeddable":true,"href":"https:\/\/alianzanacional.com.uy\/web\/wp-json\/wp\/v2\/comments?post=28487"}],"version-history":[{"count":1,"href":"https:\/\/alianzanacional.com.uy\/web\/wp-json\/wp\/v2\/posts\/28487\/revisions"}],"predecessor-version":[{"id":28488,"href":"https:\/\/alianzanacional.com.uy\/web\/wp-json\/wp\/v2\/posts\/28487\/revisions\/28488"}],"wp:featuredmedia":[{"embeddable":true,"href":"https:\/\/alianzanacional.com.uy\/web\/wp-json\/wp\/v2\/media\/27094"}],"wp:attachment":[{"href":"https:\/\/alianzanacional.com.uy\/web\/wp-json\/wp\/v2\/media?parent=28487"}],"wp:term":[{"taxonomy":"category","embeddable":true,"href":"https:\/\/alianzanacional.com.uy\/web\/wp-json\/wp\/v2\/categories?post=28487"},{"taxonomy":"post_tag","embeddable":true,"href":"https:\/\/alianzanacional.com.uy\/web\/wp-json\/wp\/v2\/tags?post=28487"}],"curies":[{"name":"wp","href":"https:\/\/api.w.org\/{rel}","templated":true}]}}