{"id":28493,"date":"2016-05-18T10:30:19","date_gmt":"2016-05-18T13:30:19","guid":{"rendered":"http:\/\/alianzanacional.com.uy\/web\/?p=28493"},"modified":"2016-05-18T10:32:39","modified_gmt":"2016-05-18T13:32:39","slug":"miercoles-18-de-mayo-larranaga-en-el-centro-de-montevideo","status":"publish","type":"post","link":"https:\/\/alianzanacional.com.uy\/web\/miercoles-18-de-mayo-larranaga-en-el-centro-de-montevideo\/","title":{"rendered":"Mi\u00e9rcoles 18 de mayo | Larra\u00f1aga en el Centro de Montevideo"},"content":{"rendered":"<p><a href=\"https:\/\/alianzanacional.com.uy\/web\/wp-content\/uploads\/2016\/05\/13237799_10153923425089930_5461975766161834292_n.jpg\"><img fetchpriority=\"high\" decoding=\"async\" src=\"https:\/\/alianzanacional.com.uy\/web\/wp-content\/uploads\/2016\/05\/13237799_10153923425089930_5461975766161834292_n-700x383.jpg\" alt=\"13237799_10153923425089930_5461975766161834292_n\" width=\"620\" height=\"339\" class=\"alignnone size-large wp-image-28494\" srcset=\"https:\/\/alianzanacional.com.uy\/web\/wp-content\/uploads\/2016\/05\/13237799_10153923425089930_5461975766161834292_n-700x383.jpg 700w, https:\/\/alianzanacional.com.uy\/web\/wp-content\/uploads\/2016\/05\/13237799_10153923425089930_5461975766161834292_n-400x219.jpg 400w, https:\/\/alianzanacional.com.uy\/web\/wp-content\/uploads\/2016\/05\/13237799_10153923425089930_5461975766161834292_n-768x420.jpg 768w, https:\/\/alianzanacional.com.uy\/web\/wp-content\/uploads\/2016\/05\/13237799_10153923425089930_5461975766161834292_n.jpg 960w\" sizes=\"(max-width: 620px) 100vw, 620px\" \/><\/a><\/p>\n<p>En el marco del ciclo \u00abLarra\u00f1aga y la gente, juntos\u00bb, el pr\u00f3ximo mi\u00e9rcoles 18 de mayo a las 19 horas, el senador Jorge Larra\u00f1aga estar\u00e1 en el centro de Montevideo participando de una reuni\u00f3n con vecinos, comerciantes y referentes de la zona\u200b, conversando y respondiendo las inquietudes que surjan.\u200b<\/p>\n<p>Ser\u00e1 en el Club Soriano, \u200bubicado en Maldonado 1372 entre Santiago de Chile y Ejido.<\/p>\n","protected":false},"excerpt":{"rendered":"<p>En el marco del ciclo \u00abLarra\u00f1aga y la gente, juntos\u00bb, el pr\u00f3ximo mi\u00e9rcoles 18 de mayo a las 19 horas, el senador Jorge Larra\u00f1aga estar\u00e1 en el centro de Montevideo participando de una reuni\u00f3n con vecinos, comerciantes y referentes de la zona\u200b, conversando y respondiendo las inquietudes que surjan.\u200b Ser\u00e1 en el Club Soriano, \u200bubicado [&hellip;]<\/p>\n","protected":false},"author":1,"featured_media":28494,"comment_status":"open","ping_status":"open","sticky":false,"template":"","format":"standard","meta":{"footnotes":""},"categories":[4],"tags":[],"class_list":["post-28493","post","type-post","status-publish","format-standard","has-post-thumbnail","hentry","category-agenda"],"_links":{"self":[{"href":"https:\/\/alianzanacional.com.uy\/web\/wp-json\/wp\/v2\/posts\/28493","targetHints":{"allow":["GET"]}}],"collection":[{"href":"https:\/\/alianzanacional.com.uy\/web\/wp-json\/wp\/v2\/posts"}],"about":[{"href":"https:\/\/alianzanacional.com.uy\/web\/wp-json\/wp\/v2\/types\/post"}],"author":[{"embeddable":true,"href":"https:\/\/alianzanacional.com.uy\/web\/wp-json\/wp\/v2\/users\/1"}],"replies":[{"embeddable":true,"href":"https:\/\/alianzanacional.com.uy\/web\/wp-json\/wp\/v2\/comments?post=28493"}],"version-history":[{"count":1,"href":"https:\/\/alianzanacional.com.uy\/web\/wp-json\/wp\/v2\/posts\/28493\/revisions"}],"predecessor-version":[{"id":28495,"href":"https:\/\/alianzanacional.com.uy\/web\/wp-json\/wp\/v2\/posts\/28493\/revisions\/28495"}],"wp:featuredmedia":[{"embeddable":true,"href":"https:\/\/alianzanacional.com.uy\/web\/wp-json\/wp\/v2\/media\/28494"}],"wp:attachment":[{"href":"https:\/\/alianzanacional.com.uy\/web\/wp-json\/wp\/v2\/media?parent=28493"}],"wp:term":[{"taxonomy":"category","embeddable":true,"href":"https:\/\/alianzanacional.com.uy\/web\/wp-json\/wp\/v2\/categories?post=28493"},{"taxonomy":"post_tag","embeddable":true,"href":"https:\/\/alianzanacional.com.uy\/web\/wp-json\/wp\/v2\/tags?post=28493"}],"curies":[{"name":"wp","href":"https:\/\/api.w.org\/{rel}","templated":true}]}}