{"id":28530,"date":"2016-05-21T02:48:47","date_gmt":"2016-05-21T05:48:47","guid":{"rendered":"http:\/\/alianzanacional.com.uy\/web\/?p=28530"},"modified":"2016-05-22T02:33:54","modified_gmt":"2016-05-22T05:33:54","slug":"agenda-para-el-progreso","status":"publish","type":"post","link":"https:\/\/alianzanacional.com.uy\/web\/agenda-para-el-progreso\/","title":{"rendered":"Agenda Para el Progreso"},"content":{"rendered":"<p><a href=\"https:\/\/alianzanacional.com.uy\/web\/wp-content\/uploads\/2016\/05\/bannercolor.jpg\"><img fetchpriority=\"high\" decoding=\"async\" src=\"https:\/\/alianzanacional.com.uy\/web\/wp-content\/uploads\/2016\/05\/bannercolor-700x461.jpg\" alt=\"bannercolor\" width=\"620\" height=\"408\" class=\"alignnone size-large wp-image-28531\" srcset=\"https:\/\/alianzanacional.com.uy\/web\/wp-content\/uploads\/2016\/05\/bannercolor-700x461.jpg 700w, https:\/\/alianzanacional.com.uy\/web\/wp-content\/uploads\/2016\/05\/bannercolor-400x263.jpg 400w, https:\/\/alianzanacional.com.uy\/web\/wp-content\/uploads\/2016\/05\/bannercolor-768x505.jpg 768w, https:\/\/alianzanacional.com.uy\/web\/wp-content\/uploads\/2016\/05\/bannercolor.jpg 1900w\" sizes=\"(max-width: 620px) 100vw, 620px\" \/><\/a><\/p>\n<p>El relato frenteamplista que se impuso durante d\u00e9cadas con autoproclamada autoridad moral est\u00e1 colapsando, agotado por la realidad y en definitiva, por la verdad.<br \/>\nSu final se puede presentir.<br \/>\nLa divisi\u00f3n que nos impuso como sociedad, la pretensi\u00f3n de adoctrinamiento intelectual y \u00e9tico, se est\u00e1 desvaneciendo, como se desvanecen las mentiras.<br \/>\nEl Frente ven\u00eda supuestamente con todas las soluciones: educaci\u00f3n, seguridad, salud, econom\u00eda. Sus equipos eran, en ese relato, infalibles. <\/p>\n<p>La realidad arras\u00f3 con la pretendida infalibilidad t\u00e9cnica. El supuesto \u201cdream team\u201d hizo los negocios m\u00e1s ruinosos del \u00faltimo tiempo (Pluna, Casinos, Ancap; m\u00e1s Bengoa, Campiani y el Sr. de la derecha).<br \/>\nA la econom\u00eda, que solo el FA parec\u00eda poder dominar se le prendieron las luces. Primero eran luces amarillas, ahora parece un arbolito de navidad, est\u00e1n prendidas las luces de todos los sectores de la econom\u00eda. <\/p>\n<p>Tambi\u00e9n se esfum\u00f3 la infalibilidad \u00e9tica. Era  un cuento. Y como tal, termin\u00f3.<br \/>\nNo eran mejores. M\u00e1s a\u00fan, hay much\u00edsimos ciudadanos que los votaron que hoy se sienten defraudados y han dejado de sentirse representados.<br \/>\nAhora bien, que el Frente est\u00e9 mal no asegura que la oposici\u00f3n gane. <\/p>\n<p>La oposici\u00f3n debe hacer sus deberes.<br \/>\nSi desde la oposici\u00f3n no actuamos con madurez y, sobre todo, con responsabilidad, el cambio no podr\u00e1 concretarse. La gente est\u00e1 urgida de respuestas.<\/p>\n<p>El pa\u00eds precisa de una alternancia pol\u00edtica apoyada en la construcci\u00f3n de mayor\u00edas que brinden estabilidad.<br \/>\nEl escenario pol\u00edtico y electoral actual, -que es el que tenemos desde 1999 con el Frente como primera fuerza-, requiere trabajar para obtener mayor\u00edas con capacidad de gobierno. El escenario m\u00e1s probable para el 2019 es que quien gane no tenga mayor\u00edas parlamentarias propias.<br \/>\nNo hay insumo m\u00e1s importante para la pol\u00edtica que la realidad y sobre ella hay que trabajar. <\/p>\n<p>Para concretar el cambio pol\u00edtico nacional considero que la oposici\u00f3n debe generar un proyecto que sume las mayor\u00edas sociales y pol\u00edticas que quieren la alternancia, integradas en un gran proyecto.<br \/>\nEl postfrentismo se construye, no en contra del Frente,  sino super\u00e1ndolo.<br \/>\nLa oposici\u00f3n, -o las oposiciones-, con sus identidades y matices deben generar un gran proyecto alternativo. Una coincidencia program\u00e1tica entre blancos, colorados, independientes e incluso sectores o dirigentes del Frente Amplio desencantados; en definitiva, entre los que quieren el cambio.<br \/>\nPodr\u00e1 haber varios aspirantes, varios partidos, varias orientaciones, pero tendr\u00eda que haber UN gran proyecto de cambio.<br \/>\nNo se trata de un formato electoral sino pol\u00edtico, con consecuencias electorales sin dudas, pero el desaf\u00edo es construir  una mayor\u00eda desde nuestras actuales posiciones. <\/p>\n<p>No podemos dejar que nos ganen las diferencias.<br \/>\nDebemos abrir nuestras organizaciones, nuclear a las nuevas din\u00e1micas sociales, porque de lo contrario  corremos el riesgo de ser una oposici\u00f3n c\u00f3mplice y funcional al Frente o meramente una oposici\u00f3n testimonial, con la consecuencia de seguir siendo oposici\u00f3n.  <\/p>\n<p>Si tenemos vocaci\u00f3n de gobierno no podemos aspirar meramente a mejorar nuestras performances, debemos ganar. No se trata de que nadie renuncie a ninguna idea ni a ninguna bandera. Por el contrario, las ideas se defienden mejor cuando se concretan en acciones desde el gobierno. Gobernar es el objetivo, llevar nuestro pensamiento al gobierno. <\/p>\n<p>Con este escenario debemos actuar con inteligencia e integrar a quienes, siendo diferentes, aspiran a cambiar buscando la superaci\u00f3n.<br \/>\nLa circunstancia hist\u00f3rica que nos demanda la alternancia hace propicio, adem\u00e1s, generar un proyecto de sentido. Un plan conceptual. <\/p>\n<p>Tenemos la oportunidad de atar la voluntad de cambio con la voluntad transformadora. Tenemos la ocasi\u00f3n de generar una base de coincidencias tan potentes que repare, construya, transforme y supere la realidad nacional. <\/p>\n<p>Se nos da la ocasi\u00f3n de enlazar el cambio con la superaci\u00f3n. Estamos pensando en una gran tarea nacional, la de impulsar una  Agenda Para el Progreso.<br \/>\nUna agenda de temas importantes e impostergables. Una conciliaci\u00f3n program\u00e1tica que genere mayor\u00edas que brinden estabilidad y la necesaria capacidad de conducci\u00f3n transformadora, que implique progreso y esperanza para la sociedad uruguaya.<br \/>\nUna agenda que aborde la educaci\u00f3n, la seguridad, el empleo, el desarrollo del interior, la salud, la econom\u00eda y la inserci\u00f3n internacional del pa\u00eds.<\/p>\n<p>Esta iniciativa, supone adem\u00e1s, un cambio simb\u00f3lico a nivel pol\u00edtico: crear en el Uruguay un proyecto para juntarnos y no para separarnos. Para sumar y no para restar.<br \/>\nSupone abandonar la l\u00f3gica de confrontaci\u00f3n y de exacerbaci\u00f3n de las diferencias.<br \/>\nTerminar de ir contra alguien y marchar, juntos, en la b\u00fasqueda del bien com\u00fan.<\/p>\n<p>La pol\u00edtica es respuesta, trabajar por la gente, con soluciones.<\/p>\n<p>Considero que esta es la manera viable en que podremos sintetizar los matices y diferencias entre quienes queremos superar al proyecto de poder en que se transform\u00f3 el Frente.<br \/>\nEsas diferencias deben procesarse e integrarse porque se necesita de todos. No podemos quedarnos en el chacrismo de ideas, en el sectarismo excluyente de los d\u00e9biles que no quieren dialogar por falta de razones ni en la soberbia de los personalismos, en el poder cupular y centralista que desvaloriza la Democracia.<br \/>\nVenimos trabajando en este esquema de acci\u00f3n, con contactos con l\u00edderes pol\u00edticos y sociales, porque el cambio debe provenir desde la pol\u00edtica y tambi\u00e9n desde la sociedad civil. Creemos, estamos convencidos, de que el cambio nacer\u00e1 si trabajamos con la gente, juntos, para cambiar la vida de los uruguayos, porque para eso est\u00e1 la pol\u00edtica, al menos, para nosotros.<\/p>\n<p>El trabajo debe comenzar ya, lejos de las perentoriedades del tiempo electoral.<br \/>\nNo queremos atribuirnos nada. No queremos anteponer intereses sectarios y particulares. Queremos un esfuerzo con resultados y logros. Queremos una Agenda Para el Progreso para nuestro pa\u00eds y la gente. <\/p>\n<p>Dr. Jorge W. Larra\u00f1aga<\/p>\n","protected":false},"excerpt":{"rendered":"<p>El relato frenteamplista que se impuso durante d\u00e9cadas con autoproclamada autoridad moral est\u00e1 colapsando, agotado por la realidad y en definitiva, por la verdad. Su final se puede presentir. La divisi\u00f3n que nos impuso como sociedad, la pretensi\u00f3n de adoctrinamiento intelectual y \u00e9tico, se est\u00e1 desvaneciendo, como se desvanecen las mentiras. El Frente ven\u00eda supuestamente [&hellip;]<\/p>\n","protected":false},"author":1,"featured_media":28531,"comment_status":"open","ping_status":"open","sticky":false,"template":"","format":"standard","meta":{"footnotes":""},"categories":[17],"tags":[],"class_list":["post-28530","post","type-post","status-publish","format-standard","has-post-thumbnail","hentry","category-columna"],"_links":{"self":[{"href":"https:\/\/alianzanacional.com.uy\/web\/wp-json\/wp\/v2\/posts\/28530","targetHints":{"allow":["GET"]}}],"collection":[{"href":"https:\/\/alianzanacional.com.uy\/web\/wp-json\/wp\/v2\/posts"}],"about":[{"href":"https:\/\/alianzanacional.com.uy\/web\/wp-json\/wp\/v2\/types\/post"}],"author":[{"embeddable":true,"href":"https:\/\/alianzanacional.com.uy\/web\/wp-json\/wp\/v2\/users\/1"}],"replies":[{"embeddable":true,"href":"https:\/\/alianzanacional.com.uy\/web\/wp-json\/wp\/v2\/comments?post=28530"}],"version-history":[{"count":2,"href":"https:\/\/alianzanacional.com.uy\/web\/wp-json\/wp\/v2\/posts\/28530\/revisions"}],"predecessor-version":[{"id":28533,"href":"https:\/\/alianzanacional.com.uy\/web\/wp-json\/wp\/v2\/posts\/28530\/revisions\/28533"}],"wp:featuredmedia":[{"embeddable":true,"href":"https:\/\/alianzanacional.com.uy\/web\/wp-json\/wp\/v2\/media\/28531"}],"wp:attachment":[{"href":"https:\/\/alianzanacional.com.uy\/web\/wp-json\/wp\/v2\/media?parent=28530"}],"wp:term":[{"taxonomy":"category","embeddable":true,"href":"https:\/\/alianzanacional.com.uy\/web\/wp-json\/wp\/v2\/categories?post=28530"},{"taxonomy":"post_tag","embeddable":true,"href":"https:\/\/alianzanacional.com.uy\/web\/wp-json\/wp\/v2\/tags?post=28530"}],"curies":[{"name":"wp","href":"https:\/\/api.w.org\/{rel}","templated":true}]}}