{"id":28551,"date":"2016-05-27T11:45:05","date_gmt":"2016-05-27T14:45:05","guid":{"rendered":"http:\/\/alianzanacional.com.uy\/web\/?p=28551"},"modified":"2016-05-27T11:45:23","modified_gmt":"2016-05-27T14:45:23","slug":"lunes-30-de-mayo-larranaga-en-piedras-blancas","status":"publish","type":"post","link":"https:\/\/alianzanacional.com.uy\/web\/lunes-30-de-mayo-larranaga-en-piedras-blancas\/","title":{"rendered":"Lunes 30 de mayo | Larra\u00f1aga en Piedras Blancas"},"content":{"rendered":"<p><a href=\"https:\/\/alianzanacional.com.uy\/web\/wp-content\/uploads\/2016\/05\/unnamed-12.jpg\"><img fetchpriority=\"high\" decoding=\"async\" src=\"https:\/\/alianzanacional.com.uy\/web\/wp-content\/uploads\/2016\/05\/unnamed-12-700x394.jpg\" alt=\"unnamed (12)\" width=\"620\" height=\"349\" class=\"alignnone size-large wp-image-28552\" srcset=\"https:\/\/alianzanacional.com.uy\/web\/wp-content\/uploads\/2016\/05\/unnamed-12-700x394.jpg 700w, https:\/\/alianzanacional.com.uy\/web\/wp-content\/uploads\/2016\/05\/unnamed-12-400x225.jpg 400w, https:\/\/alianzanacional.com.uy\/web\/wp-content\/uploads\/2016\/05\/unnamed-12-768x432.jpg 768w, https:\/\/alianzanacional.com.uy\/web\/wp-content\/uploads\/2016\/05\/unnamed-12.jpg 1150w\" sizes=\"(max-width: 620px) 100vw, 620px\" \/><\/a><\/p>\n<p>En el marco del ciclo \u00abLarra\u00f1aga y la gente, juntos\u00bb, el pr\u00f3ximo lunes 30 de mayo a las 19:00 horas, el senador Jorge Larra\u00f1aga estar\u00e1 en Montevideo, en el barrio Piedras Blancas, participando de una reuni\u00f3n con vecinos, comerciantes y referentes de la zona\u200b, conversando y respondiendo las inquietudes que surjan.\u200b<\/p>\n<p>Ser\u00e1 en Club Ciclista Maro\u00f1as, \u200bubicado en Jos\u00e9 Belloni 4180 esquina Gral. Flores.  <\/p>\n<p>Desde ya, los invitamos. <\/p>\n","protected":false},"excerpt":{"rendered":"<p>En el marco del ciclo \u00abLarra\u00f1aga y la gente, juntos\u00bb, el pr\u00f3ximo lunes 30 de mayo a las 19:00 horas, el senador Jorge Larra\u00f1aga estar\u00e1 en Montevideo, en el barrio Piedras Blancas, participando de una reuni\u00f3n con vecinos, comerciantes y referentes de la zona\u200b, conversando y respondiendo las inquietudes que surjan.\u200b Ser\u00e1 en Club Ciclista [&hellip;]<\/p>\n","protected":false},"author":1,"featured_media":28552,"comment_status":"open","ping_status":"open","sticky":false,"template":"","format":"standard","meta":{"footnotes":""},"categories":[4],"tags":[],"class_list":["post-28551","post","type-post","status-publish","format-standard","has-post-thumbnail","hentry","category-agenda"],"_links":{"self":[{"href":"https:\/\/alianzanacional.com.uy\/web\/wp-json\/wp\/v2\/posts\/28551","targetHints":{"allow":["GET"]}}],"collection":[{"href":"https:\/\/alianzanacional.com.uy\/web\/wp-json\/wp\/v2\/posts"}],"about":[{"href":"https:\/\/alianzanacional.com.uy\/web\/wp-json\/wp\/v2\/types\/post"}],"author":[{"embeddable":true,"href":"https:\/\/alianzanacional.com.uy\/web\/wp-json\/wp\/v2\/users\/1"}],"replies":[{"embeddable":true,"href":"https:\/\/alianzanacional.com.uy\/web\/wp-json\/wp\/v2\/comments?post=28551"}],"version-history":[{"count":1,"href":"https:\/\/alianzanacional.com.uy\/web\/wp-json\/wp\/v2\/posts\/28551\/revisions"}],"predecessor-version":[{"id":28553,"href":"https:\/\/alianzanacional.com.uy\/web\/wp-json\/wp\/v2\/posts\/28551\/revisions\/28553"}],"wp:featuredmedia":[{"embeddable":true,"href":"https:\/\/alianzanacional.com.uy\/web\/wp-json\/wp\/v2\/media\/28552"}],"wp:attachment":[{"href":"https:\/\/alianzanacional.com.uy\/web\/wp-json\/wp\/v2\/media?parent=28551"}],"wp:term":[{"taxonomy":"category","embeddable":true,"href":"https:\/\/alianzanacional.com.uy\/web\/wp-json\/wp\/v2\/categories?post=28551"},{"taxonomy":"post_tag","embeddable":true,"href":"https:\/\/alianzanacional.com.uy\/web\/wp-json\/wp\/v2\/tags?post=28551"}],"curies":[{"name":"wp","href":"https:\/\/api.w.org\/{rel}","templated":true}]}}