{"id":28592,"date":"2016-06-07T11:57:28","date_gmt":"2016-06-07T14:57:28","guid":{"rendered":"http:\/\/alianzanacional.com.uy\/web\/?p=28592"},"modified":"2016-06-07T11:57:28","modified_gmt":"2016-06-07T14:57:28","slug":"larranaga-en-pocitos","status":"publish","type":"post","link":"https:\/\/alianzanacional.com.uy\/web\/larranaga-en-pocitos\/","title":{"rendered":"Larra\u00f1aga en Pocitos"},"content":{"rendered":"<p><a href=\"https:\/\/alianzanacional.com.uy\/web\/wp-content\/uploads\/2016\/06\/unnamed-16.jpg\"><img fetchpriority=\"high\" decoding=\"async\" src=\"https:\/\/alianzanacional.com.uy\/web\/wp-content\/uploads\/2016\/06\/unnamed-16-700x394.jpg\" alt=\"unnamed (16)\" width=\"620\" height=\"349\" class=\"alignnone size-large wp-image-28593\" srcset=\"https:\/\/alianzanacional.com.uy\/web\/wp-content\/uploads\/2016\/06\/unnamed-16-700x394.jpg 700w, https:\/\/alianzanacional.com.uy\/web\/wp-content\/uploads\/2016\/06\/unnamed-16-400x225.jpg 400w, https:\/\/alianzanacional.com.uy\/web\/wp-content\/uploads\/2016\/06\/unnamed-16-768x432.jpg 768w, https:\/\/alianzanacional.com.uy\/web\/wp-content\/uploads\/2016\/06\/unnamed-16.jpg 1000w\" sizes=\"(max-width: 620px) 100vw, 620px\" \/><\/a><\/p>\n<p>En el marco del ciclo \u00abLarra\u00f1aga y la gente, juntos\u00bb, el pr\u00f3ximo martes 7 de junio a las 19:00 horas, el senador Jorge Larra\u00f1aga estar\u00e1 en Pocitos, participando de una reuni\u00f3n con vecinos, comerciantes y referentes de la zona, conversando y respondiendo las inquietudes que surjan.\u200b<\/p>\n<p>Ser\u00e1 en el \u201cExpreso Pocitos\u201d, \u200bubicado en la esquina de Benito Blanco y Avenida Brasil.  <\/p>\n<p>Desde ya, los invitamos. <\/p>\n","protected":false},"excerpt":{"rendered":"<p>En el marco del ciclo \u00abLarra\u00f1aga y la gente, juntos\u00bb, el pr\u00f3ximo martes 7 de junio a las 19:00 horas, el senador Jorge Larra\u00f1aga estar\u00e1 en Pocitos, participando de una reuni\u00f3n con vecinos, comerciantes y referentes de la zona, conversando y respondiendo las inquietudes que surjan.\u200b Ser\u00e1 en el \u201cExpreso Pocitos\u201d, \u200bubicado en la esquina [&hellip;]<\/p>\n","protected":false},"author":1,"featured_media":28593,"comment_status":"open","ping_status":"open","sticky":false,"template":"","format":"standard","meta":{"footnotes":""},"categories":[4],"tags":[],"class_list":["post-28592","post","type-post","status-publish","format-standard","has-post-thumbnail","hentry","category-agenda"],"_links":{"self":[{"href":"https:\/\/alianzanacional.com.uy\/web\/wp-json\/wp\/v2\/posts\/28592","targetHints":{"allow":["GET"]}}],"collection":[{"href":"https:\/\/alianzanacional.com.uy\/web\/wp-json\/wp\/v2\/posts"}],"about":[{"href":"https:\/\/alianzanacional.com.uy\/web\/wp-json\/wp\/v2\/types\/post"}],"author":[{"embeddable":true,"href":"https:\/\/alianzanacional.com.uy\/web\/wp-json\/wp\/v2\/users\/1"}],"replies":[{"embeddable":true,"href":"https:\/\/alianzanacional.com.uy\/web\/wp-json\/wp\/v2\/comments?post=28592"}],"version-history":[{"count":1,"href":"https:\/\/alianzanacional.com.uy\/web\/wp-json\/wp\/v2\/posts\/28592\/revisions"}],"predecessor-version":[{"id":28594,"href":"https:\/\/alianzanacional.com.uy\/web\/wp-json\/wp\/v2\/posts\/28592\/revisions\/28594"}],"wp:featuredmedia":[{"embeddable":true,"href":"https:\/\/alianzanacional.com.uy\/web\/wp-json\/wp\/v2\/media\/28593"}],"wp:attachment":[{"href":"https:\/\/alianzanacional.com.uy\/web\/wp-json\/wp\/v2\/media?parent=28592"}],"wp:term":[{"taxonomy":"category","embeddable":true,"href":"https:\/\/alianzanacional.com.uy\/web\/wp-json\/wp\/v2\/categories?post=28592"},{"taxonomy":"post_tag","embeddable":true,"href":"https:\/\/alianzanacional.com.uy\/web\/wp-json\/wp\/v2\/tags?post=28592"}],"curies":[{"name":"wp","href":"https:\/\/api.w.org\/{rel}","templated":true}]}}