{"id":28615,"date":"2016-06-17T14:00:00","date_gmt":"2016-06-17T17:00:00","guid":{"rendered":"http:\/\/alianzanacional.com.uy\/web\/?p=28615"},"modified":"2016-06-17T14:00:00","modified_gmt":"2016-06-17T17:00:00","slug":"invitacion-larranaga-en-el-cerro","status":"publish","type":"post","link":"https:\/\/alianzanacional.com.uy\/web\/invitacion-larranaga-en-el-cerro\/","title":{"rendered":"Invitaci\u00f3n | Larra\u00f1aga en el Cerro"},"content":{"rendered":"<p><a href=\"https:\/\/alianzanacional.com.uy\/web\/wp-content\/uploads\/2016\/06\/matriz-gira-larra\u00f1aga-cerrodef.jpg\"><img fetchpriority=\"high\" decoding=\"async\" src=\"https:\/\/alianzanacional.com.uy\/web\/wp-content\/uploads\/2016\/06\/matriz-gira-larra\u00f1aga-cerrodef-700x394.jpg\" alt=\"matriz-gira-larra\u00f1aga-cerrodef\" width=\"620\" height=\"349\" class=\"alignnone size-large wp-image-28625\" srcset=\"https:\/\/alianzanacional.com.uy\/web\/wp-content\/uploads\/2016\/06\/matriz-gira-larra\u00f1aga-cerrodef-700x394.jpg 700w, https:\/\/alianzanacional.com.uy\/web\/wp-content\/uploads\/2016\/06\/matriz-gira-larra\u00f1aga-cerrodef-400x225.jpg 400w, https:\/\/alianzanacional.com.uy\/web\/wp-content\/uploads\/2016\/06\/matriz-gira-larra\u00f1aga-cerrodef-768x432.jpg 768w, https:\/\/alianzanacional.com.uy\/web\/wp-content\/uploads\/2016\/06\/matriz-gira-larra\u00f1aga-cerrodef.jpg 960w\" sizes=\"(max-width: 620px) 100vw, 620px\" \/><\/a><\/p>\n<p>En el marco del ciclo <strong>\u00abLarra\u00f1aga y la gente, juntos\u00bb<\/strong>, el <strong>martes 21 de junio a las 18:30 horas<\/strong>, el senador Jorge Larra\u00f1aga estar\u00e1 en el Cerro de Montevideo, participando de una reuni\u00f3n con vecinos, comerciantes y referentes de la zona\u200b, conversando y respondiendo las inquietudes que surjan.\u200b<\/p>\n<p>Ser\u00e1 en <strong>Grecia 3681 esquina Holanda<\/strong>.  <\/p>\n<p>Desde ya, los invitamos. <\/p>\n","protected":false},"excerpt":{"rendered":"<p>En el marco del ciclo \u00abLarra\u00f1aga y la gente, juntos\u00bb, el martes 21 de junio a las 18:30 horas, el senador Jorge Larra\u00f1aga estar\u00e1 en el Cerro de Montevideo, participando de una reuni\u00f3n con vecinos, comerciantes y referentes de la zona\u200b, conversando y respondiendo las inquietudes que surjan.\u200b Ser\u00e1 en Grecia 3681 esquina Holanda. Desde [&hellip;]<\/p>\n","protected":false},"author":1,"featured_media":28625,"comment_status":"open","ping_status":"open","sticky":false,"template":"","format":"standard","meta":{"footnotes":""},"categories":[4],"tags":[],"class_list":["post-28615","post","type-post","status-publish","format-standard","has-post-thumbnail","hentry","category-agenda"],"_links":{"self":[{"href":"https:\/\/alianzanacional.com.uy\/web\/wp-json\/wp\/v2\/posts\/28615","targetHints":{"allow":["GET"]}}],"collection":[{"href":"https:\/\/alianzanacional.com.uy\/web\/wp-json\/wp\/v2\/posts"}],"about":[{"href":"https:\/\/alianzanacional.com.uy\/web\/wp-json\/wp\/v2\/types\/post"}],"author":[{"embeddable":true,"href":"https:\/\/alianzanacional.com.uy\/web\/wp-json\/wp\/v2\/users\/1"}],"replies":[{"embeddable":true,"href":"https:\/\/alianzanacional.com.uy\/web\/wp-json\/wp\/v2\/comments?post=28615"}],"version-history":[{"count":3,"href":"https:\/\/alianzanacional.com.uy\/web\/wp-json\/wp\/v2\/posts\/28615\/revisions"}],"predecessor-version":[{"id":28626,"href":"https:\/\/alianzanacional.com.uy\/web\/wp-json\/wp\/v2\/posts\/28615\/revisions\/28626"}],"wp:featuredmedia":[{"embeddable":true,"href":"https:\/\/alianzanacional.com.uy\/web\/wp-json\/wp\/v2\/media\/28625"}],"wp:attachment":[{"href":"https:\/\/alianzanacional.com.uy\/web\/wp-json\/wp\/v2\/media?parent=28615"}],"wp:term":[{"taxonomy":"category","embeddable":true,"href":"https:\/\/alianzanacional.com.uy\/web\/wp-json\/wp\/v2\/categories?post=28615"},{"taxonomy":"post_tag","embeddable":true,"href":"https:\/\/alianzanacional.com.uy\/web\/wp-json\/wp\/v2\/tags?post=28615"}],"curies":[{"name":"wp","href":"https:\/\/api.w.org\/{rel}","templated":true}]}}