{"id":28647,"date":"2016-06-23T20:07:17","date_gmt":"2016-06-23T23:07:17","guid":{"rendered":"http:\/\/alianzanacional.com.uy\/web\/?p=28647"},"modified":"2016-06-24T10:09:40","modified_gmt":"2016-06-24T13:09:40","slug":"reforzar-el-estado-de-derecho-es-lo-que-nos-permitira-una-verdadera-lucha-contra-la-corrupcion","status":"publish","type":"post","link":"https:\/\/alianzanacional.com.uy\/web\/reforzar-el-estado-de-derecho-es-lo-que-nos-permitira-una-verdadera-lucha-contra-la-corrupcion\/","title":{"rendered":"\u201cReforzar el Estado de Derecho es lo que nos permitir\u00e1 una verdadera lucha contra la corrupci\u00f3n\u201d"},"content":{"rendered":"<p><a href=\"https:\/\/alianzanacional.com.uy\/web\/wp-content\/uploads\/2015\/03\/292817_20140610155217_iturralde2.jpg\"><img fetchpriority=\"high\" decoding=\"async\" src=\"https:\/\/alianzanacional.com.uy\/web\/wp-content\/uploads\/2015\/03\/292817_20140610155217_iturralde2-700x433.jpg\" alt=\"292817_20140610155217_iturralde2\" width=\"620\" height=\"384\" class=\"alignnone size-large wp-image-27094\" srcset=\"https:\/\/alianzanacional.com.uy\/web\/wp-content\/uploads\/2015\/03\/292817_20140610155217_iturralde2-700x433.jpg 700w, https:\/\/alianzanacional.com.uy\/web\/wp-content\/uploads\/2015\/03\/292817_20140610155217_iturralde2-400x247.jpg 400w, https:\/\/alianzanacional.com.uy\/web\/wp-content\/uploads\/2015\/03\/292817_20140610155217_iturralde2.jpg 760w\" sizes=\"(max-width: 620px) 100vw, 620px\" \/><\/a><\/p>\n<p>No llama la atenci\u00f3n que algunos sectores pol\u00edticos desprecien el Estado de Derecho y todo lo que este supone. Desde el momento en que en nuestro pa\u00eds hubo gobernantes que acu\u00f1aron la m\u00e1xima de que \u201clo pol\u00edtico est\u00e1 por encima de lo jur\u00eddico\u201d, no hay lugar a sorpresa.<\/p>\n<p>El estado de derecho es una forma de ser del Estado, es el resultado de una serie de principios que rigen la vida del colectivo. As\u00ed como las personas no modifican su forma de ser de un momento a otro, tampoco aquellos dejan de ser de derecho de un d\u00eda para el otro. Siempre se dijo que el ladr\u00f3n no comienza robando las joyas de la corona, sino que va desviando su conducta hasta llegar a la comisi\u00f3n del il\u00edcito.<\/p>\n<p>Es por eso que debemos estar en alerta frente a los desv\u00edos de las conductas de los gobernantes que van alej\u00e1ndonos del Estado de Derecho por m\u00e1s justificaciones que se pretendan argumentar para dichos desv\u00edos.<\/p>\n<p>En el Parlasur se plante\u00f3 la iniciativa, por parte de representantes kirchneristas, de destituir del mismo al ex Secretario de Obras P\u00fablicas del gobierno argentino, Jos\u00e9 L\u00f3pez quien fuera encontrado intentando esconder nueve millones de d\u00f3lares presuntamente producto de coimas y del esquema de corrupci\u00f3n que rigi\u00f3 durante los gobiernos del matrimonio Kirchner-Fern\u00e1ndez.<\/p>\n<p>La situaci\u00f3n de este dirigente kirchnerista, hombre de confianza del matrimonio K, integrante de los gobiernos provincial y nacional de N\u00e9stor Kirchner y secretario del gobierno de Cristina Fern\u00e1ndez, se encuentra sometido a la justicia de su pa\u00eds, la que deber\u00e1 determinar, luego de la investigaci\u00f3n pertinente, la existencia de delito, la responsabilidad de L\u00f3pez en el mismo y, eventualmente, la identidad de otros involucrados en las maniobras delictivas que se comprueben.<\/p>\n<p>A\u00fan cuando no podamos entenderlo, a\u00fan cuando no lo compartamos, a\u00fan cuando \u00edntimamente tengamos la convicci\u00f3n de la culpabilidad de L\u00f3pez y de muchos otros ex gobernantes argentinos que, aspiramos, resulten alcanzados por la justicia, a\u00fan cuando repudiemos con total firmeza cualquier forma de corrupci\u00f3n, el ex ministro de Cristina Fern\u00e1ndez todav\u00eda no es culpable de delito alguno. El debido proceso legal, la presunci\u00f3n de inocencia, el derecho a tener su d\u00eda ante los Tribunales, el derecho a la defensa, constituyen algunas de las bases del Estado de Derecho.<\/p>\n<p>As\u00ed, cuando las representaciones del kirchnerismo y del Frente Amplio en el Parlasur clamaron por la destituci\u00f3n de su compa\u00f1ero de ruta, de su hombre de confianza, de su correligionario y amigo, no quedaba claro el contenido del grito.<\/p>\n<p>\u00bfQu\u00e9 hab\u00eda detr\u00e1s del reclamo de crucificar a su compa\u00f1ero de ruta en el acto? No se estaba reclamando justicia, no se estaba reclamando la verdad, no se estaba defendiendo el Estado de Derecho. Se estaba pidiendo a gritos que no se investigara, se estaba pidiendo a gritos que se taparan con prontitud los presuntos delitos de su hombre de confianza, se estaba poniendo lo pol\u00edtico por sobre lo jur\u00eddico, se estaba hipotecando el Estado de Derecho.<\/p>\n<p>Para esos efectos, no cuentan ni contar\u00e1n nunca con el legislador que suscribe y ello no disminuye en nada mi m\u00e1s absoluto repudio a cualquier acto de corrupci\u00f3n y a los corruptos que llegan al poder y a ocupar cargos p\u00fablicos por el respaldo y la confianza de gobernantes que ya tendr\u00e1n que demostrar ante la justicia su inocencia.     \t \t\t\t\t\t\t\t\t\t\t<\/p>\n<p>DR. PABLO ITURRALDE<br \/>\nREPRESENTANTE NACIONAL<\/p>\n","protected":false},"excerpt":{"rendered":"<p>No llama la atenci\u00f3n que algunos sectores pol\u00edticos desprecien el Estado de Derecho y todo lo que este supone. Desde el momento en que en nuestro pa\u00eds hubo gobernantes que acu\u00f1aron la m\u00e1xima de que \u201clo pol\u00edtico est\u00e1 por encima de lo jur\u00eddico\u201d, no hay lugar a sorpresa. El estado de derecho es una forma [&hellip;]<\/p>\n","protected":false},"author":1,"featured_media":27094,"comment_status":"open","ping_status":"open","sticky":false,"template":"","format":"standard","meta":{"footnotes":""},"categories":[17],"tags":[],"class_list":["post-28647","post","type-post","status-publish","format-standard","has-post-thumbnail","hentry","category-columna"],"_links":{"self":[{"href":"https:\/\/alianzanacional.com.uy\/web\/wp-json\/wp\/v2\/posts\/28647","targetHints":{"allow":["GET"]}}],"collection":[{"href":"https:\/\/alianzanacional.com.uy\/web\/wp-json\/wp\/v2\/posts"}],"about":[{"href":"https:\/\/alianzanacional.com.uy\/web\/wp-json\/wp\/v2\/types\/post"}],"author":[{"embeddable":true,"href":"https:\/\/alianzanacional.com.uy\/web\/wp-json\/wp\/v2\/users\/1"}],"replies":[{"embeddable":true,"href":"https:\/\/alianzanacional.com.uy\/web\/wp-json\/wp\/v2\/comments?post=28647"}],"version-history":[{"count":1,"href":"https:\/\/alianzanacional.com.uy\/web\/wp-json\/wp\/v2\/posts\/28647\/revisions"}],"predecessor-version":[{"id":28648,"href":"https:\/\/alianzanacional.com.uy\/web\/wp-json\/wp\/v2\/posts\/28647\/revisions\/28648"}],"wp:featuredmedia":[{"embeddable":true,"href":"https:\/\/alianzanacional.com.uy\/web\/wp-json\/wp\/v2\/media\/27094"}],"wp:attachment":[{"href":"https:\/\/alianzanacional.com.uy\/web\/wp-json\/wp\/v2\/media?parent=28647"}],"wp:term":[{"taxonomy":"category","embeddable":true,"href":"https:\/\/alianzanacional.com.uy\/web\/wp-json\/wp\/v2\/categories?post=28647"},{"taxonomy":"post_tag","embeddable":true,"href":"https:\/\/alianzanacional.com.uy\/web\/wp-json\/wp\/v2\/tags?post=28647"}],"curies":[{"name":"wp","href":"https:\/\/api.w.org\/{rel}","templated":true}]}}