{"id":28649,"date":"2016-06-24T13:03:49","date_gmt":"2016-06-24T16:03:49","guid":{"rendered":"http:\/\/alianzanacional.com.uy\/web\/?p=28649"},"modified":"2016-06-24T13:03:49","modified_gmt":"2016-06-24T16:03:49","slug":"larranaga-en-san-jose","status":"publish","type":"post","link":"https:\/\/alianzanacional.com.uy\/web\/larranaga-en-san-jose\/","title":{"rendered":"Larra\u00f1aga en San Jos\u00e9"},"content":{"rendered":"<p><a href=\"https:\/\/alianzanacional.com.uy\/web\/wp-content\/uploads\/2016\/06\/matriz-gira-larra\u00f1agaSANJOSE.jpg\"><img fetchpriority=\"high\" decoding=\"async\" src=\"https:\/\/alianzanacional.com.uy\/web\/wp-content\/uploads\/2016\/06\/matriz-gira-larra\u00f1agaSANJOSE-700x394.jpg\" alt=\"matriz-gira-larra\u00f1agaSANJOSE\" width=\"620\" height=\"349\" class=\"alignnone size-large wp-image-28650\" srcset=\"https:\/\/alianzanacional.com.uy\/web\/wp-content\/uploads\/2016\/06\/matriz-gira-larra\u00f1agaSANJOSE-700x394.jpg 700w, https:\/\/alianzanacional.com.uy\/web\/wp-content\/uploads\/2016\/06\/matriz-gira-larra\u00f1agaSANJOSE-400x225.jpg 400w, https:\/\/alianzanacional.com.uy\/web\/wp-content\/uploads\/2016\/06\/matriz-gira-larra\u00f1agaSANJOSE-768x432.jpg 768w, https:\/\/alianzanacional.com.uy\/web\/wp-content\/uploads\/2016\/06\/matriz-gira-larra\u00f1agaSANJOSE.jpg 960w\" sizes=\"(max-width: 620px) 100vw, 620px\" \/><\/a> <\/p>\n<p>En el marco de la gira \u00abLarra\u00f1aga y la gente, juntos\u00bb, el l\u00edder de Alianza Nacional, Jorge Larra\u00f1aga, visitar\u00e1 durante la jornada de hoy el departamento de San Jos\u00e9, acompa\u00f1ado del Senador Carlos Daniel Camy .<\/p>\n<p>Los senadores realizar\u00e1n distintas actividades durante la jornada que incluye visitas a establecimientos lecheros, queser\u00edas artesanales y Municipios del departamento, finalizando con una reuni\u00f3n abierta con vecinos a las 18:30 horas en la sede de la Uni\u00f3n Ciclista Maragata.<\/p>\n<p>A las 18:00 horas se realizar\u00e1 una conferencia de prensa en las instalaciones del Hotel Centro.<\/p>\n","protected":false},"excerpt":{"rendered":"<p>En el marco de la gira \u00abLarra\u00f1aga y la gente, juntos\u00bb, el l\u00edder de Alianza Nacional, Jorge Larra\u00f1aga, visitar\u00e1 durante la jornada de hoy el departamento de San Jos\u00e9, acompa\u00f1ado del Senador Carlos Daniel Camy . Los senadores realizar\u00e1n distintas actividades durante la jornada que incluye visitas a establecimientos lecheros, queser\u00edas artesanales y Municipios del [&hellip;]<\/p>\n","protected":false},"author":1,"featured_media":28650,"comment_status":"open","ping_status":"open","sticky":false,"template":"","format":"standard","meta":{"footnotes":""},"categories":[4],"tags":[],"class_list":["post-28649","post","type-post","status-publish","format-standard","has-post-thumbnail","hentry","category-agenda"],"_links":{"self":[{"href":"https:\/\/alianzanacional.com.uy\/web\/wp-json\/wp\/v2\/posts\/28649","targetHints":{"allow":["GET"]}}],"collection":[{"href":"https:\/\/alianzanacional.com.uy\/web\/wp-json\/wp\/v2\/posts"}],"about":[{"href":"https:\/\/alianzanacional.com.uy\/web\/wp-json\/wp\/v2\/types\/post"}],"author":[{"embeddable":true,"href":"https:\/\/alianzanacional.com.uy\/web\/wp-json\/wp\/v2\/users\/1"}],"replies":[{"embeddable":true,"href":"https:\/\/alianzanacional.com.uy\/web\/wp-json\/wp\/v2\/comments?post=28649"}],"version-history":[{"count":2,"href":"https:\/\/alianzanacional.com.uy\/web\/wp-json\/wp\/v2\/posts\/28649\/revisions"}],"predecessor-version":[{"id":28652,"href":"https:\/\/alianzanacional.com.uy\/web\/wp-json\/wp\/v2\/posts\/28649\/revisions\/28652"}],"wp:featuredmedia":[{"embeddable":true,"href":"https:\/\/alianzanacional.com.uy\/web\/wp-json\/wp\/v2\/media\/28650"}],"wp:attachment":[{"href":"https:\/\/alianzanacional.com.uy\/web\/wp-json\/wp\/v2\/media?parent=28649"}],"wp:term":[{"taxonomy":"category","embeddable":true,"href":"https:\/\/alianzanacional.com.uy\/web\/wp-json\/wp\/v2\/categories?post=28649"},{"taxonomy":"post_tag","embeddable":true,"href":"https:\/\/alianzanacional.com.uy\/web\/wp-json\/wp\/v2\/tags?post=28649"}],"curies":[{"name":"wp","href":"https:\/\/api.w.org\/{rel}","templated":true}]}}